{"id":192600,"date":"2024-01-12T14:35:45","date_gmt":"2024-01-12T14:35:45","guid":{"rendered":"https:\/\/radiofenix.com.ar\/2023\/?p=192600"},"modified":"2024-01-12T14:35:47","modified_gmt":"2024-01-12T14:35:47","slug":"autoridades-del-dpto-san-cristobal-mantuvieron-una-importante-reunion-de-trabajo-en-el-ministerio-de-gobierno","status":"publish","type":"post","link":"https:\/\/radiofenix.com.ar\/2023\/autoridades-del-dpto-san-cristobal-mantuvieron-una-importante-reunion-de-trabajo-en-el-ministerio-de-gobierno\/","title":{"rendered":"Autoridades del Dpto. San Crist\u00f3bal mantuvieron una importante reuni\u00f3n de trabajo en el Ministerio de Gobierno"},"content":{"rendered":"\n<p>\u201cEl ministro y sus funcionarios siempre est\u00e1n prestos a dar soluciones claras y concretas\u201d<\/p>\n\n\n<figure class=\"wp-block-post-featured-image\"><img loading=\"lazy\" decoding=\"async\" width=\"1200\" height=\"720\" src=\"https:\/\/radiofenix.com.ar\/2023\/wp-content\/uploads\/2024\/01\/reunion-min-gobierno-2.jpg\" class=\"attachment-post-thumbnail size-post-thumbnail wp-post-image\" alt=\"\" style=\"object-fit:cover;\" srcset=\"https:\/\/radiofenix.com.ar\/2023\/wp-content\/uploads\/2024\/01\/reunion-min-gobierno-2.jpg 1200w, https:\/\/radiofenix.com.ar\/2023\/wp-content\/uploads\/2024\/01\/reunion-min-gobierno-2-300x180.jpg 300w, https:\/\/radiofenix.com.ar\/2023\/wp-content\/uploads\/2024\/01\/reunion-min-gobierno-2-1024x614.jpg 1024w, https:\/\/radiofenix.com.ar\/2023\/wp-content\/uploads\/2024\/01\/reunion-min-gobierno-2-768x461.jpg 768w\" sizes=\"auto, (max-width: 1200px) 100vw, 1200px\" \/><\/figure>\n\n\n<p>Finalizando un periplo de audiencias mantenidas este \u00faltimo jueves en ministerios provinciales, el Senador Felipe Michlig y el Diputado Marcelo Gonz\u00e1lez, junto a Intendentes y Presidentes Comunales del Departamento San Crist\u00f3bal se reunieron en Casa de Gobierno de la ciudad de Santa Fe con el Ministro Fabi\u00e1n Bastia y funcionarios de su dependencia.<\/p>\n\n\n\n<p>El Senador Michlig indic\u00f3 que \u201ca tan s\u00f3lo un mes de gesti\u00f3n, el ministro Bast\u00eda y todo su equipo ya est\u00e1n impuestos de todos los temas de la cartera y de su din\u00e1mica, siempre prestos a dar soluciones claras y concretas, que es lo que m\u00e1s necesitan los gobiernos locales. Agradecemos que -adem\u00e1s- a la reuni\u00f3n se hayan sumado los funcionarios que est\u00e1n al frente de los temas que m\u00e1s les interesan a los intendentes y Ptes. Comunales\u201d. Temas principales Durante la reuni\u00f3n tambi\u00e9n particip\u00f3 el Secretario de municipios y comunas Horacio Ciancio, con qui\u00e9n se repas\u00f3 todas las deudas atrasadas de la provincia con municipios y comunas, con el compromiso de \u201chacer un gran esfuerzo para comenzar a regularizarla\u201d. Asimismo, las autoridades ministeriales impusieron sobre los programas vigentes, otros proyectados y requisitorias pertinentes. Por otra parte, el Pte. Comunal de La Rubia firm\u00f3 un convenio en el marco del Plan Incluir 2022, con la presencia del Director a cargo, Marcelo Airaldo. Autoridades departamentales presentesAdem\u00e1s de los citados tambi\u00e9n estuvieron presentes los intendentes de Suardi y Ceres, Hugo Boscarol y Alejandra Dupouy -respectivamente-; los Presidentes Comunales: Dianela Michlig (Ambrosetti), Silvana Romero (Hersilia), Juan Cruz Dupuy (La Rubia), Carina Frank (Colonia 2 Rosas y la Legua), Gustavo Capella (Colonia Bossi), Marcelo Lind (Mois\u00e9s Ville), Lucas Bussi (Palacios), Marcelo Nari (Concejal de Suardi) y la coordinadora legislativa Soraya Pistochini.<\/p>\n\n\n\n<figure class=\"wp-block-gallery has-nested-images columns-default is-cropped wp-block-gallery-1 is-layout-flex wp-block-gallery-is-layout-flex\">\n<figure class=\"wp-block-image size-large\"><a href=\"https:\/\/radiofenix.com.ar\/2023\/wp-content\/uploads\/2024\/01\/felipe-bastia.jpg\"><img loading=\"lazy\" decoding=\"async\" width=\"1024\" height=\"614\" data-id=\"192602\" src=\"https:\/\/radiofenix.com.ar\/2023\/wp-content\/uploads\/2024\/01\/felipe-bastia-1024x614.jpg\" alt=\"\" class=\"wp-image-192602\" srcset=\"https:\/\/radiofenix.com.ar\/2023\/wp-content\/uploads\/2024\/01\/felipe-bastia-1024x614.jpg 1024w, https:\/\/radiofenix.com.ar\/2023\/wp-content\/uploads\/2024\/01\/felipe-bastia-300x180.jpg 300w, https:\/\/radiofenix.com.ar\/2023\/wp-content\/uploads\/2024\/01\/felipe-bastia-768x461.jpg 768w, https:\/\/radiofenix.com.ar\/2023\/wp-content\/uploads\/2024\/01\/felipe-bastia.jpg 1200w\" sizes=\"auto, (max-width: 1024px) 100vw, 1024px\" \/><\/a><\/figure>\n\n\n\n<figure class=\"wp-block-image size-large\"><a href=\"https:\/\/radiofenix.com.ar\/2023\/wp-content\/uploads\/2024\/01\/reunion-min-gobierno-1.jpg\"><img loading=\"lazy\" decoding=\"async\" width=\"1024\" height=\"614\" data-id=\"192603\" src=\"https:\/\/radiofenix.com.ar\/2023\/wp-content\/uploads\/2024\/01\/reunion-min-gobierno-1-1024x614.jpg\" alt=\"\" class=\"wp-image-192603\" srcset=\"https:\/\/radiofenix.com.ar\/2023\/wp-content\/uploads\/2024\/01\/reunion-min-gobierno-1-1024x614.jpg 1024w, https:\/\/radiofenix.com.ar\/2023\/wp-content\/uploads\/2024\/01\/reunion-min-gobierno-1-300x180.jpg 300w, https:\/\/radiofenix.com.ar\/2023\/wp-content\/uploads\/2024\/01\/reunion-min-gobierno-1-768x461.jpg 768w, https:\/\/radiofenix.com.ar\/2023\/wp-content\/uploads\/2024\/01\/reunion-min-gobierno-1.jpg 1200w\" sizes=\"auto, (max-width: 1024px) 100vw, 1024px\" \/><\/a><\/figure>\n<\/figure>\n","protected":false},"excerpt":{"rendered":"<p>\u201cEl ministro y sus funcionarios siempre est\u00e1n prestos a dar soluciones claras y concretas\u201d Finalizando&#8230;<\/p>\n","protected":false},"author":3,"featured_media":192601,"comment_status":"open","ping_status":"open","sticky":true,"template":"","format":"standard","meta":{"footnotes":""},"categories":[12,2,6],"tags":[22,57,118,119,25,26],"class_list":["post-192600","post","type-post","status-publish","format-standard","has-post-thumbnail","hentry","category-destacado","category-politica","category-ultimasnoticias","tag-felipe-michlig","tag-marcelo-gonzalez","tag-maximiliano-pullaro","tag-provincia-de-santa-fe","tag-san-cristobal-2","tag-senadores"],"featured_image_urls":{"full":["https:\/\/radiofenix.com.ar\/2023\/wp-content\/uploads\/2024\/01\/reunion-min-gobierno-2.jpg",1200,720,false],"thumbnail":["https:\/\/radiofenix.com.ar\/2023\/wp-content\/uploads\/2024\/01\/reunion-min-gobierno-2-150x150.jpg",150,150,true],"medium":["https:\/\/radiofenix.com.ar\/2023\/wp-content\/uploads\/2024\/01\/reunion-min-gobierno-2-300x180.jpg",300,180,true],"medium_large":["https:\/\/radiofenix.com.ar\/2023\/wp-content\/uploads\/2024\/01\/reunion-min-gobierno-2-768x461.jpg",640,384,true],"large":["https:\/\/radiofenix.com.ar\/2023\/wp-content\/uploads\/2024\/01\/reunion-min-gobierno-2-1024x614.jpg",640,384,true],"1536x1536":["https:\/\/radiofenix.com.ar\/2023\/wp-content\/uploads\/2024\/01\/reunion-min-gobierno-2.jpg",1200,720,false],"2048x2048":["https:\/\/radiofenix.com.ar\/2023\/wp-content\/uploads\/2024\/01\/reunion-min-gobierno-2.jpg",1200,720,false],"newsium-slider-full":["https:\/\/radiofenix.com.ar\/2023\/wp-content\/uploads\/2024\/01\/reunion-min-gobierno-2.jpg",1200,720,false],"newsium-featured":["https:\/\/radiofenix.com.ar\/2023\/wp-content\/uploads\/2024\/01\/reunion-min-gobierno-2-1024x614.jpg",1024,614,true],"newsium-medium":["https:\/\/radiofenix.com.ar\/2023\/wp-content\/uploads\/2024\/01\/reunion-min-gobierno-2-720x475.jpg",720,475,true]},"author_info":{"info":["Radio Fenix"]},"category_info":"<a href=\"https:\/\/radiofenix.com.ar\/2023\/category\/destacado\/\" rel=\"category tag\">Destacado<\/a> <a href=\"https:\/\/radiofenix.com.ar\/2023\/category\/politica\/\" rel=\"category tag\">Pol\u00edtica<\/a> <a href=\"https:\/\/radiofenix.com.ar\/2023\/category\/ultimasnoticias\/\" rel=\"category tag\">Ultimas Noticias<\/a>","tag_info":"Ultimas Noticias","comment_count":"0","_links":{"self":[{"href":"https:\/\/radiofenix.com.ar\/2023\/wp-json\/wp\/v2\/posts\/192600","targetHints":{"allow":["GET"]}}],"collection":[{"href":"https:\/\/radiofenix.com.ar\/2023\/wp-json\/wp\/v2\/posts"}],"about":[{"href":"https:\/\/radiofenix.com.ar\/2023\/wp-json\/wp\/v2\/types\/post"}],"author":[{"embeddable":true,"href":"https:\/\/radiofenix.com.ar\/2023\/wp-json\/wp\/v2\/users\/3"}],"replies":[{"embeddable":true,"href":"https:\/\/radiofenix.com.ar\/2023\/wp-json\/wp\/v2\/comments?post=192600"}],"version-history":[{"count":1,"href":"https:\/\/radiofenix.com.ar\/2023\/wp-json\/wp\/v2\/posts\/192600\/revisions"}],"predecessor-version":[{"id":192604,"href":"https:\/\/radiofenix.com.ar\/2023\/wp-json\/wp\/v2\/posts\/192600\/revisions\/192604"}],"wp:featuredmedia":[{"embeddable":true,"href":"https:\/\/radiofenix.com.ar\/2023\/wp-json\/wp\/v2\/media\/192601"}],"wp:attachment":[{"href":"https:\/\/radiofenix.com.ar\/2023\/wp-json\/wp\/v2\/media?parent=192600"}],"wp:term":[{"taxonomy":"category","embeddable":true,"href":"https:\/\/radiofenix.com.ar\/2023\/wp-json\/wp\/v2\/categories?post=192600"},{"taxonomy":"post_tag","embeddable":true,"href":"https:\/\/radiofenix.com.ar\/2023\/wp-json\/wp\/v2\/tags?post=192600"}],"curies":[{"name":"wp","href":"https:\/\/api.w.org\/{rel}","templated":true}]}}