{"id":192624,"date":"2024-01-14T08:57:34","date_gmt":"2024-01-14T08:57:34","guid":{"rendered":"https:\/\/radiofenix.com.ar\/2023\/rigen-alertas-de-nivel-amarillo-por-tormentas-en-cordoba-san-luis-y-la-pampa\/"},"modified":"2024-01-14T08:57:34","modified_gmt":"2024-01-14T08:57:34","slug":"rigen-alertas-de-nivel-amarillo-por-tormentas-en-cordoba-san-luis-y-la-pampa","status":"publish","type":"post","link":"https:\/\/radiofenix.com.ar\/2023\/rigen-alertas-de-nivel-amarillo-por-tormentas-en-cordoba-san-luis-y-la-pampa\/","title":{"rendered":"Rigen alertas de nivel amarillo por tormentas en C\u00f3rdoba, San Luis y La Pampa"},"content":{"rendered":"<div>\n<figure class=\"mb-3\"><img decoding=\"async\" src=\"https:\/\/www.telam.com.ar\/thumbs\/bluesteel\/advf\/imagenes\/2022\/03\/6225fc1568137_1200.jpg\" class=\" lazy \" width=\"100%\" height=\"100%\" alt=\"Alertas por tormentas para sectores de Mendoza San Luis la provincia de Buenos Aires Crdoba y La Pampa\"\/><figcaption> Alertas por tormentas para sectores de Mendoza, San Luis, la provincia de Buenos Aires, C\u00f3rdoba y La Pampa. <\/figcaption><\/figure>\n<p> El Servicio Meteorol\u00f3gico Nacional (SMN) emiti\u00f3 este s\u00e1bado alertas de nivel amarillo por tormentas para sectores de Mendoza, San Luis, la provincia de Buenos Aires, C\u00f3rdoba y La Pampa, a la vez que rigen otros por viento Zonda para Mendoza y vientos para Neuqu\u00e9n, Chubut, R\u00edo Negro, noroeste de Santa Cruz y la costa sur de Santa Cruz y Tierra del Fuego.<\/p>\n<p>Bajo <strong>alerta por tormentas <\/strong>se encuentra la <strong>provincia de Buenos de Buenos Aires<\/strong>, a excepci\u00f3n del norte y sur, en localidades como General Alvear, General Belgrano, General Paz, Las Flores, Lobos, Monte, Navarro, Roque P\u00e9rez, Saladillo, zona serrana de Benito Ju\u00e1rez, de Lober\u00eda, de Necochea y de Tandil.<\/p>\n<p>El alerta tambi\u00e9n se extend\u00eda al sur de <strong>C\u00f3rdoba<\/strong>, en Ju\u00e1rez Celman, zona baja de R\u00edo Cuarto, General Roca y Presidente Roque S\u00e1enz Pe\u00f1a.<\/p>\n<p>Tambi\u00e9n habr\u00e1 tormentas en gran parte de la provincia de <strong>San Luis<\/strong>; en el norte de <strong>La Pampa<\/strong>, en localidades como Chapaleuf\u00fa, Marac\u00f3, Rancul, Realic\u00f3 y Trenel; y el noreste de <strong>Mendoza<\/strong>.<\/p>\n<p>\u00abLas \u00e1reas mencionadas ser\u00e1n afectadas por tormentas, algunas localmente fuertes, que estar\u00e1n acompa\u00f1adas por r\u00e1fagas intensas, fuerte actividad el\u00e9ctrica, ocasional ca\u00edda de granizo y abundante ca\u00edda de agua en cortos per\u00edodos\u00bb, indic\u00f3 el organismo.<\/p>\n<p>Se estiman valores de precipitaci\u00f3n acumulada entre 20 y 60 mil\u00edmetros (mm), pudiendo ser superados en forma puntual, inform\u00f3 el organismo meteorol\u00f3gico.<\/p>\n<p>Por el alerta amarillo, el SMN recomend\u00f3 a la poblaci\u00f3n no sacar la basura; retirar objetos que impidan que el agua escurra; evitar actividades al aire libre; no refugiarse cerca de \u00e1rboles y postes de electricidad que puedan caerse; no permanecer en playas, r\u00edos, lagunas o piletas para minimizar el riesgo de ser alcanzado por un rayo y prestar atenci\u00f3n ante la posible ca\u00edda de granizo.<\/p>\n<h2 class=\"\">Alertas por vientos<\/h2>\n<p> El sureste mendocino tiene previsto un alerta amarillo por <strong>viento zonda<\/strong> en la zona baja de <strong>Malarg\u00fce<\/strong>, lo que implicar\u00e1 vientos de velocidades entre 30 y 50 kil\u00f3metros por hora, y<strong> r\u00e1fagas de hasta 70 kil\u00f3metros por hora<\/strong>, pudiendo ser superados en forma local.<\/p>\n<p>Seg\u00fan inform\u00f3 el SMN, \u00abdicho fen\u00f3meno puede provocar reducci\u00f3n de la visibilidad, un aumento de temperaturas repentino y condiciones de humedad relativa muy baja\u00bb.<\/p>\n<p>Otras provincias con alerta amarillo por vientos son <strong>Neuqu\u00e9n<\/strong>, a excepci\u00f3n del oeste y este; <strong>Chubut<\/strong>; noroeste de<strong> Santa Cruz<\/strong>, en localidades como en las Cordilleras de Lago Buenos Aires y de R\u00edo Chico.<\/p>\n<p>Las \u00e1reas ser\u00e1s tendr\u00e1n vientos del oeste o sudoeste con velocidades entre 50 y 75 kil\u00f3metros por hora, y r\u00e1fagas que pueden alcanzar los 100. Las intensidades m\u00e1s fuertes se prev\u00e9n sobre el sur y oeste de <strong>Santa Cruz<\/strong> y la zona costera sur de esa provincia, G\u00fcer Aike.<\/p>\n<p>El \u00e1rea ser\u00e1 afectada por vientos del sudoeste con velocidades entre 50 y 75 kil\u00f3metros por hora y <strong>r\u00e1fagas que pueden alcanzar los 100 kil\u00f3metros por hora<\/strong>, y aclar\u00f3 que las velocidades m\u00e1s fuertes se prev\u00e9n sobre el sur y oeste de Santa Cruz, por lo que el organismo recomend\u00f3 evitar actividades al aire libre y asegurar los elementos que puedan volarse.<\/p>\n<p>El nivel amarillo implica \u00abposibles fen\u00f3menos meteorol\u00f3gicos con capacidad de da\u00f1o y riesgo de interrupci\u00f3n moment\u00e1nea de actividades cotidianas\u00bb, indic\u00f3 el SMN. <\/p>\n<\/div>\n<p><script async defer crossorigin=\"anonymous\" src=\"https:\/\/connect.facebook.net\/es_LA\/sdk.js#xfbml=1&#038;version=v12.0\" nonce=\"SBlHQzIF\"><\/script><br \/><a href=\"https:\/\/www.telam.com.ar\/notas\/202401\/652394-alertas-tormentas-provincias.html\">source<\/a><\/p>\n","protected":false},"excerpt":{"rendered":"<p>Alertas por tormentas para sectores de Mendoza, San Luis, la provincia de Buenos Aires, C\u00f3rdoba&#8230;<\/p>\n","protected":false},"author":0,"featured_media":192625,"comment_status":"open","ping_status":"open","sticky":false,"template":"","format":"standard","meta":{"footnotes":""},"categories":[7],"tags":[],"class_list":["post-192624","post","type-post","status-publish","format-standard","has-post-thumbnail","hentry","category-sociedad"],"featured_image_urls":{"full":["https:\/\/radiofenix.com.ar\/2023\/wp-content\/uploads\/2024\/01\/wp-header-logo-115.png",1200,675,false],"thumbnail":["https:\/\/radiofenix.com.ar\/2023\/wp-content\/uploads\/2024\/01\/wp-header-logo-115-150x150.png",150,150,true],"medium":["https:\/\/radiofenix.com.ar\/2023\/wp-content\/uploads\/2024\/01\/wp-header-logo-115-300x169.png",300,169,true],"medium_large":["https:\/\/radiofenix.com.ar\/2023\/wp-content\/uploads\/2024\/01\/wp-header-logo-115-768x432.png",640,360,true],"large":["https:\/\/radiofenix.com.ar\/2023\/wp-content\/uploads\/2024\/01\/wp-header-logo-115-1024x576.png",640,360,true],"1536x1536":["https:\/\/radiofenix.com.ar\/2023\/wp-content\/uploads\/2024\/01\/wp-header-logo-115.png",1200,675,false],"2048x2048":["https:\/\/radiofenix.com.ar\/2023\/wp-content\/uploads\/2024\/01\/wp-header-logo-115.png",1200,675,false],"newsium-slider-full":["https:\/\/radiofenix.com.ar\/2023\/wp-content\/uploads\/2024\/01\/wp-header-logo-115.png",1200,675,false],"newsium-featured":["https:\/\/radiofenix.com.ar\/2023\/wp-content\/uploads\/2024\/01\/wp-header-logo-115-1024x576.png",1024,576,true],"newsium-medium":["https:\/\/radiofenix.com.ar\/2023\/wp-content\/uploads\/2024\/01\/wp-header-logo-115-720x475.png",720,475,true]},"author_info":{"info":[""]},"category_info":"<a href=\"https:\/\/radiofenix.com.ar\/2023\/category\/sociedad\/\" rel=\"category tag\">Sociedad<\/a>","tag_info":"Sociedad","comment_count":"0","_links":{"self":[{"href":"https:\/\/radiofenix.com.ar\/2023\/wp-json\/wp\/v2\/posts\/192624","targetHints":{"allow":["GET"]}}],"collection":[{"href":"https:\/\/radiofenix.com.ar\/2023\/wp-json\/wp\/v2\/posts"}],"about":[{"href":"https:\/\/radiofenix.com.ar\/2023\/wp-json\/wp\/v2\/types\/post"}],"replies":[{"embeddable":true,"href":"https:\/\/radiofenix.com.ar\/2023\/wp-json\/wp\/v2\/comments?post=192624"}],"version-history":[{"count":0,"href":"https:\/\/radiofenix.com.ar\/2023\/wp-json\/wp\/v2\/posts\/192624\/revisions"}],"wp:featuredmedia":[{"embeddable":true,"href":"https:\/\/radiofenix.com.ar\/2023\/wp-json\/wp\/v2\/media\/192625"}],"wp:attachment":[{"href":"https:\/\/radiofenix.com.ar\/2023\/wp-json\/wp\/v2\/media?parent=192624"}],"wp:term":[{"taxonomy":"category","embeddable":true,"href":"https:\/\/radiofenix.com.ar\/2023\/wp-json\/wp\/v2\/categories?post=192624"},{"taxonomy":"post_tag","embeddable":true,"href":"https:\/\/radiofenix.com.ar\/2023\/wp-json\/wp\/v2\/tags?post=192624"}],"curies":[{"name":"wp","href":"https:\/\/api.w.org\/{rel}","templated":true}]}}