{"id":192634,"date":"2024-01-14T08:57:45","date_gmt":"2024-01-14T08:57:45","guid":{"rendered":"https:\/\/radiofenix.com.ar\/2023\/lla-confia-en-que-conseguira-las-adhesiones-de-la-ucr-para-aprobar-la-ley-bases\/"},"modified":"2024-01-14T08:57:45","modified_gmt":"2024-01-14T08:57:45","slug":"lla-confia-en-que-conseguira-las-adhesiones-de-la-ucr-para-aprobar-la-ley-bases","status":"publish","type":"post","link":"https:\/\/radiofenix.com.ar\/2023\/lla-confia-en-que-conseguira-las-adhesiones-de-la-ucr-para-aprobar-la-ley-bases\/","title":{"rendered":"LLA conf\u00eda en que conseguir\u00e1 las adhesiones de la UCR para aprobar la Ley &quot;Bases&quot;"},"content":{"rendered":"<div>\n<figure class=\"mb-3\"><img decoding=\"async\" src=\"https:\/\/www.telam.com.ar\/thumbs\/bluesteel\/advf\/imagenes\/2024\/01\/65a04b44cec26_1200.jpg\" class=\" lazy \" width=\"100%\" height=\"100%\" alt=\"Foto Ral Ferrari\"\/><figcaption> Foto: Ra\u00fal Ferrari. <\/figcaption><\/figure>\n<p> Referentes parlamentarios de La Libertad Avanza (LLA) se muestran <strong>optimistas de cara a una semana que ser\u00e1 clave para el tratamiento del proyecto de Ley de \u00abBases y Puntos de Partida para la Libertad de los Argentinos\u00bb <\/strong>en la <a href=\"https:\/\/www.telam.com.ar\/notas\/202401\/652326-martin-menem-ley-bases-diputados.html\" target=\"_blank\" rel=\"noopener\">C\u00e1mara de Diputados<\/a>, y estiman que pueden sumar adhesiones de la UCR para apoyar la iniciativa si se producen algunas \u00abmodificaciones\u00bb.<\/p>\n<p>\u00abSigue sin haber una persona definida como tal que est\u00e9 llevando adelante las conversaciones extrapartidarias, pero haber llevado a los ministros y dar explicaciones ha sacado todas las dudas que hab\u00eda. <strong>Creemos que la ley saldr\u00e1 con modificaciones<\/strong>\u00ab, afirm\u00f3 a T\u00e9lam una fuente allegada al bloque de LLA.<\/p>\n<p>En este sentido, desde el oficialismo tambi\u00e9n aseguraron que<strong> \u00abel radicalismo afloj\u00f3\u00bb porque \u00abnadie quiere tener a (el presidente) Javier Milei en contra\u00bb<\/strong> porque el mandatario conserva \u00ablegitimidad popular\u00bb.<\/p>\n<p>El propio Presidente repiti\u00f3, lo que desde su circulo m\u00e1s cercano sostienen, y es que \u00abest\u00e1 fuerte en las encuestas\u00bb de opini\u00f3n, pese a los <a href=\"https:\/\/www.telam.com.ar\/notas\/202401\/652235-inflacion-diciembre-2023-indec.html\" target=\"_blank\" rel=\"noopener\">aumentos de precios que se verifican a diario<\/a>.<\/p>\n<p><figure class=\"mb-3\"><img decoding=\"async\" src=\"https:\/\/www.telam.com.ar\/thumbs\/bluesteel\/advf\/imagenes\/2024\/01\/659da52487904.01.2024%20foto%20eliana%20obregon_1200.jpg\" class=\" lazy \" width=\"100%\" height=\"100%\" alt=\"Foto Eliana Obregn\"\/><figcaption> Foto: Eliana Obreg\u00f3n. <\/figcaption><\/figure>\n<p>Adem\u00e1s, agregaron que ciertos sectores dentro del hist\u00f3rico partido centenario<strong> \u00abno quieren quedar pegados votando a la par del kirchnerismo\u00bb <\/strong>en un rechazo al proyecto de la Ley \u00abBases\u00bb<\/p>\n<p>\u00abSe abri\u00f3 (la Ley) a modificaciones y se hizo en un \u00e1mbito democr\u00e1tico en el cual todos pudieron preguntar\u00bb, se\u00f1alaron desde el espacio en referencia a los debates que esta semana se dieron sobre el proyecto en el plenario de comisiones de la C\u00e1mara de Diputados.<\/p>\n<p>Despu\u00e9s de asumir el 10 de diciembre, <strong>LLA comenz\u00f3 a calificar como \u00abkirchnerismo\u00bb a todos los espacios que integran Uni\u00f3n por la Patria (UxP), y a pesar de la poca experiencia legislativa con la que contaban sus legisladores, el espacio que lidera Milei parece tener \u00e9xito en su estrategia de dejar aislada a esa fuerza opositora, que es la primera minor\u00eda en ambas c\u00e1maras del Congreso.<\/strong><\/p>\n<p>Para el oficialismo, la concurrencia de los ministros al plenario de comisiones de Diputados se dio en el marco de un proceso democr\u00e1tico que avala las reformas propuesta por el Poder Ejecutivo.<\/p>\n<p><figure class=\"mb-3\"><img decoding=\"async\" src=\"https:\/\/www.telam.com.ar\/thumbs\/bluesteel\/advf\/imagenes\/2024\/01\/65a04b44ae59f_1200.jpg\" class=\" lazy \" width=\"100%\" height=\"100%\" alt=\"Foto Ral Ferrari\"\/><figcaption> Foto: Ra\u00fal Ferrari. <\/figcaption><\/figure>\n<p>Esta semana, <a href=\"https:\/\/www.telam.com.ar\/notas\/202401\/652384-ley-omnibus-diputados-debate.html\" target=\"_blank\" rel=\"noopener\">desfilaron en diputados distintos funcionarios del gobierno<\/a>, entre ellos: el ministro del Interior Guillermo Francos; el ministro de Infraestructura, <strong>Guillermo Ferraro<\/strong>; el Procurador del Tesoro de la Naci\u00f3n, <strong>Rodolfo Barra<\/strong>; el secretario de Educaci\u00f3n <strong>Carlos Torrendell<\/strong>; de Ni\u00f1ez y Familia <strong>Pablo de la Torre<\/strong>; de Industria y Desarrollo<strong> Juan Paso<\/strong>; de Finanzas <strong>Pablo Quirno<\/strong> y de Comercio <strong>Pablo Lavigne<\/strong>.<\/p>\n<p>El diputado nacional del monobloque de Avanza Libertad y presidente de la Comisi\u00f3n de Presupuesto de la C\u00e1mara baja, <strong>Jos\u00e9 Luis Espert<\/strong>, asegur\u00f3 el jueves que \u00abestar\u00eda contento\u00bb si para fines de mes se alcanza en el cuerpo la media sanci\u00f3n del proyecto, y estim\u00f3 que la iniciativa no sufrir\u00e1 \u00abcambios que alteren su esp\u00edritu\u00bb.<\/p>\n<p>\u00abMe sentir\u00eda contento por la seriedad del proyecto, pero peco de conservador. Estamos a 11 de enero. <strong>Estar\u00eda contento si logr\u00e1ramos tener la media sanci\u00f3n antes de fin de mes. Estamos debatiendo 664 art\u00edculos y este es un cambio profund\u00edsimo para la Argentina. Creo que el pa\u00eds necesita cuanto antes tener esta Ley<\/strong>\u00ab, indic\u00f3 Espert en declaraciones para Radio Rivadavia.<\/p>\n<p>Paralelamente, la aprobaci\u00f3n del decreto de necesidad y urgencia <strong>(DNU) 70\/2023<\/strong>, dictado por el Poder Ejecutivo para desregular la econom\u00eda y la legislaci\u00f3n laboral, es otro cantar en materia legislativa, y desde el espacio gobernante advirtieron que su aprobaci\u00f3n \u00abse va a definir en la Justicia\u00bb, donde se concedieron <a href=\"https:\/\/www.telam.com.ar\/notas\/202401\/652297-la-justicia-avalo-dos-nuevas-cautelares-contra-el-capitulo-laboral-del-dnu.html\" target=\"_blank\" rel=\"noopener\">varias medidas cautelares<\/a> contra la aplicaci\u00f3n de esta normativa.<\/p>\n<p><figure class=\"mb-3\"><img decoding=\"async\" src=\"https:\/\/www.telam.com.ar\/thumbs\/bluesteel\/advf\/imagenes\/2024\/01\/659efab80a9cb.01.2024%20foto%20florencia%20downes_1200.jpg\" class=\" lazy \" width=\"100%\" height=\"100%\" alt=\"Foto Florencia Downes\"\/><figcaption> Foto: Florencia Downes. <\/figcaption><\/figure>\n<p>Esta semana se concretaron un total de <strong>cinco presentaciones cautelares que fueron dadas a lugar por la jueza de la C\u00e1mara de Trabajo Silvia Garzini.<\/strong><\/p>\n<p>El 4 de enero la C\u00e1mara Nacional de Apelaciones del Trabajo dict\u00f3 la <strong>primera cautelar<\/strong> que orden\u00f3 la suspensi\u00f3n de la reforma laboral incluida en el DNU: luego hubo otros cuatro cautelares m\u00e1s -dictadas por tribunales de primera y segunda instancia, seg\u00fan cada caso- entre las que se encuentra la lograda por la Central de Trabajadores de la Argentina (<strong>CTA<\/strong>).<\/p>\n<p>Barra present\u00f3 este viernes un <strong>recurso extraordinario ante la C\u00e1mara Nacional de Apelaciones del Trabajo contra la cautelar que suspendi\u00f3 la aplicaci\u00f3n del cap\u00edtulo laboral del DNU, con el objetivo de que <a href=\"https:\/\/www.telam.com.ar\/notas\/202401\/652388-gobierno-nacional-decreto-dnu-corte-fallo.html\" target=\"_blank\" rel=\"noopener\">la Corte Suprema de Justicia tome intervenci\u00f3n en el caso<\/a>.<\/strong><\/p>\n<p>La presentaci\u00f3n, que hasta \u00faltima hora del viernes no estaba despachada en el sistema inform\u00e1tico del Poder Judicial, fue confirmada a T\u00e9lam por fuentes oficiales que aclararon que \u00abel recurso va dirigido a la Corte, pero se presenta en la C\u00e1mara del Trabajo\u00bb.<\/p>\n<p><figure class=\"mb-3\"><img decoding=\"async\" src=\"https:\/\/www.telam.com.ar\/thumbs\/bluesteel\/advf\/imagenes\/2024\/01\/659db1f1ec0e4_1200.jpg\" class=\" lazy \" width=\"100%\" height=\"100%\" alt=\"Foto Cris Sille\"\/><figcaption> Foto: Cris Sille. <\/figcaption><\/figure>\n<p>El recurso elaborado por los abogados de la Procuraci\u00f3n del Tesoro de la Naci\u00f3n tiene por objetivo llegar al m\u00e1ximo tribunal en busca de revertir el fallo de la c\u00e1mara de apelaciones del fuero laboral que, ante una presentaci\u00f3n de la Confederaci\u00f3n General del Trabajo (CGT), dispuso la suspensi\u00f3n provisoria del cap\u00edtulo laboral del DNU.<\/p>\n<p>Se trata de un recurso extraordinario para que la C\u00e1mara habilite la v\u00eda hacia la Corte; aunque<strong> si eso no ocurre el Gobierno podr\u00e1 recurrir a una queja para llegar al m\u00e1ximo tribunal<\/strong>, se\u00f1alaron las fuentes consultadas.<\/p>\n<p>En este contexto, desde LLA, algunas voces <strong>admiten que la suerte del DNU se definir\u00e1 \u00abm\u00e1s por el lado de la Justicia\u00bb que \u00abpor lo que suceda en el Congreso.<\/strong><\/p>\n<p>Por otra parte, sobre la denominada por la oposici\u00f3n \u00abley \u00f3mnibus\u00bb los voceros oficialista consultados por esta agencia reiteraron estar <strong>confiados en que se debatir\u00e1 en Diputados entre el 24 y el 25 de enero<\/strong>.<\/p>\n<p><figure class=\"mb-3\"><img decoding=\"async\" src=\"https:\/\/www.telam.com.ar\/thumbs\/bluesteel\/advf\/imagenes\/2024\/01\/659d8d5647469.01.2024%20foto%20eliana%20obregon_1200.jpg\" class=\" lazy \" width=\"100%\" height=\"100%\" alt=\"Foto Eliana Obregn\"\/><figcaption> Foto: Eliana Obreg\u00f3n. <\/figcaption><\/figure>\n<p>A\u00fan as\u00ed, lo ideal ser\u00eda que \u00abno coincida\u00bb con la fecha del <a href=\"https:\/\/www.telam.com.ar\/notas\/202401\/652310-moyano-cgt-muro-contencion-trabajadores.html\" target=\"_blank\" rel=\"noopener\">paro y movilizaci\u00f3n organizado por la CGT, que se concretar\u00e1 el 24<\/a>.<\/p>\n<p>Desde el gobierno nacional, el ministro del Interior Guillermo Francos declar\u00f3 esta semana que lo mejor ser\u00eda que la medida de fuerza de la CGT no se produjera, pero aclar\u00f3 que los integrantes de la central obrera \u00abestaban en su derecho\u00bb de convocar a una huelga.<\/p>\n<\/p><\/div>\n<p><script async defer crossorigin=\"anonymous\" src=\"https:\/\/connect.facebook.net\/es_LA\/sdk.js#xfbml=1&#038;version=v12.0\" nonce=\"SBlHQzIF\"><\/script><br \/><a href=\"https:\/\/www.telam.com.ar\/notas\/202401\/652417-gobierno-ley-bases-congreso-ucr.html\">source<\/a><\/p>\n","protected":false},"excerpt":{"rendered":"<p>Foto: Ra\u00fal Ferrari. Referentes parlamentarios de La Libertad Avanza (LLA) se muestran optimistas de cara&#8230;<\/p>\n","protected":false},"author":2,"featured_media":192635,"comment_status":"open","ping_status":"open","sticky":false,"template":"","format":"standard","meta":{"footnotes":""},"categories":[6],"tags":[],"class_list":["post-192634","post","type-post","status-publish","format-standard","has-post-thumbnail","hentry","category-ultimasnoticias"],"featured_image_urls":{"full":["https:\/\/radiofenix.com.ar\/2023\/wp-content\/uploads\/2024\/01\/wp-header-logo-120.png",1200,675,false],"thumbnail":["https:\/\/radiofenix.com.ar\/2023\/wp-content\/uploads\/2024\/01\/wp-header-logo-120-150x150.png",150,150,true],"medium":["https:\/\/radiofenix.com.ar\/2023\/wp-content\/uploads\/2024\/01\/wp-header-logo-120-300x169.png",300,169,true],"medium_large":["https:\/\/radiofenix.com.ar\/2023\/wp-content\/uploads\/2024\/01\/wp-header-logo-120-768x432.png",640,360,true],"large":["https:\/\/radiofenix.com.ar\/2023\/wp-content\/uploads\/2024\/01\/wp-header-logo-120-1024x576.png",640,360,true],"1536x1536":["https:\/\/radiofenix.com.ar\/2023\/wp-content\/uploads\/2024\/01\/wp-header-logo-120.png",1200,675,false],"2048x2048":["https:\/\/radiofenix.com.ar\/2023\/wp-content\/uploads\/2024\/01\/wp-header-logo-120.png",1200,675,false],"newsium-slider-full":["https:\/\/radiofenix.com.ar\/2023\/wp-content\/uploads\/2024\/01\/wp-header-logo-120.png",1200,675,false],"newsium-featured":["https:\/\/radiofenix.com.ar\/2023\/wp-content\/uploads\/2024\/01\/wp-header-logo-120-1024x576.png",1024,576,true],"newsium-medium":["https:\/\/radiofenix.com.ar\/2023\/wp-content\/uploads\/2024\/01\/wp-header-logo-120-720x475.png",720,475,true]},"author_info":{"info":["c1500921"]},"category_info":"<a href=\"https:\/\/radiofenix.com.ar\/2023\/category\/ultimasnoticias\/\" rel=\"category tag\">Ultimas Noticias<\/a>","tag_info":"Ultimas Noticias","comment_count":"0","_links":{"self":[{"href":"https:\/\/radiofenix.com.ar\/2023\/wp-json\/wp\/v2\/posts\/192634","targetHints":{"allow":["GET"]}}],"collection":[{"href":"https:\/\/radiofenix.com.ar\/2023\/wp-json\/wp\/v2\/posts"}],"about":[{"href":"https:\/\/radiofenix.com.ar\/2023\/wp-json\/wp\/v2\/types\/post"}],"author":[{"embeddable":true,"href":"https:\/\/radiofenix.com.ar\/2023\/wp-json\/wp\/v2\/users\/2"}],"replies":[{"embeddable":true,"href":"https:\/\/radiofenix.com.ar\/2023\/wp-json\/wp\/v2\/comments?post=192634"}],"version-history":[{"count":0,"href":"https:\/\/radiofenix.com.ar\/2023\/wp-json\/wp\/v2\/posts\/192634\/revisions"}],"wp:featuredmedia":[{"embeddable":true,"href":"https:\/\/radiofenix.com.ar\/2023\/wp-json\/wp\/v2\/media\/192635"}],"wp:attachment":[{"href":"https:\/\/radiofenix.com.ar\/2023\/wp-json\/wp\/v2\/media?parent=192634"}],"wp:term":[{"taxonomy":"category","embeddable":true,"href":"https:\/\/radiofenix.com.ar\/2023\/wp-json\/wp\/v2\/categories?post=192634"},{"taxonomy":"post_tag","embeddable":true,"href":"https:\/\/radiofenix.com.ar\/2023\/wp-json\/wp\/v2\/tags?post=192634"}],"curies":[{"name":"wp","href":"https:\/\/api.w.org\/{rel}","templated":true}]}}