{"id":192636,"date":"2024-01-15T08:57:26","date_gmt":"2024-01-15T08:57:26","guid":{"rendered":"https:\/\/radiofenix.com.ar\/2023\/el-nivel-de-utilizacion-de-la-capacidad-instalada-fue-del-664-en-noviembre\/"},"modified":"2024-01-15T08:57:26","modified_gmt":"2024-01-15T08:57:26","slug":"el-nivel-de-utilizacion-de-la-capacidad-instalada-fue-del-664-en-noviembre","status":"publish","type":"post","link":"https:\/\/radiofenix.com.ar\/2023\/el-nivel-de-utilizacion-de-la-capacidad-instalada-fue-del-664-en-noviembre\/","title":{"rendered":"El nivel de utilizaci\u00f3n de la capacidad instalada fue del 66,4% en noviembre"},"content":{"rendered":"<div>\n<figure class=\"mb-3\"><img decoding=\"async\" src=\"https:\/\/www.telam.com.ar\/thumbs\/bluesteel\/advf\/imagenes\/editadas\/648afc4f276ec_1200.jpg\" class=\" lazy \" width=\"100%\" height=\"100%\" alt=\"Industria automotriz present niveles de utilizacin superiores al nivel general 683Foto prensa\"\/><figcaption> Industria automotriz present\u00f3 niveles de utilizaci\u00f3n superiores al nivel general (68,3%).Foto prensa <\/figcaption><\/figure>\n<p>La utilizaci\u00f3n de la capacidad instalada en la industria fue de 66,4% en noviembre, 2,5 puntos por debajo del 68,9% de igual mes de 2022, inform\u00f3 el Instituto de Estad\u00edstica y Censos (Indec).<\/p>\n<p>A pesar de este retroceso en el cotejo interanual, el uso de maquinaria, herramientas y equipos en el sector fabril durante noviembre se coloc\u00f3 por encima del 65,3% de octubre pasado.<\/p>\n<p>Estos resultados se dieron en un marco en el que la actividad industria marc\u00f3 en noviembre una baja de 4,9% en la comparaci\u00f3n interanual y de 0,6% en la mensual.<\/p>\n<p><figure class=\"mb-3\"><img decoding=\"async\" src=\"https:\/\/www.telam.com.ar\/thumbs\/bluesteel\/advf\/imagenes\/2024\/01\/65a05cab61413_1200.jpg\" class=\" lazy \" width=\"100%\" height=\"100%\" alt=\"Telam SE\"\/><figcaption\/><\/figure>\n<\/p>\n<p>En el d\u00e9cimo primer mes de 2023, los bloques sectoriales que presentaron niveles de utilizaci\u00f3n de la capacidad instalada superiores al nivel general fueron Refinaci\u00f3n de petr\u00f3leo (84,7%); Industrias met\u00e1licas b\u00e1sicas (79,4%); Productos minerales no met\u00e1licos (74,3%); Papel y cart\u00f3n (72,7%); Sustancias y productos qu\u00edmicos (71,4%) e Industria automotriz (68,3%).<\/p>\n<p>Por el contrario, los bloques sectoriales que se ubicaron por debajo del nivel general fueron Productos alimenticios y bebidas (65,2%); Textiles (59,1%); Derivados de caucho y pl\u00e1stico (56,8%); Tabaco (56,2%); Edici\u00f3n e impresi\u00f3n (54,8%); y Metalmec\u00e1nica (50,3%).\u00a0<\/p>\n<blockquote class=\"twitter-tweet\">\n<p lang=\"es\" dir=\"ltr\"><a href=\"https:\/\/twitter.com\/hashtag\/DatoINDEC?src=hash&amp;ref_src=twsrc%5Etfw\">#DatoINDEC<\/a><br \/>La industria utiliz\u00f3 66,4% de su capacidad instalada durante noviembre de 2023 <a href=\"https:\/\/t.co\/0DYG6P76yb\">https:\/\/t.co\/0DYG6P76yb<\/a> <a href=\"https:\/\/t.co\/lGzYO4NL72\">pic.twitter.com\/lGzYO4NL72<\/a><\/p>\n<p>\u2014 INDEC Argentina (@INDECArgentina) <a href=\"https:\/\/twitter.com\/INDECArgentina\/status\/1745526636211056914?ref_src=twsrc%5Etfw\">January 11, 2024<\/a><\/p><\/blockquote><\/div>\n<p><script async src=\"\/\/platform.twitter.com\/widgets.js\" charset=\"utf-8\"><\/script><script async defer crossorigin=\"anonymous\" src=\"https:\/\/connect.facebook.net\/es_LA\/sdk.js#xfbml=1&#038;version=v12.0\" nonce=\"SBlHQzIF\"><\/script><br \/><a href=\"https:\/\/www.telam.com.ar\/notas\/202401\/652273-utilizacion-capacidad-instalada-industria-noviembre-indec.html\">source<\/a><\/p>\n","protected":false},"excerpt":{"rendered":"<p>Industria automotriz present\u00f3 niveles de utilizaci\u00f3n superiores al nivel general (68,3%).Foto prensa La utilizaci\u00f3n de&#8230;<\/p>\n","protected":false},"author":0,"featured_media":192637,"comment_status":"open","ping_status":"open","sticky":false,"template":"","format":"standard","meta":{"footnotes":""},"categories":[5],"tags":[],"class_list":["post-192636","post","type-post","status-publish","format-standard","has-post-thumbnail","hentry","category-economia"],"featured_image_urls":{"full":["https:\/\/radiofenix.com.ar\/2023\/wp-content\/uploads\/2024\/01\/wp-header-logo-121.png",900,507,false],"thumbnail":["https:\/\/radiofenix.com.ar\/2023\/wp-content\/uploads\/2024\/01\/wp-header-logo-121-150x150.png",150,150,true],"medium":["https:\/\/radiofenix.com.ar\/2023\/wp-content\/uploads\/2024\/01\/wp-header-logo-121-300x169.png",300,169,true],"medium_large":["https:\/\/radiofenix.com.ar\/2023\/wp-content\/uploads\/2024\/01\/wp-header-logo-121-768x433.png",640,361,true],"large":["https:\/\/radiofenix.com.ar\/2023\/wp-content\/uploads\/2024\/01\/wp-header-logo-121.png",640,361,false],"1536x1536":["https:\/\/radiofenix.com.ar\/2023\/wp-content\/uploads\/2024\/01\/wp-header-logo-121.png",900,507,false],"2048x2048":["https:\/\/radiofenix.com.ar\/2023\/wp-content\/uploads\/2024\/01\/wp-header-logo-121.png",900,507,false],"newsium-slider-full":["https:\/\/radiofenix.com.ar\/2023\/wp-content\/uploads\/2024\/01\/wp-header-logo-121.png",900,507,false],"newsium-featured":["https:\/\/radiofenix.com.ar\/2023\/wp-content\/uploads\/2024\/01\/wp-header-logo-121.png",900,507,false],"newsium-medium":["https:\/\/radiofenix.com.ar\/2023\/wp-content\/uploads\/2024\/01\/wp-header-logo-121-720x475.png",720,475,true]},"author_info":{"info":[""]},"category_info":"<a href=\"https:\/\/radiofenix.com.ar\/2023\/category\/economia\/\" rel=\"category tag\">Economia<\/a>","tag_info":"Economia","comment_count":"0","_links":{"self":[{"href":"https:\/\/radiofenix.com.ar\/2023\/wp-json\/wp\/v2\/posts\/192636","targetHints":{"allow":["GET"]}}],"collection":[{"href":"https:\/\/radiofenix.com.ar\/2023\/wp-json\/wp\/v2\/posts"}],"about":[{"href":"https:\/\/radiofenix.com.ar\/2023\/wp-json\/wp\/v2\/types\/post"}],"replies":[{"embeddable":true,"href":"https:\/\/radiofenix.com.ar\/2023\/wp-json\/wp\/v2\/comments?post=192636"}],"version-history":[{"count":0,"href":"https:\/\/radiofenix.com.ar\/2023\/wp-json\/wp\/v2\/posts\/192636\/revisions"}],"wp:featuredmedia":[{"embeddable":true,"href":"https:\/\/radiofenix.com.ar\/2023\/wp-json\/wp\/v2\/media\/192637"}],"wp:attachment":[{"href":"https:\/\/radiofenix.com.ar\/2023\/wp-json\/wp\/v2\/media?parent=192636"}],"wp:term":[{"taxonomy":"category","embeddable":true,"href":"https:\/\/radiofenix.com.ar\/2023\/wp-json\/wp\/v2\/categories?post=192636"},{"taxonomy":"post_tag","embeddable":true,"href":"https:\/\/radiofenix.com.ar\/2023\/wp-json\/wp\/v2\/tags?post=192636"}],"curies":[{"name":"wp","href":"https:\/\/api.w.org\/{rel}","templated":true}]}}