{"id":192638,"date":"2024-01-15T08:57:28","date_gmt":"2024-01-15T08:57:28","guid":{"rendered":"https:\/\/radiofenix.com.ar\/2023\/muestra-de-fosiles-y-juegos-las-propuestas-por-cancelacion-de-actividades-del-c3\/"},"modified":"2024-01-15T08:57:28","modified_gmt":"2024-01-15T08:57:28","slug":"muestra-de-fosiles-y-juegos-las-propuestas-por-cancelacion-de-actividades-del-c3","status":"publish","type":"post","link":"https:\/\/radiofenix.com.ar\/2023\/muestra-de-fosiles-y-juegos-las-propuestas-por-cancelacion-de-actividades-del-c3\/","title":{"rendered":"Muestra de f\u00f3siles y juegos, las propuestas por cancelaci\u00f3n de actividades del C3"},"content":{"rendered":"<div>\n<figure class=\"mb-3\"><img decoding=\"async\" src=\"https:\/\/www.telam.com.ar\/thumbs\/bluesteel\/advf\/imagenes\/2024\/01\/65a310d08c4bc_1200.jpg\" class=\" lazy \" width=\"100%\" height=\"100%\" alt=\"Foto Eliana Obregn\"\/><figcaption> Foto: Eliana Obreg\u00f3n. <\/figcaption><\/figure>\n<p>Juegos con el tiempo, el azar, pinturas, diversos hongos y sus aplicaciones, muestra de f\u00f3siles y muchos experimentos fueron algunas de las actividades que un grupo de unos 60 estudiantes de distintas universidades nacionales de carreras cient\u00edficas, tecnol\u00f3gicas y de arte ofrecieron en la tarde de este s\u00e1bado en el Parque de la Ciencia, para <strong>reclamar por la apertura de la programaci\u00f3n de verano del Centro Cultural de la Ciencia (C3) que fue cancelado por las autoridades<\/strong>.<\/p>\n<p>Como modalidad de protesta,<strong> los \u00abcopilotos\u00bb de la ciencia, tradicionalmente llamados gu\u00edas, llevaron a cabo una serie de actividades por ejes tem\u00e1ticos para que los m\u00e1s chicos y sus familias disfruten en la plaza del Polo Cient\u00edfico-Tecnol\u00f3gico<\/strong> ubicado en <strong>Godoy Cruz al 2320 en el barrio porte\u00f1o de Palermo<\/strong>.<\/p>\n<p>Las actividades se dividieron por ejes tem\u00e1ticas tales como Azar, Informaci\u00f3n, Intervenciones y Tiempo, esta \u00faltima, se encargaba de realizar \u00abviajes al pasado\u00bb a diversas culturas, para conocer sus diferentes formas de concebir y medir el tiempo.<\/p>\n<h2 class=\"\">La muestra<\/h2>\n<p> En uno de los espacios, denominado <strong>Zoom<\/strong>, pod\u00eda encontrarse mesas con diversas tem\u00e1ticas, tales como <strong>hongos, minerales, densidades y f\u00f3siles<\/strong>, donde los m\u00e1s peque\u00f1os pod\u00edan interactuar con los distintos elementos, como los minerales magn\u00e9ticos que Isabella, de 10, se encontraba manipulando junto a su abuela, que la observaba expectante mientras le tomaba fotos.<\/p>\n<p><figure class=\"mb-3\"><img decoding=\"async\" src=\"https:\/\/www.telam.com.ar\/thumbs\/bluesteel\/advf\/imagenes\/2024\/01\/65a310d0ae74f_1200.jpg\" class=\" lazy \" width=\"100%\" height=\"100%\" alt=\"Foto Eliana Obregn\"\/><figcaption> Foto: Eliana Obreg\u00f3n. <\/figcaption><\/figure>\n<\/p>\n<p><figure class=\"mb-3\"><img decoding=\"async\" src=\"https:\/\/www.telam.com.ar\/thumbs\/bluesteel\/advf\/imagenes\/2024\/01\/65a310d0d590d_1200.jpg\" class=\" lazy \" width=\"100%\" height=\"100%\" alt=\"Foto Eliana Obregn\"\/><figcaption> Foto: Eliana Obreg\u00f3n. <\/figcaption><\/figure>\n<\/p>\n<p>Por su parte, Ver\u00f3nica (48) se encontraba acompa\u00f1ando a su hija Lucila (19), una de los \u00abcopilotos\u00bb que les ense\u00f1aba a los interesados a trav\u00e9s de diversos tubos de ensayos, l\u00edquidos de colores, globos y levadura, la densidad de los l\u00edquidos y c\u00f3mo esta \u00faltima, por ejemplo, ten\u00eda la capacidad de inflar peque\u00f1os globos que colocaban sobre los tubos de ensayos ante la mirada atenta de las distintas familias que se acercaron ante la convocatoria.<\/p>\n<p>\u00abLa idea es acercarle la ciencia a los m\u00e1s chicos, pero tambi\u00e9n a los adultos. De hecho ella (Lucila) me invit\u00f3 a venir y sirve mucho para explorar, investigar y aprender. De hecho, ahora voy a escuchar la charla que van a realizar sobre el tiempo. Estoy un poco t\u00edmida, pero de a poco me voy a acercar a todos los stands\u00bb, dijo entre risas a esta agencia.<\/p>\n<p><figure class=\"mb-3\"><img decoding=\"async\" src=\"https:\/\/www.telam.com.ar\/thumbs\/bluesteel\/advf\/imagenes\/2024\/01\/65a310d103589_1200.jpg\" class=\" lazy \" width=\"100%\" height=\"100%\" alt=\"Foto Eliana Obregn\"\/><figcaption> Foto: Eliana Obreg\u00f3n. <\/figcaption><\/figure>\n<\/p>\n<p><figure class=\"mb-3\"><img decoding=\"async\" src=\"https:\/\/www.telam.com.ar\/thumbs\/bluesteel\/advf\/imagenes\/2024\/01\/65a310d127888_1200.jpg\" class=\" lazy \" width=\"100%\" height=\"100%\" alt=\"Foto Eliana Obregn\"\/><figcaption> Foto: Eliana Obreg\u00f3n. <\/figcaption><\/figure>\n<\/p>\n<p><strong>\u00abNosotros siempre venimos al C3. A mis hijas les encanta venir al museo\u00bb, expres\u00f3 a T\u00e9lam Mariana<\/strong>, que junto a sus hijas Sof\u00eda (10) y Paz (7) se acercaron a participar de la actividad ya que \u00abhace cinco a\u00f1os nos mudamos a la provincia de Santa Fe y nos acercamos al centro cada vez que tenemos la oportunidad\u00bb.<\/p>\n<p><strong>\u00abMi hija m\u00e1s grande dice que quiere ser &#8216;escritora cient\u00edfica&#8217;. Todav\u00eda no sabemos c\u00f3mo lo va a lograr. Est\u00e1 muy interesada por los atlas de la naturaleza y libros reescritos sobre el libro de Darwin\u00bb, a\u00f1adi\u00f3 su madre entusiasmada<\/strong> y expres\u00f3 que \u00absiempre est\u00e1 con su bloc de hojas y dibuja\u00bb.<\/p>\n<p>\u00abEs mucho lo que aprenden y lo que les deja este tipo de actividades\u00bb, concluy\u00f3.<\/p>\n<p><strong>Dentro del Eje Azar<\/strong>, se abri\u00f3 el interrogante sobre si se puede predecir qu\u00e9 n\u00famero de un dado va a salir y, con la mirada expectante de familias, ni\u00f1os, j\u00f3venes y adultos de todas las edades participaron de un juego did\u00e1ctico en donde simulaban ser un casino, con fichas y dados intentaban explicar acerca de probabilidades y casualidades.<\/p>\n<p><strong>Cecilia, mam\u00e1 de Lorenzo (5) y Constanza (3), se encontraba con sus hijos manipulando un taumatropo, un juguete que reproduce el movimiento mediante dos im\u00e1genes<\/strong>, en este caso, se pod\u00eda observar una flor dentro de un jarr\u00f3n.<\/p>\n<p>En di\u00e1logo con T\u00e9lam, manifest\u00f3 que \u00abestos espacios de ciencia y cultura son fundamentales para el desarrollo de nuestros conocimientos y experiencias. Traerlos a ellos es poder experimentar desde temprana edad de qu\u00e9 se trata el mundo, poder entenderlo, razonarlo y vivenciarlo para tener un conocimiento m\u00e1s v\u00edvido\u00bb.<\/p>\n<p><figure class=\"mb-3\"><img decoding=\"async\" src=\"https:\/\/www.telam.com.ar\/thumbs\/bluesteel\/advf\/imagenes\/2024\/01\/65a310d148728_1200.jpg\" class=\" lazy \" width=\"100%\" height=\"100%\" alt=\"Foto Eliana Obregn\"\/><figcaption> Foto: Eliana Obreg\u00f3n. <\/figcaption><\/figure>\n<\/p>\n<p>\u00abEst\u00e1bamos muy contentos de poder venir, no somos de Buenos Aires, venimos desde Montevideo, Uruguay\u00bb, expres\u00f3 a esta agencia y agreg\u00f3 que \u00abdesde que estaba embarazada me anotaba a qu\u00e9 lugares los iba a traer\u00bb.<\/p>\n<p><strong>Otro de los espacios era el Galton<\/strong>, la inc\u00f3gnita central se centraba en cu\u00e1nto pesa el Obelisco en la avenida 9 de Julio, y propon\u00eda construir un consenso para tratar de acercarse al valor real, adem\u00e1s de variados juegos de mesa.<\/p>\n<p>Por su parte, en el stand de Informaci\u00f3n, los interesados pod\u00edan jugar a encriptar la informaci\u00f3n de un mensaje secreto a trav\u00e9s de c\u00f3digos.<\/p>\n<p><figure class=\"mb-3\"><img decoding=\"async\" src=\"https:\/\/www.telam.com.ar\/thumbs\/bluesteel\/advf\/imagenes\/2024\/01\/65a310d1678bc_1200.jpg\" class=\" lazy \" width=\"100%\" height=\"100%\" alt=\"Foto Eliana Obregn\"\/><figcaption> Foto: Eliana Obreg\u00f3n. <\/figcaption><\/figure>\n<\/p>\n<p><figure class=\"mb-3\"><img decoding=\"async\" src=\"https:\/\/www.telam.com.ar\/thumbs\/bluesteel\/advf\/imagenes\/2024\/01\/65a310d185b9c_1200.jpg\" class=\" lazy \" width=\"100%\" height=\"100%\" alt=\"Foto Eliana Obregn\"\/><figcaption> Foto: Eliana Obreg\u00f3n. <\/figcaption><\/figure>\n<\/p>\n<p>Ese fue el caso de Mar\u00eda, una enfermera que se acerc\u00f3 con sus hijos de 7 y 11 y asegur\u00f3 que \u00abdesde chica siempre me encant\u00f3 la ciencia y desde chiquitos les intent\u00e9 inculcar un mont\u00f3n de cosas, que lo puedan experimentar ac\u00e1 es lo m\u00e1s\u00bb.<\/p>\n<p><strong>\u00abCreo que lo m\u00e1s lindo para ellos es que descubran este tipo de actividades sobre qu\u00e9 es la f\u00edsica y la qu\u00edmica. Hoy nos encontramos con que el museo estaba cerrado, pero las actividades que est\u00e1n haciendo afuera est\u00e1n muy buenas\u00bb<\/strong>, agreg\u00f3.<\/p>\n<p>\u00abVenimos de la secci\u00f3n de Azar, mi hija pint\u00f3 una manito y mi hijo m\u00e1s grande a trav\u00e9s de distintos par\u00e1metros descifr\u00f3 un mensaje\u00bb, concluy\u00f3 entusiasmada mientras su hija insist\u00eda con visitar el stand Zoom para \u00abhacer arco\u00edris\u00bb en los tubos de ensayo.<\/p>\n<p><figure class=\"mb-3\"><img decoding=\"async\" src=\"https:\/\/www.telam.com.ar\/thumbs\/bluesteel\/advf\/imagenes\/2024\/01\/65a310d1a442c_1200.jpg\" class=\" lazy \" width=\"100%\" height=\"100%\" alt=\"Foto Eliana Obregn\"\/><figcaption> Foto: Eliana Obreg\u00f3n. <\/figcaption><\/figure>\n<\/p>\n<h2 class=\"\">La situaci\u00f3n en el C3<\/h2>\n<p> La suspensi\u00f3n del programa de verano del C3 deriv\u00f3 en la presentaci\u00f3n de la renuncia, el pasado 5 de enero, de la titular de Museos, Exposiciones y Ferias del ex Ministerio de Ciencia y Tecnolog\u00eda, Guadalupe D\u00edaz Costanzo.<\/p>\n<p>El centro de divulgaci\u00f3n qued\u00f3, desde el cambio de gobierno, bajo la \u00f3rbita de la subsecretar\u00eda de Ciencia y Tecnolog\u00eda, a cargo de Paula Nahir\u00f1ak, quien depende de la Secretar\u00eda de Innovaci\u00f3n, Ciencia y Tecnolog\u00eda que integra la estructura de la Jefatura de Gabinetes de Ministros.<\/p>\n<p><figure class=\"mb-3\"><img decoding=\"async\" src=\"https:\/\/www.telam.com.ar\/thumbs\/bluesteel\/advf\/imagenes\/2024\/01\/65a310d1c3e42_1200.jpg\" class=\" lazy \" width=\"100%\" height=\"100%\" alt=\"Foto Eliana Obregn\"\/><figcaption> Foto: Eliana Obreg\u00f3n. <\/figcaption><\/figure>\n<\/p>\n<p>En los \u00faltimos cuatro a\u00f1os, el C3 recibi\u00f3 a casi 40.000 estudiantes de m\u00e1s de mil escuelas primarias y secundarias de todo el pa\u00eds, seg\u00fan informaron los propios gu\u00edas del centro en una petici\u00f3n en contra del cese de actividades difundida por redes sociales.<\/p>\n<p>Adem\u00e1s, durante 2023, m\u00e1s de 250.000 personas, entre residentes y turistas, visitaron el lugar, siendo \u00abel \u00fanico espacio de gesti\u00f3n nacional de estas caracter\u00edsticas, con un funcionamiento reconocido a nivel internacional\u00bb. <\/p>\n<\/div>\n<p><script async defer crossorigin=\"anonymous\" src=\"https:\/\/connect.facebook.net\/es_LA\/sdk.js#xfbml=1&#038;version=v12.0\" nonce=\"SBlHQzIF\"><\/script><br \/><a href=\"https:\/\/www.telam.com.ar\/notas\/202401\/652453-centro-cultural-de-la-ciencia-muestra-juegos-fosiles-fisica.html\">source<\/a><\/p>\n","protected":false},"excerpt":{"rendered":"<p>Foto: Eliana Obreg\u00f3n. Juegos con el tiempo, el azar, pinturas, diversos hongos y sus aplicaciones,&#8230;<\/p>\n","protected":false},"author":0,"featured_media":192639,"comment_status":"open","ping_status":"open","sticky":false,"template":"","format":"standard","meta":{"footnotes":""},"categories":[7],"tags":[],"class_list":["post-192638","post","type-post","status-publish","format-standard","has-post-thumbnail","hentry","category-sociedad"],"featured_image_urls":{"full":["https:\/\/radiofenix.com.ar\/2023\/wp-content\/uploads\/2024\/01\/wp-header-logo-122.png",1200,675,false],"thumbnail":["https:\/\/radiofenix.com.ar\/2023\/wp-content\/uploads\/2024\/01\/wp-header-logo-122-150x150.png",150,150,true],"medium":["https:\/\/radiofenix.com.ar\/2023\/wp-content\/uploads\/2024\/01\/wp-header-logo-122-300x169.png",300,169,true],"medium_large":["https:\/\/radiofenix.com.ar\/2023\/wp-content\/uploads\/2024\/01\/wp-header-logo-122-768x432.png",640,360,true],"large":["https:\/\/radiofenix.com.ar\/2023\/wp-content\/uploads\/2024\/01\/wp-header-logo-122-1024x576.png",640,360,true],"1536x1536":["https:\/\/radiofenix.com.ar\/2023\/wp-content\/uploads\/2024\/01\/wp-header-logo-122.png",1200,675,false],"2048x2048":["https:\/\/radiofenix.com.ar\/2023\/wp-content\/uploads\/2024\/01\/wp-header-logo-122.png",1200,675,false],"newsium-slider-full":["https:\/\/radiofenix.com.ar\/2023\/wp-content\/uploads\/2024\/01\/wp-header-logo-122.png",1200,675,false],"newsium-featured":["https:\/\/radiofenix.com.ar\/2023\/wp-content\/uploads\/2024\/01\/wp-header-logo-122-1024x576.png",1024,576,true],"newsium-medium":["https:\/\/radiofenix.com.ar\/2023\/wp-content\/uploads\/2024\/01\/wp-header-logo-122-720x475.png",720,475,true]},"author_info":{"info":[""]},"category_info":"<a href=\"https:\/\/radiofenix.com.ar\/2023\/category\/sociedad\/\" rel=\"category tag\">Sociedad<\/a>","tag_info":"Sociedad","comment_count":"0","_links":{"self":[{"href":"https:\/\/radiofenix.com.ar\/2023\/wp-json\/wp\/v2\/posts\/192638","targetHints":{"allow":["GET"]}}],"collection":[{"href":"https:\/\/radiofenix.com.ar\/2023\/wp-json\/wp\/v2\/posts"}],"about":[{"href":"https:\/\/radiofenix.com.ar\/2023\/wp-json\/wp\/v2\/types\/post"}],"replies":[{"embeddable":true,"href":"https:\/\/radiofenix.com.ar\/2023\/wp-json\/wp\/v2\/comments?post=192638"}],"version-history":[{"count":0,"href":"https:\/\/radiofenix.com.ar\/2023\/wp-json\/wp\/v2\/posts\/192638\/revisions"}],"wp:featuredmedia":[{"embeddable":true,"href":"https:\/\/radiofenix.com.ar\/2023\/wp-json\/wp\/v2\/media\/192639"}],"wp:attachment":[{"href":"https:\/\/radiofenix.com.ar\/2023\/wp-json\/wp\/v2\/media?parent=192638"}],"wp:term":[{"taxonomy":"category","embeddable":true,"href":"https:\/\/radiofenix.com.ar\/2023\/wp-json\/wp\/v2\/categories?post=192638"},{"taxonomy":"post_tag","embeddable":true,"href":"https:\/\/radiofenix.com.ar\/2023\/wp-json\/wp\/v2\/tags?post=192638"}],"curies":[{"name":"wp","href":"https:\/\/api.w.org\/{rel}","templated":true}]}}