{"id":192640,"date":"2024-01-15T08:57:30","date_gmt":"2024-01-15T08:57:30","guid":{"rendered":"https:\/\/radiofenix.com.ar\/2023\/beltran-convirtio-para-fiorentina-en-el-empate-ante-udinese-por-la-serie-a\/"},"modified":"2024-01-15T08:57:30","modified_gmt":"2024-01-15T08:57:30","slug":"beltran-convirtio-para-fiorentina-en-el-empate-ante-udinese-por-la-serie-a","status":"publish","type":"post","link":"https:\/\/radiofenix.com.ar\/2023\/beltran-convirtio-para-fiorentina-en-el-empate-ante-udinese-por-la-serie-a\/","title":{"rendered":"Beltr\u00e1n convirti\u00f3 para Fiorentina en el empate ante Udinese por la Serie A"},"content":{"rendered":"<div>\n<figure class=\"mb-3\"><img decoding=\"async\" src=\"https:\/\/www.telam.com.ar\/thumbs\/bluesteel\/advf\/imagenes\/2024\/01\/65a46ed2697c7_1200.jpg\" class=\" lazy \" width=\"100%\" height=\"100%\" alt=\"Lucas Beltrn convirti un gol para Fiorentina Xacffiorentina \"\/><figcaption> Lucas Beltr\u00e1n convirti\u00f3 un gol para Fiorentina (X@acffiorentina). <\/figcaption><\/figure>\n<p> El delantero argentino Lucas Beltr\u00e1n convirti\u00f3 este domingo en el empate de Fiorentina por 2 a 2 ante Udinese, en la continuidad de la 20ma fecha de la Serie A.<\/p>\n<p><strong>El ex River y Col\u00f3n apareci\u00f3 a los 10 minutos de la segunda parte para darle el empate parcial a la \u00abFiore\u00bb<\/strong>, que perd\u00eda en el estadio Artemio Franchi desde los 10 minutos del primer tiempo, por el tanto del esloveno Sandi Lovric.<\/p>\n<p>Pero el local no pudo aprovechar el envi\u00f3n an\u00edmico que le dio la igualdad y, pese a que cont\u00f3 con chances para pasar al frente, fue Udinese el que volvi\u00f3 a lastimar a los 28 minutos, esta vez con el franc\u00e9s Florian Thauvin. Sin embargo, cuando la visita ya acariciaba la victoria, el angole\u00f1o M&#8217;Bala Nzola marc\u00f3 el 2-2 definitivo.<\/p>\n<p><strong>Este fue el sexto tanto para Beltr\u00e1n desde su llegada a Fiorentina<\/strong>, que ya acumula cuatro por Serie A y dos por la Conference League. Adem\u00e1s, el cordob\u00e9s, de 22 a\u00f1os, marc\u00f3 tres goles en los \u00faltimos seis partidos que disput\u00f3.<\/p>\n<p>Con el empate, Fiorentina, que tambi\u00e9n tuvo de titular al defensor Lucas Mart\u00ednez Quarta, qued\u00f3 cuarto en el campeonato y hoy se ubica en la \u00faltima colocaci\u00f3n entre los puestos de ingreso a la Champions League. El mediocampista Gino Infantino (ex Rosario Central) estuvo en el banco pero no ingres\u00f3.<\/p>\n<p><strong>En Udinese, el defensor Nehu\u00e9n P\u00e9rez y el volante Roberto Pereyra fueron titulares<\/strong>, mientras que el mediocampista Mart\u00edn Payero y el defensor Lautaro Giannetti fueron suplentes y no ingresaron.<\/p>\n<blockquote class=\"twitter-tweet\">\n<p lang=\"en\" dir=\"ltr\">Film of the match &#x1f39e;&#xfe0f;<a href=\"https:\/\/twitter.com\/hashtag\/ForzaViola?src=hash&amp;ref_src=twsrc%5Etfw\">#ForzaViola<\/a> <a href=\"https:\/\/twitter.com\/hashtag\/FiorentinaUdinese?src=hash&amp;ref_src=twsrc%5Etfw\">#FiorentinaUdinese<\/a> <a href=\"https:\/\/twitter.com\/hashtag\/ACFFiorentina?src=hash&amp;ref_src=twsrc%5Etfw\">#ACFFiorentina<\/a> <a href=\"https:\/\/t.co\/Sv9hcUG589\">pic.twitter.com\/Sv9hcUG589<\/a><\/p>\n<p>\u2014 ACF Fiorentina (@acffiorentina) <a href=\"https:\/\/twitter.com\/acffiorentina\/status\/1746610202470662183?ref_src=twsrc%5Etfw\">January 14, 2024<\/a><\/p><\/blockquote>\n<p> En uno de los partidos de la fecha, <strong>Leandro Paredes convirti\u00f3 su primer gol desde su llegada a la Roma, pero no alcanz\u00f3 para evitar la ca\u00edda ante Milan <\/strong>por 3 a 1, de visitante.<\/p>\n<p>El volante campe\u00f3n del mundo en Qatar 2022 marc\u00f3, de penal, el descuento parcial para el equipo dirigido por Jos\u00e9 Mourinho, que no pudo contar con el lesionado Paulo Dybala.<\/p>\n<p>Los franceses Yacine Adli (11 m. PT), Olivier Giroud (11 m. ST) y Theo Hern\u00e1ndez (39 m. ST) marcaron para Milan, que tuvo al argentino Luka Romero en el banco.<\/p>\n<p>Con la victoria, el conjunto &#8216;rossonero&#8217; se acerc\u00f3 al escolta Juventus, que este martes enfrentar\u00e1 a Sassuolo.<\/p>\n<h2 class=\"\">Resumen de la 20ma. fecha<\/h2>\n<p> S\u00e1bado: Genoa 0 &#8211; Torino 0; N\u00e1poli 2 &#8211; Salernitana 1; Hellas Verona 2 &#8211; Empoli 1 y Monza 1 &#8211; Inter 5.<br \/> Domingo: Lazio 1 &#8211; Lecce 0; Cagliari 2 &#8211; Bologna 1; Fiorentina 2 &#8211; Udinese 2 y Milan 3 -Roma 1<br \/> Lunes: Atalanta-Frosinone (16:45, Star+).<br \/> Martes: Juventus-Sassuolo (16:45, ESPN y Star+).<\/p>\n<p><strong>Posiciones:<\/strong> Inter 51 puntos; Juventus 46; Milan 42; Fiorentina 34; Lazio 33; Bologna 32; N\u00e1poli 31; Atalanta 30; Roma 29; Torino 28; Monza 25; Genoa 22; Lecce 21; Sassuolo y Frosinone 19; Udinese y Cagliari 18; Hellas Verona 17; Empoli 13 y Salernitana 12. <\/p>\n<\/div>\n<p><script async src=\"\/\/platform.twitter.com\/widgets.js\" charset=\"utf-8\"><\/script><script async defer crossorigin=\"anonymous\" src=\"https:\/\/connect.facebook.net\/es_LA\/sdk.js#xfbml=1&#038;version=v12.0\" nonce=\"SBlHQzIF\"><\/script><br \/><a href=\"https:\/\/www.telam.com.ar\/notas\/202401\/652513-beltran-gol-fiorentina-empate-udinese-serie-a.html\">source<\/a><\/p>\n","protected":false},"excerpt":{"rendered":"<p>Lucas Beltr\u00e1n convirti\u00f3 un gol para Fiorentina (X@acffiorentina). El delantero argentino Lucas Beltr\u00e1n convirti\u00f3 este&#8230;<\/p>\n","protected":false},"author":0,"featured_media":192641,"comment_status":"open","ping_status":"open","sticky":false,"template":"","format":"standard","meta":{"footnotes":""},"categories":[3],"tags":[],"class_list":["post-192640","post","type-post","status-publish","format-standard","has-post-thumbnail","hentry","category-deportes"],"featured_image_urls":{"full":["https:\/\/radiofenix.com.ar\/2023\/wp-content\/uploads\/2024\/01\/wp-header-logo-123.png",1200,675,false],"thumbnail":["https:\/\/radiofenix.com.ar\/2023\/wp-content\/uploads\/2024\/01\/wp-header-logo-123-150x150.png",150,150,true],"medium":["https:\/\/radiofenix.com.ar\/2023\/wp-content\/uploads\/2024\/01\/wp-header-logo-123-300x169.png",300,169,true],"medium_large":["https:\/\/radiofenix.com.ar\/2023\/wp-content\/uploads\/2024\/01\/wp-header-logo-123-768x432.png",640,360,true],"large":["https:\/\/radiofenix.com.ar\/2023\/wp-content\/uploads\/2024\/01\/wp-header-logo-123-1024x576.png",640,360,true],"1536x1536":["https:\/\/radiofenix.com.ar\/2023\/wp-content\/uploads\/2024\/01\/wp-header-logo-123.png",1200,675,false],"2048x2048":["https:\/\/radiofenix.com.ar\/2023\/wp-content\/uploads\/2024\/01\/wp-header-logo-123.png",1200,675,false],"newsium-slider-full":["https:\/\/radiofenix.com.ar\/2023\/wp-content\/uploads\/2024\/01\/wp-header-logo-123.png",1200,675,false],"newsium-featured":["https:\/\/radiofenix.com.ar\/2023\/wp-content\/uploads\/2024\/01\/wp-header-logo-123-1024x576.png",1024,576,true],"newsium-medium":["https:\/\/radiofenix.com.ar\/2023\/wp-content\/uploads\/2024\/01\/wp-header-logo-123-720x475.png",720,475,true]},"author_info":{"info":[""]},"category_info":"<a href=\"https:\/\/radiofenix.com.ar\/2023\/category\/deportes\/\" rel=\"category tag\">Deportes<\/a>","tag_info":"Deportes","comment_count":"0","_links":{"self":[{"href":"https:\/\/radiofenix.com.ar\/2023\/wp-json\/wp\/v2\/posts\/192640","targetHints":{"allow":["GET"]}}],"collection":[{"href":"https:\/\/radiofenix.com.ar\/2023\/wp-json\/wp\/v2\/posts"}],"about":[{"href":"https:\/\/radiofenix.com.ar\/2023\/wp-json\/wp\/v2\/types\/post"}],"replies":[{"embeddable":true,"href":"https:\/\/radiofenix.com.ar\/2023\/wp-json\/wp\/v2\/comments?post=192640"}],"version-history":[{"count":0,"href":"https:\/\/radiofenix.com.ar\/2023\/wp-json\/wp\/v2\/posts\/192640\/revisions"}],"wp:featuredmedia":[{"embeddable":true,"href":"https:\/\/radiofenix.com.ar\/2023\/wp-json\/wp\/v2\/media\/192641"}],"wp:attachment":[{"href":"https:\/\/radiofenix.com.ar\/2023\/wp-json\/wp\/v2\/media?parent=192640"}],"wp:term":[{"taxonomy":"category","embeddable":true,"href":"https:\/\/radiofenix.com.ar\/2023\/wp-json\/wp\/v2\/categories?post=192640"},{"taxonomy":"post_tag","embeddable":true,"href":"https:\/\/radiofenix.com.ar\/2023\/wp-json\/wp\/v2\/tags?post=192640"}],"curies":[{"name":"wp","href":"https:\/\/api.w.org\/{rel}","templated":true}]}}