{"id":192662,"date":"2024-01-16T08:57:48","date_gmt":"2024-01-16T08:57:48","guid":{"rendered":"https:\/\/radiofenix.com.ar\/2023\/el-gobierno-califica-de-hipoteticos-los-perjuicios-del-capitulo-laboral-del-dnu\/"},"modified":"2024-01-16T08:57:48","modified_gmt":"2024-01-16T08:57:48","slug":"el-gobierno-califica-de-hipoteticos-los-perjuicios-del-capitulo-laboral-del-dnu","status":"publish","type":"post","link":"https:\/\/radiofenix.com.ar\/2023\/el-gobierno-califica-de-hipoteticos-los-perjuicios-del-capitulo-laboral-del-dnu\/","title":{"rendered":"El Gobierno califica de hipot\u00e9ticos los perjuicios del cap\u00edtulo laboral del DNU"},"content":{"rendered":"<div>\n<figure class=\"mb-3\"><img decoding=\"async\" src=\"https:\/\/www.telam.com.ar\/thumbs\/bluesteel\/advf\/imagenes\/2023\/12\/656a09f39acb0_1200.jpg\" class=\" lazy \" width=\"100%\" height=\"100%\" alt=\"El recurso lleva la firma del Procurador del Tesoro de la Nacin Rodolfo Barra Foto Osvaldo Fanton \"\/><figcaption> El recurso lleva la firma del Procurador del Tesoro de la Naci\u00f3n, Rodolfo Barra. \/Foto: Osvaldo Fanton. <\/figcaption><\/figure>\n<p>El Gobierno calific\u00f3 de \u00abhipot\u00e9ticos\u00bb los perjuicios que ocasionar\u00eda a los trabajadores el cap\u00edtulo laboral del Decreto de Necesidad y Urgencia 70\/23 de desregulaci\u00f3n econ\u00f3mica en la presentaci\u00f3n que <strong>realiz\u00f3 a la Corte Suprema de Justicia para que se revierta el fallo que dio lugar a una medida cautelar que lo suspendi\u00f3.<\/strong><\/p>\n<p>Asimismo, consideraron que la decisi\u00f3n de suspender ese cap\u00edtulo del DNU \u00abpuede traer consecuencias irreversibles\u00bb y acusaron de \u00abprivilegiar a un sector gremial por sobre los intereses de toda la poblaci\u00f3n\u00bb.<\/p>\n<p><strong>\u00abNo se acreditaron ni m\u00ednimamente los perjuicios que ocasionar\u00eda la norma, sino que son hipot\u00e9ticos y meramente conjeturales\u00bb<\/strong>, sostuvieron los abogados que representan al Estado Nacional en el recurso extraordinario presentado el viernes \u00faltimo por ante la C\u00e1mara Nacional de Apelaciones del Trabajo, en el marco del expediente iniciado por una presentaci\u00f3n de la Confederaci\u00f3n General del Trabajo (CGT).<\/p>\n<p>El recurso, cuyos detalles se conocieron reci\u00e9n este lunes, lleva la firma del Procurador del Tesoro de la Naci\u00f3n, Rodolfo Barra, y tiene por objetivo lograr la intervenci\u00f3n de la Corte Suprema de Justicia ante la cautelar que logr\u00f3 la CGT que suspendi\u00f3, para ese caso, los efectos del cap\u00edtulo laboral del DNU.<\/p>\n<p>En esa presentaci\u00f3n, Barra sostuvo que \u00abla sentencia no tuvo en cuenta los graves efectos irreversibles que ocasiona a la poblaci\u00f3n argentina, y que cobra especial relevancia en el contexto actual de emergencia. Como contracara, la beneficiaria de la precautoria no acredit\u00f3 ni m\u00ednimamente los perjuicios que le ocasionar\u00eda la norma, sino que son hipot\u00e9ticos y meramente conjeturales\u00bb.<\/p>\n<p>Adem\u00e1s, se\u00f1al\u00f3 que <strong>\u00abla decisi\u00f3n trasciende al inter\u00e9s perseguido por la actora,<\/strong> puesto que las medidas estatales suspendidas forman parte de una reforma normativa integral imprescindible para la subsistencia del Estado\u00bb.<\/p>\n<p>\u00abAdvi\u00e9rtase que la pol\u00edtica p\u00fablica fue impulsada por DNU porque precisamente es necesario y urgente adoptar decisiones que eviten una cat\u00e1strofe econ\u00f3mica y social: concretamente una hiperinflaci\u00f3n y porcentajes extremos de pobreza, circunstancias que son hoy de p\u00fablico conocimiento\u00bb, a\u00f1adi\u00f3 el Procurador del Tesoro en el texto.<\/p>\n<p><strong>Para el Gobierno, \u00absuspender el DNU hasta el dictado de la sentencia definitiva, en el marco de un proceso que, aunque sea sumar\u00edsimo puede durar hasta m\u00e1s de un a\u00f1o, puede traer consecuencias irreversibles\u00bb.<\/strong><\/p>\n<p>\u00abEs decir, puede ser demasiado tarde para los argentinos\u00bb, alert\u00f3, al solicitar la intervenci\u00f3n de la Corte.<\/p>\n<p>\u201cDebe ponerse de resalto que las particularidades de la cuesti\u00f3n exceden el inter\u00e9s individual y conllevan un claro supuesto de gravedad institucional (suspensi\u00f3n de vigencia normativa) que habilita por s\u00ed sola la instancia extraordinaria conforme el criterio que ha sustentado\u201d, se indic\u00f3 en la presentaci\u00f3n.<\/p>\n<p><figure class=\"mb-3\"><img decoding=\"async\" src=\"https:\/\/www.telam.com.ar\/thumbs\/bluesteel\/advf\/imagenes\/2023\/11\/655f7e46e2d8b_1200.jpg\" class=\" lazy \" width=\"100%\" height=\"100%\" alt=\"El Gobierno busca llegar a la Corte Suprema con el recurso Foto prensa Presidencia\"\/><figcaption> El Gobierno busca llegar a la Corte Suprema con el recurso. \/Foto: prensa Presidencia. <\/figcaption><\/figure>\n<p>Para la Procuraci\u00f3n del Tesoro, el dictado de la medida cautelar que suspendi\u00f3 el cap\u00edtulo laboral del DNU \u201cno ponder\u00f3 si la suspensi\u00f3n de la norma podr\u00eda ocasionar peores efectos materiales e irreversibles, en comparaci\u00f3n de los hipot\u00e9ticos perjuicios que pueda alegar la actora\u201d.<\/p>\n<p>Se \u201cha privilegiado a un sector gremial por sobre los intereses de toda la poblaci\u00f3n, lo que resulta inadmisible en el marco de la crisis econ\u00f3mica que est\u00e1 viviendo el pa\u00eds y que no permite demoras\u201d, afirm\u00f3 Barra.<\/p>\n<p><strong>El recurso elaborado por los abogados de la Procuraci\u00f3n del Tesoro de la Naci\u00f3n tiene por objetivo llegar al m\u00e1ximo tribunal en busca de revertir el fallo de la c\u00e1mara de apelaciones del fuero laboral <\/strong>que, ante una presentaci\u00f3n de la Confederaci\u00f3n General del Trabajo (CGT), dispuso la suspensi\u00f3n provisoria del cap\u00edtulo laboral del DNU.<\/p>\n<p>Se trata de un recurso extraordinario para que la C\u00e1mara habilite la v\u00eda hacia la Corte; aunque si eso no ocurre el Gobierno podr\u00e1 recurrir a una queja para llegar al m\u00e1ximo tribunal.<\/p>\n<p>El 4 de enero la C\u00e1mara Nacional de Apelaciones del Trabajo dict\u00f3 la primera cautelar que orden\u00f3 la suspensi\u00f3n de la reforma laboral incluida en el DNU: luego hubo otros cuatro cautelares m\u00e1s -dictadas por tribunales de primera y segunda instancia, seg\u00fan cada caso- entre las que se encuentra la lograda por la Central de Trabajadores de la Argentina (CTA). <\/p>\n<\/div>\n<p><script async defer crossorigin=\"anonymous\" src=\"https:\/\/connect.facebook.net\/es_LA\/sdk.js#xfbml=1&#038;version=v12.0\" nonce=\"SBlHQzIF\"><\/script><br \/><a href=\"https:\/\/www.telam.com.ar\/notas\/202401\/652565-gobierno--defensa-capitulo-laboral-dnu.html\">source<\/a><\/p>\n","protected":false},"excerpt":{"rendered":"<p>El recurso lleva la firma del Procurador del Tesoro de la Naci\u00f3n, Rodolfo Barra. \/Foto:&#8230;<\/p>\n","protected":false},"author":0,"featured_media":192663,"comment_status":"open","ping_status":"open","sticky":false,"template":"","format":"standard","meta":{"footnotes":""},"categories":[2],"tags":[],"class_list":["post-192662","post","type-post","status-publish","format-standard","has-post-thumbnail","hentry","category-politica"],"featured_image_urls":{"full":["https:\/\/radiofenix.com.ar\/2023\/wp-content\/uploads\/2024\/01\/wp-header-logo-134.png",1200,675,false],"thumbnail":["https:\/\/radiofenix.com.ar\/2023\/wp-content\/uploads\/2024\/01\/wp-header-logo-134-150x150.png",150,150,true],"medium":["https:\/\/radiofenix.com.ar\/2023\/wp-content\/uploads\/2024\/01\/wp-header-logo-134-300x169.png",300,169,true],"medium_large":["https:\/\/radiofenix.com.ar\/2023\/wp-content\/uploads\/2024\/01\/wp-header-logo-134-768x432.png",640,360,true],"large":["https:\/\/radiofenix.com.ar\/2023\/wp-content\/uploads\/2024\/01\/wp-header-logo-134-1024x576.png",640,360,true],"1536x1536":["https:\/\/radiofenix.com.ar\/2023\/wp-content\/uploads\/2024\/01\/wp-header-logo-134.png",1200,675,false],"2048x2048":["https:\/\/radiofenix.com.ar\/2023\/wp-content\/uploads\/2024\/01\/wp-header-logo-134.png",1200,675,false],"newsium-slider-full":["https:\/\/radiofenix.com.ar\/2023\/wp-content\/uploads\/2024\/01\/wp-header-logo-134.png",1200,675,false],"newsium-featured":["https:\/\/radiofenix.com.ar\/2023\/wp-content\/uploads\/2024\/01\/wp-header-logo-134-1024x576.png",1024,576,true],"newsium-medium":["https:\/\/radiofenix.com.ar\/2023\/wp-content\/uploads\/2024\/01\/wp-header-logo-134-720x475.png",720,475,true]},"author_info":{"info":[""]},"category_info":"<a href=\"https:\/\/radiofenix.com.ar\/2023\/category\/politica\/\" rel=\"category tag\">Pol\u00edtica<\/a>","tag_info":"Pol\u00edtica","comment_count":"0","_links":{"self":[{"href":"https:\/\/radiofenix.com.ar\/2023\/wp-json\/wp\/v2\/posts\/192662","targetHints":{"allow":["GET"]}}],"collection":[{"href":"https:\/\/radiofenix.com.ar\/2023\/wp-json\/wp\/v2\/posts"}],"about":[{"href":"https:\/\/radiofenix.com.ar\/2023\/wp-json\/wp\/v2\/types\/post"}],"replies":[{"embeddable":true,"href":"https:\/\/radiofenix.com.ar\/2023\/wp-json\/wp\/v2\/comments?post=192662"}],"version-history":[{"count":0,"href":"https:\/\/radiofenix.com.ar\/2023\/wp-json\/wp\/v2\/posts\/192662\/revisions"}],"wp:featuredmedia":[{"embeddable":true,"href":"https:\/\/radiofenix.com.ar\/2023\/wp-json\/wp\/v2\/media\/192663"}],"wp:attachment":[{"href":"https:\/\/radiofenix.com.ar\/2023\/wp-json\/wp\/v2\/media?parent=192662"}],"wp:term":[{"taxonomy":"category","embeddable":true,"href":"https:\/\/radiofenix.com.ar\/2023\/wp-json\/wp\/v2\/categories?post=192662"},{"taxonomy":"post_tag","embeddable":true,"href":"https:\/\/radiofenix.com.ar\/2023\/wp-json\/wp\/v2\/tags?post=192662"}],"curies":[{"name":"wp","href":"https:\/\/api.w.org\/{rel}","templated":true}]}}