{"id":192668,"date":"2024-01-16T15:39:04","date_gmt":"2024-01-16T15:39:04","guid":{"rendered":"https:\/\/radiofenix.com.ar\/2023\/?p=192668"},"modified":"2024-01-16T15:39:05","modified_gmt":"2024-01-16T15:39:05","slug":"operativo-verano-en-los-primeros-10-dias-provincia-inspecciono-18-500-vehiculos-en-rutas-santafesinas","status":"publish","type":"post","link":"https:\/\/radiofenix.com.ar\/2023\/operativo-verano-en-los-primeros-10-dias-provincia-inspecciono-18-500-vehiculos-en-rutas-santafesinas\/","title":{"rendered":"Operativo Verano: en los primeros 10 d\u00edas, Provincia inspeccion\u00f3 18.500 veh\u00edculos en rutas santafesinas"},"content":{"rendered":"\n<p>La Agencia Provincial de Seguridad Vial despleg\u00f3 25 puntos de control monitoreando los principales factores de riesgo en rutas, autopistas y zonas de alta circulaci\u00f3n vehicular.<\/p>\n\n\n<figure class=\"wp-block-post-featured-image\"><img loading=\"lazy\" decoding=\"async\" width=\"1600\" height=\"1067\" src=\"https:\/\/radiofenix.com.ar\/2023\/wp-content\/uploads\/2024\/01\/IMG-20240116-WA0003.jpg\" class=\"attachment-post-thumbnail size-post-thumbnail wp-post-image\" alt=\"\" style=\"object-fit:cover;\" srcset=\"https:\/\/radiofenix.com.ar\/2023\/wp-content\/uploads\/2024\/01\/IMG-20240116-WA0003.jpg 1600w, https:\/\/radiofenix.com.ar\/2023\/wp-content\/uploads\/2024\/01\/IMG-20240116-WA0003-300x200.jpg 300w, https:\/\/radiofenix.com.ar\/2023\/wp-content\/uploads\/2024\/01\/IMG-20240116-WA0003-1024x683.jpg 1024w, https:\/\/radiofenix.com.ar\/2023\/wp-content\/uploads\/2024\/01\/IMG-20240116-WA0003-768x512.jpg 768w, https:\/\/radiofenix.com.ar\/2023\/wp-content\/uploads\/2024\/01\/IMG-20240116-WA0003-1536x1024.jpg 1536w\" sizes=\"auto, (max-width: 1600px) 100vw, 1600px\" \/><\/figure>\n\n\n<p>En el marco del Operativo Verano, el Gobierno de la Provincia implement\u00f3 765 operativos de control y prevenci\u00f3n en 25 puestos que estuvieron a cargo de la Polic\u00eda de Seguridad Vial (PSV) en los puntos lim\u00edtrofes de ingreso al territorio santafesino, en las principales rutas y autopistas y zonas de alta circulaci\u00f3n vehicular. El Operativo, que comenz\u00f3 el 21 de diciembre pasado, se desarrolla con el objetivo de fijar la presencia del Estado en los ingresos a la provincia que permitan identificar pr\u00e1cticas de riesgo entre los conductores. En ese marco, se fiscalizaron 18.502 veh\u00edculos de distinto porte y se labraron 3.306 actas de infracci\u00f3n. Asimismo, se practicaron 13.539 test de alcoholemia, 13.114 con alcotest y 425 con alcohol\u00edmetro. De este total, 122 conductores arrojaron resultado positivo, de los cuales, 101 conduc\u00edan autos particulares, ocho motos y 13 eran choferes profesionales. Finalmente, 63 veh\u00edculos fueron remitidos a los distintos corralones municipales por infracciones graves.<\/p>\n\n\n\n<figure class=\"wp-block-image size-full\"><a href=\"https:\/\/radiofenix.com.ar\/2023\/wp-content\/uploads\/2024\/01\/IMG-20240116-WA0002.jpg\"><img loading=\"lazy\" decoding=\"async\" width=\"579\" height=\"410\" src=\"https:\/\/radiofenix.com.ar\/2023\/wp-content\/uploads\/2024\/01\/IMG-20240116-WA0002.jpg\" alt=\"\" class=\"wp-image-192670\" srcset=\"https:\/\/radiofenix.com.ar\/2023\/wp-content\/uploads\/2024\/01\/IMG-20240116-WA0002.jpg 579w, https:\/\/radiofenix.com.ar\/2023\/wp-content\/uploads\/2024\/01\/IMG-20240116-WA0002-300x212.jpg 300w\" sizes=\"auto, (max-width: 579px) 100vw, 579px\" \/><\/a><\/figure>\n\n\n\n<p><strong>Conductas de riesgo<\/strong><\/p>\n\n\n\n<p>En los puestos de control se revisan cuestiones relacionadas con la seguridad vial, como documentaci\u00f3n, capacidad de pasajeros, uso de cinturones, entre otras. Adem\u00e1s, se monitorean situaciones de seguridad p\u00fablica que puedan afectar a los ciudadanos. El pasado domingo, por caso, un conductor particular circulaba en forma zigzagueante por Ruta Nacional N\u00ba 33, a la altura de la localidad de Sancti Spiritu. Los agentes observaron esta conducci\u00f3n peligrosa y detuvieron el veh\u00edculo y, al realizarle el test de alcoholemia al conductor, registraron 2,25 grs. de alcohol en sangre. Como consecuencia de la infracci\u00f3n se labr\u00f3 el acta correspondiente, se le retir\u00f3 la licencia de conducir al responsable y el veh\u00edculo fue remitido al corral\u00f3n de Sancti Spiritu. <\/p>\n\n\n\n<p><strong>Puestos de control<\/strong><\/p>\n\n\n\n<p>Los puestos de control est\u00e1n distribuidos estrat\u00e9gicamente en todo el territorio provincial bajo la supervisi\u00f3n de personal policial de las unidades regionales de Reconquista, Rafaela, Rosario, Venado Tuerto, San Crist\u00f3bal y la Brigada Motorizada. Del total, 10 puestos est\u00e1n emplazados en ingresos a la provincia a trav\u00e9s de rutas provinciales y nacionales y los dem\u00e1s est\u00e1n ubicados en v\u00edas con alta circulaci\u00f3n vehicular.<\/p>\n","protected":false},"excerpt":{"rendered":"<p>La Agencia Provincial de Seguridad Vial despleg\u00f3 25 puntos de control monitoreando los principales factores&#8230;<\/p>\n","protected":false},"author":3,"featured_media":192669,"comment_status":"open","ping_status":"open","sticky":true,"template":"","format":"standard","meta":{"footnotes":""},"categories":[12,2,6],"tags":[22,57,118,171,119,26],"class_list":["post-192668","post","type-post","status-publish","format-standard","has-post-thumbnail","hentry","category-destacado","category-politica","category-ultimasnoticias","tag-felipe-michlig","tag-marcelo-gonzalez","tag-maximiliano-pullaro","tag-operativo-verano","tag-provincia-de-santa-fe","tag-senadores"],"featured_image_urls":{"full":["https:\/\/radiofenix.com.ar\/2023\/wp-content\/uploads\/2024\/01\/IMG-20240116-WA0003.jpg",1600,1067,false],"thumbnail":["https:\/\/radiofenix.com.ar\/2023\/wp-content\/uploads\/2024\/01\/IMG-20240116-WA0003-150x150.jpg",150,150,true],"medium":["https:\/\/radiofenix.com.ar\/2023\/wp-content\/uploads\/2024\/01\/IMG-20240116-WA0003-300x200.jpg",300,200,true],"medium_large":["https:\/\/radiofenix.com.ar\/2023\/wp-content\/uploads\/2024\/01\/IMG-20240116-WA0003-768x512.jpg",640,427,true],"large":["https:\/\/radiofenix.com.ar\/2023\/wp-content\/uploads\/2024\/01\/IMG-20240116-WA0003-1024x683.jpg",640,427,true],"1536x1536":["https:\/\/radiofenix.com.ar\/2023\/wp-content\/uploads\/2024\/01\/IMG-20240116-WA0003-1536x1024.jpg",1536,1024,true],"2048x2048":["https:\/\/radiofenix.com.ar\/2023\/wp-content\/uploads\/2024\/01\/IMG-20240116-WA0003.jpg",1600,1067,false],"newsium-slider-full":["https:\/\/radiofenix.com.ar\/2023\/wp-content\/uploads\/2024\/01\/IMG-20240116-WA0003-1280x845.jpg",1280,845,true],"newsium-featured":["https:\/\/radiofenix.com.ar\/2023\/wp-content\/uploads\/2024\/01\/IMG-20240116-WA0003-1024x683.jpg",1024,683,true],"newsium-medium":["https:\/\/radiofenix.com.ar\/2023\/wp-content\/uploads\/2024\/01\/IMG-20240116-WA0003-720x475.jpg",720,475,true]},"author_info":{"info":["Radio Fenix"]},"category_info":"<a href=\"https:\/\/radiofenix.com.ar\/2023\/category\/destacado\/\" rel=\"category tag\">Destacado<\/a> <a href=\"https:\/\/radiofenix.com.ar\/2023\/category\/politica\/\" rel=\"category tag\">Pol\u00edtica<\/a> <a href=\"https:\/\/radiofenix.com.ar\/2023\/category\/ultimasnoticias\/\" rel=\"category tag\">Ultimas Noticias<\/a>","tag_info":"Ultimas Noticias","comment_count":"0","_links":{"self":[{"href":"https:\/\/radiofenix.com.ar\/2023\/wp-json\/wp\/v2\/posts\/192668","targetHints":{"allow":["GET"]}}],"collection":[{"href":"https:\/\/radiofenix.com.ar\/2023\/wp-json\/wp\/v2\/posts"}],"about":[{"href":"https:\/\/radiofenix.com.ar\/2023\/wp-json\/wp\/v2\/types\/post"}],"author":[{"embeddable":true,"href":"https:\/\/radiofenix.com.ar\/2023\/wp-json\/wp\/v2\/users\/3"}],"replies":[{"embeddable":true,"href":"https:\/\/radiofenix.com.ar\/2023\/wp-json\/wp\/v2\/comments?post=192668"}],"version-history":[{"count":1,"href":"https:\/\/radiofenix.com.ar\/2023\/wp-json\/wp\/v2\/posts\/192668\/revisions"}],"predecessor-version":[{"id":192671,"href":"https:\/\/radiofenix.com.ar\/2023\/wp-json\/wp\/v2\/posts\/192668\/revisions\/192671"}],"wp:featuredmedia":[{"embeddable":true,"href":"https:\/\/radiofenix.com.ar\/2023\/wp-json\/wp\/v2\/media\/192669"}],"wp:attachment":[{"href":"https:\/\/radiofenix.com.ar\/2023\/wp-json\/wp\/v2\/media?parent=192668"}],"wp:term":[{"taxonomy":"category","embeddable":true,"href":"https:\/\/radiofenix.com.ar\/2023\/wp-json\/wp\/v2\/categories?post=192668"},{"taxonomy":"post_tag","embeddable":true,"href":"https:\/\/radiofenix.com.ar\/2023\/wp-json\/wp\/v2\/tags?post=192668"}],"curies":[{"name":"wp","href":"https:\/\/api.w.org\/{rel}","templated":true}]}}