{"id":192677,"date":"2024-01-16T17:02:39","date_gmt":"2024-01-16T17:02:39","guid":{"rendered":"https:\/\/radiofenix.com.ar\/2023\/?p=192677"},"modified":"2024-01-16T17:02:40","modified_gmt":"2024-01-16T17:02:40","slug":"de-las-gestiones-fracasadasquien-yo-senor-no-senor","status":"publish","type":"post","link":"https:\/\/radiofenix.com.ar\/2023\/de-las-gestiones-fracasadasquien-yo-senor-no-senor\/","title":{"rendered":"DE LAS GESTIONES FRACASADAS\u00bfQUI\u00c9N?, \u00bfYO SE\u00d1OR?, \u00a1NO SE\u00d1OR!"},"content":{"rendered":"\n<p>Sigmund Freud define la culpa como \u201cuna variedad t\u00f3pica de la angustia\u201d, cuya proyecci\u00f3n consiste en responsabilizar a los dem\u00e1s de nuestra propia conducta, de nuestros propios errores y faltas.  Tal el caso de los directivos de Sancor CUL -denunciados penalmente por evasores por sus dependientes- y de La L\u00e1cteo SA, permanentes violadores de los derechos laborales que, lejos de aceptar el fracaso de su gesti\u00f3n, pretenden responsabilizar a ATILRA de su propia ineptidud.  Se trata de un comportamiento infantil que revela una personalidad inmadura de quien se niega a aceptar su propio fracaso, cuyo victimismo cr\u00f3nico provoca revulsi\u00f3n. Estos in\u00fatiles son peligrosos.  Lo demuestra el nado sincronizado con que act\u00faan a trav\u00e9s de las \u201cnoticias\u201d que auto fabrican, pretendiendo criminalizar la representaci\u00f3n y defensa de los derechos laborales que ATILRA ejerce actuando dentro del marco de Derecho que otorga nuestra Constituci\u00f3n Nacional, y los Tratados Internacionales incorporados con jerarqu\u00eda constitucional, as\u00ed como las leyes laborales dictadas en consecuencia. Al frente de La L\u00e1cteo S.A. \u00a8curiosamente\u00a8 est\u00e1 quien en su momento condujo los desatinos, perd\u00f3n, los destinos de SanCor. Aver\u00edg\u00fcese cu\u00e1nto le cost\u00f3 a la empresa cooperativa desprenderse de aquel gerente general y aver\u00edg\u00fcese tambi\u00e9n el concepto que del susodicho tienen su ex socios.  Compitiendo deslealmente, constituyen adem\u00e1s una mancha, un vergonzoso desprestigio para el arco industrial lechero compuesto por una inmensa mayor\u00eda de empresarios honestos y capaces que conducen con inteligencia sus emprendimientos, y que jam\u00e1s se les ocurrir\u00eda echarle la culpa al sindicato ni a terceros, respecto de los p\u00e9simos resultados consecuencia de su paup\u00e9rrima gesti\u00f3n. LA GESTI\u00d3N DE ESTOS DIRECTIVOS FRACAS\u00d3, Y HAY UN CICLO CUMPLIDO.   DELEGADOS OBREROS DE SANCOR CUL Y LA L\u00c1CTEO S.A.  16\/01\/2024 <\/p>\n\n\n<figure class=\"wp-block-post-featured-image\"><img loading=\"lazy\" decoding=\"async\" width=\"720\" height=\"1005\" src=\"https:\/\/radiofenix.com.ar\/2023\/wp-content\/uploads\/2024\/01\/Screenshot_20240116-135641_Office.jpg\" class=\"attachment-post-thumbnail size-post-thumbnail wp-post-image\" alt=\"\" style=\"object-fit:cover;\" srcset=\"https:\/\/radiofenix.com.ar\/2023\/wp-content\/uploads\/2024\/01\/Screenshot_20240116-135641_Office.jpg 720w, https:\/\/radiofenix.com.ar\/2023\/wp-content\/uploads\/2024\/01\/Screenshot_20240116-135641_Office-215x300.jpg 215w\" sizes=\"auto, (max-width: 720px) 100vw, 720px\" \/><\/figure>","protected":false},"excerpt":{"rendered":"<p>Sigmund Freud define la culpa como \u201cuna variedad t\u00f3pica de la angustia\u201d, cuya proyecci\u00f3n consiste&#8230;<\/p>\n","protected":false},"author":3,"featured_media":192678,"comment_status":"open","ping_status":"open","sticky":true,"template":"","format":"standard","meta":{"footnotes":""},"categories":[12,18,7,6],"tags":[8,174,172],"class_list":["post-192677","post","type-post","status-publish","format-standard","has-post-thumbnail","hentry","category-destacado","category-regionales","category-sociedad","category-ultimasnoticias","tag-atilra","tag-la-lacteo","tag-sancor"],"featured_image_urls":{"full":["https:\/\/radiofenix.com.ar\/2023\/wp-content\/uploads\/2024\/01\/Screenshot_20240116-135641_Office.jpg",720,1005,false],"thumbnail":["https:\/\/radiofenix.com.ar\/2023\/wp-content\/uploads\/2024\/01\/Screenshot_20240116-135641_Office-150x150.jpg",150,150,true],"medium":["https:\/\/radiofenix.com.ar\/2023\/wp-content\/uploads\/2024\/01\/Screenshot_20240116-135641_Office-215x300.jpg",215,300,true],"medium_large":["https:\/\/radiofenix.com.ar\/2023\/wp-content\/uploads\/2024\/01\/Screenshot_20240116-135641_Office.jpg",640,893,false],"large":["https:\/\/radiofenix.com.ar\/2023\/wp-content\/uploads\/2024\/01\/Screenshot_20240116-135641_Office.jpg",640,893,false],"1536x1536":["https:\/\/radiofenix.com.ar\/2023\/wp-content\/uploads\/2024\/01\/Screenshot_20240116-135641_Office.jpg",720,1005,false],"2048x2048":["https:\/\/radiofenix.com.ar\/2023\/wp-content\/uploads\/2024\/01\/Screenshot_20240116-135641_Office.jpg",720,1005,false],"newsium-slider-full":["https:\/\/radiofenix.com.ar\/2023\/wp-content\/uploads\/2024\/01\/Screenshot_20240116-135641_Office-720x845.jpg",720,845,true],"newsium-featured":["https:\/\/radiofenix.com.ar\/2023\/wp-content\/uploads\/2024\/01\/Screenshot_20240116-135641_Office.jpg",720,1005,false],"newsium-medium":["https:\/\/radiofenix.com.ar\/2023\/wp-content\/uploads\/2024\/01\/Screenshot_20240116-135641_Office-720x475.jpg",720,475,true]},"author_info":{"info":["Radio Fenix"]},"category_info":"<a href=\"https:\/\/radiofenix.com.ar\/2023\/category\/destacado\/\" rel=\"category tag\">Destacado<\/a> <a href=\"https:\/\/radiofenix.com.ar\/2023\/category\/regionales\/\" rel=\"category tag\">Regionales<\/a> <a href=\"https:\/\/radiofenix.com.ar\/2023\/category\/sociedad\/\" rel=\"category tag\">Sociedad<\/a> <a href=\"https:\/\/radiofenix.com.ar\/2023\/category\/ultimasnoticias\/\" rel=\"category tag\">Ultimas Noticias<\/a>","tag_info":"Ultimas Noticias","comment_count":"0","_links":{"self":[{"href":"https:\/\/radiofenix.com.ar\/2023\/wp-json\/wp\/v2\/posts\/192677","targetHints":{"allow":["GET"]}}],"collection":[{"href":"https:\/\/radiofenix.com.ar\/2023\/wp-json\/wp\/v2\/posts"}],"about":[{"href":"https:\/\/radiofenix.com.ar\/2023\/wp-json\/wp\/v2\/types\/post"}],"author":[{"embeddable":true,"href":"https:\/\/radiofenix.com.ar\/2023\/wp-json\/wp\/v2\/users\/3"}],"replies":[{"embeddable":true,"href":"https:\/\/radiofenix.com.ar\/2023\/wp-json\/wp\/v2\/comments?post=192677"}],"version-history":[{"count":1,"href":"https:\/\/radiofenix.com.ar\/2023\/wp-json\/wp\/v2\/posts\/192677\/revisions"}],"predecessor-version":[{"id":192679,"href":"https:\/\/radiofenix.com.ar\/2023\/wp-json\/wp\/v2\/posts\/192677\/revisions\/192679"}],"wp:featuredmedia":[{"embeddable":true,"href":"https:\/\/radiofenix.com.ar\/2023\/wp-json\/wp\/v2\/media\/192678"}],"wp:attachment":[{"href":"https:\/\/radiofenix.com.ar\/2023\/wp-json\/wp\/v2\/media?parent=192677"}],"wp:term":[{"taxonomy":"category","embeddable":true,"href":"https:\/\/radiofenix.com.ar\/2023\/wp-json\/wp\/v2\/categories?post=192677"},{"taxonomy":"post_tag","embeddable":true,"href":"https:\/\/radiofenix.com.ar\/2023\/wp-json\/wp\/v2\/tags?post=192677"}],"curies":[{"name":"wp","href":"https:\/\/api.w.org\/{rel}","templated":true}]}}