{"id":192699,"date":"2024-01-18T08:57:53","date_gmt":"2024-01-18T08:57:53","guid":{"rendered":"https:\/\/radiofenix.com.ar\/2023\/mbappe-admitio-que-le-gustaria-participar-en-los-jjoo-de-paris-2024\/"},"modified":"2024-01-18T08:57:53","modified_gmt":"2024-01-18T08:57:53","slug":"mbappe-admitio-que-le-gustaria-participar-en-los-jjoo-de-paris-2024","status":"publish","type":"post","link":"https:\/\/radiofenix.com.ar\/2023\/mbappe-admitio-que-le-gustaria-participar-en-los-jjoo-de-paris-2024\/","title":{"rendered":"Mbapp\u00e9 admiti\u00f3 que le gustar\u00eda participar en los JJOO de Par\u00eds 2024"},"content":{"rendered":"<div>\n<figure class=\"mb-3\"><img decoding=\"async\" src=\"https:\/\/www.telam.com.ar\/thumbs\/bluesteel\/advf\/imagenes\/2023\/03\/641997e960c1e_1200.jpg\" class=\" lazy \" width=\"100%\" height=\"100%\" alt=\"Kylian Mbapp con la camiseta de Francia \"\/><figcaption> Kylian Mbapp\u00e9 con la camiseta de Francia. <\/figcaption><\/figure>\n<p> El franc\u00e9s Kylian Mbapp\u00e9, delantero del Paris Saint-Germain (PSG), admiti\u00f3 que le \u00abgustar\u00eda\u00bb participar de los Juegos Ol\u00edmpicos Par\u00eds 2024, aunque reconoci\u00f3 que esa posibilidad no es una decisi\u00f3n que dependa de \u00e9l y agreg\u00f3 que \u00abno quiero forzar las cosas en esta etapa de mi carrera\u00bb.<\/p>\n<p>\u00ab<strong>Estoy en una etapa de mi vida y de mi carrera en la que ya no quiero forzar las cosas, pero si me lo permiten estar\u00e9 encantado de representar a mi pa\u00eds en los Juegos Ol\u00edmpicos de Par\u00eds <\/strong>(del 26 de julio al 11 de agosto)\u00bb, declar\u00f3 Mbapp\u00e9 a la revista GQ, en la que su imagen es la portada de ese medio.<\/p>\n<p>La estrella y capit\u00e1n del PSG, campe\u00f3n del mundo con Francia en Rusia 2018, subray\u00f3 que \u00abpara cualquier deportista, los Juegos Ol\u00edmpicos ocupan un lugar especial, y yo ya quise ir a Tokio, porque quiero ganarlo todo y escribir mi nombre en la historia de la selecci\u00f3n francesa en una oportunidad como una cita ol\u00edmpica; pero si no se da, lo entender\u00e9\u00bb.<\/p>\n<p><strong>Consultado sobre la cantidad de partidos que disputan los clubes europeos al a\u00f1o, Mbapp\u00e9 opin\u00f3 que \u00abparece que nos acercamos al modelo de la NBA, con temporadas de setenta partidos.<\/strong> Personalmente, no estoy en contra de jugar tantos partidos, pero no podremos ser buenos siempre y dar al p\u00fablico el espect\u00e1culo que espera\u00bb.<\/p>\n<p>\u00ab<strong>Si hoy decidiera decir &#8216;estoy cansado, no voy a jugar el s\u00e1bado&#8217;, no saldr\u00eda bien parado\u00bb, expres\u00f3 el delantero<\/strong> de 25 a\u00f1os. Y a\u00f1adi\u00f3: \u00abNo quiero dar lecciones a nadie, pero tenemos que pensar juntos para ofrecer el mejor espect\u00e1culo posible, de modo que jugadores, espectadores y autoridades puedan respaldarlo\u00bb.<\/p>\n<p>Por \u00faltimo, sobre los cambios en su equipo, <strong>el atacante sostuvo que \u00abmuchos grandes jugadores que marcaron la historia del f\u00fatbol se fueron de Europa y creo que estamos entrando en una nueva era\u00bb.<\/strong><\/p>\n<p>\u00abEsto es parte del ciclo de este deporte y en alg\u00fan momento a m\u00ed tambi\u00e9n me tocar\u00e1 marcharme. No me preocupan esos cambios. Simplemente pienso en continuar con mi carrera y seguir mi propio camino\u00bb, apunt\u00f3, dejando abierta la posibilidad de una pr\u00f3xima salida del PSG. <\/p>\n<\/div>\n<p><script async defer crossorigin=\"anonymous\" src=\"https:\/\/connect.facebook.net\/es_LA\/sdk.js#xfbml=1&#038;version=v12.0\" nonce=\"SBlHQzIF\"><\/script><br \/><a href=\"https:\/\/www.telam.com.ar\/notas\/202401\/652756-futbol-francia-mbappe-juegos-olimpicos-paris.html\">source<\/a><\/p>\n","protected":false},"excerpt":{"rendered":"<p>Kylian Mbapp\u00e9 con la camiseta de Francia. El franc\u00e9s Kylian Mbapp\u00e9, delantero del Paris Saint-Germain&#8230;<\/p>\n","protected":false},"author":0,"featured_media":192700,"comment_status":"open","ping_status":"open","sticky":false,"template":"","format":"standard","meta":{"footnotes":""},"categories":[3],"tags":[],"class_list":["post-192699","post","type-post","status-publish","format-standard","has-post-thumbnail","hentry","category-deportes"],"featured_image_urls":{"full":["https:\/\/radiofenix.com.ar\/2023\/wp-content\/uploads\/2024\/01\/wp-header-logo-146.png",1024,576,false],"thumbnail":["https:\/\/radiofenix.com.ar\/2023\/wp-content\/uploads\/2024\/01\/wp-header-logo-146-150x150.png",150,150,true],"medium":["https:\/\/radiofenix.com.ar\/2023\/wp-content\/uploads\/2024\/01\/wp-header-logo-146-300x169.png",300,169,true],"medium_large":["https:\/\/radiofenix.com.ar\/2023\/wp-content\/uploads\/2024\/01\/wp-header-logo-146-768x432.png",640,360,true],"large":["https:\/\/radiofenix.com.ar\/2023\/wp-content\/uploads\/2024\/01\/wp-header-logo-146.png",640,360,false],"1536x1536":["https:\/\/radiofenix.com.ar\/2023\/wp-content\/uploads\/2024\/01\/wp-header-logo-146.png",1024,576,false],"2048x2048":["https:\/\/radiofenix.com.ar\/2023\/wp-content\/uploads\/2024\/01\/wp-header-logo-146.png",1024,576,false],"newsium-slider-full":["https:\/\/radiofenix.com.ar\/2023\/wp-content\/uploads\/2024\/01\/wp-header-logo-146.png",1024,576,false],"newsium-featured":["https:\/\/radiofenix.com.ar\/2023\/wp-content\/uploads\/2024\/01\/wp-header-logo-146.png",1024,576,false],"newsium-medium":["https:\/\/radiofenix.com.ar\/2023\/wp-content\/uploads\/2024\/01\/wp-header-logo-146-720x475.png",720,475,true]},"author_info":{"info":[""]},"category_info":"<a href=\"https:\/\/radiofenix.com.ar\/2023\/category\/deportes\/\" rel=\"category tag\">Deportes<\/a>","tag_info":"Deportes","comment_count":"0","_links":{"self":[{"href":"https:\/\/radiofenix.com.ar\/2023\/wp-json\/wp\/v2\/posts\/192699","targetHints":{"allow":["GET"]}}],"collection":[{"href":"https:\/\/radiofenix.com.ar\/2023\/wp-json\/wp\/v2\/posts"}],"about":[{"href":"https:\/\/radiofenix.com.ar\/2023\/wp-json\/wp\/v2\/types\/post"}],"replies":[{"embeddable":true,"href":"https:\/\/radiofenix.com.ar\/2023\/wp-json\/wp\/v2\/comments?post=192699"}],"version-history":[{"count":0,"href":"https:\/\/radiofenix.com.ar\/2023\/wp-json\/wp\/v2\/posts\/192699\/revisions"}],"wp:featuredmedia":[{"embeddable":true,"href":"https:\/\/radiofenix.com.ar\/2023\/wp-json\/wp\/v2\/media\/192700"}],"wp:attachment":[{"href":"https:\/\/radiofenix.com.ar\/2023\/wp-json\/wp\/v2\/media?parent=192699"}],"wp:term":[{"taxonomy":"category","embeddable":true,"href":"https:\/\/radiofenix.com.ar\/2023\/wp-json\/wp\/v2\/categories?post=192699"},{"taxonomy":"post_tag","embeddable":true,"href":"https:\/\/radiofenix.com.ar\/2023\/wp-json\/wp\/v2\/tags?post=192699"}],"curies":[{"name":"wp","href":"https:\/\/api.w.org\/{rel}","templated":true}]}}