{"id":192701,"date":"2024-01-18T08:57:54","date_gmt":"2024-01-18T08:57:54","guid":{"rendered":"https:\/\/radiofenix.com.ar\/2023\/el-calendario-electoral-internacional-de-2024\/"},"modified":"2024-01-18T08:57:54","modified_gmt":"2024-01-18T08:57:54","slug":"el-calendario-electoral-internacional-de-2024","status":"publish","type":"post","link":"https:\/\/radiofenix.com.ar\/2023\/el-calendario-electoral-internacional-de-2024\/","title":{"rendered":"El calendario electoral internacional de 2024"},"content":{"rendered":"<p>Por orden cronol\u00f3gico, las siguientes son algunas de las elecciones m\u00e1s relevantes a llevarse a cabo durante el a\u00f1o 2024:<\/p>\n<div> <span class=\"badge badge-primary\">Domingo 4 de febrero<\/span><\/p>\n<h2 class=\"\">EL SALVADOR<\/h2>\n<p><span class=\"badge badge-primary\">Presidenciales y legislativas<\/span><\/p>\n<figure class=\"mb-3\"><img decoding=\"async\" src=\"https:\/\/www.telam.com.ar\/thumbs\/bluesteel\/advf\/imagenes\/2020\/02\/5e41c4c38af00_1200.png\" class=\" lazy \" width=\"100%\" height=\"100%\" alt=\"Bukele buscar la reeleccin en El Salvador\"\/><figcaption> Bukele buscar\u00e1 la reelecci\u00f3n en El Salvador <\/figcaption><\/figure>\n<p> Los salvadore\u00f1os votar\u00e1n conjuntamente jefe de Estado y a la totalidad de los 60 miembros de su Asamblea Legislativa. El actual mandatario, Nayib Bukele, quien asumi\u00f3 en 2019 e hizo de la seguridad ciudadana su principal objetivo va por la reelecci\u00f3n y otro lustro en el poder con su partido Nuevas Ideas. Por la oposici\u00f3n se destacan el empresario Joel S\u00e1nchez del partido Alianza Conservadora Nacional (ARENA) y el diputado Manuel Flores del progresista Frente Farabundo Mart\u00ed para la Liberaci\u00f3n Nacional (FMLN).<\/p>\n<p><span class=\"badge badge-primary\">Mi\u00e9rcoles 14 de febrero<\/span><\/p>\n<h2 class=\"\">INDONESIA<\/h2>\n<p><span class=\"badge badge-primary\">Presidenciales y legislativas<\/span><\/p>\n<figure class=\"mb-3\"><img decoding=\"async\" src=\"https:\/\/www.telam.com.ar\/thumbs\/bluesteel\/advf\/imagenes\/2019\/04\/5caa69bfdc22a_1200.jpg\" class=\" lazy \" width=\"100%\" height=\"100%\" alt=\"El actual ministro de Defensa Prabowo Subianto va por la presidencia con su partido Gerindra\"\/><figcaption> El actual ministro de Defensa, Prabowo Subianto, va por la presidencia con su partido Gerindra <\/figcaption><\/figure>\n<p> Tras una d\u00e9cada de Joko Widodo en la Presidencia, los habitantes del estado-archipi\u00e9lago m\u00e1s grande del mundo podr\u00e1n optar entre Ganjar Pranowo, exgobernador de Java y candidato del oficialista Partido Democr\u00e1tico Indonesio en Lucha (PDI-P);\u00a0Prabowo Subianto, actual ministro de Defensa y candidato del partido Gerindra en la coalici\u00f3n Indonesia Avanza; y\u00a0Anies Baswedan, exgobernador de Jakarta y candidato de la coalici\u00f3n Cambia. En la misma fecha, se renueva la C\u00e1mara de Representantes de 580 miembros.<\/p>\n<p><span class=\"badge badge-primary\">Viernes 15 al domingo 17 de marzo<\/span><\/p>\n<h2 class=\"\">RUSIA<\/h2>\n<p><span class=\"badge badge-primary\">Presidenciales<\/span><\/p>\n<figure class=\"mb-3\"><img decoding=\"async\" src=\"https:\/\/www.telam.com.ar\/thumbs\/bluesteel\/advf\/imagenes\/2018\/03\/5aad2683866b4_1200.jpg\" class=\" lazy \" width=\"100%\" height=\"100%\" alt=\"Putin va en bsqueda de otro mandato hasta el 2030\"\/><figcaption> Putin va en b\u00fasqueda de otro mandato hasta el 2030 <\/figcaption><\/figure>\n<p> Durante tres jornadas los ciudadanos de la Federaci\u00f3n Rusa eligen a su mandatario por los pr\u00f3ximos 6 a\u00f1os. El actual jefe de Estado, Vladimir Putin, buscar\u00e1 seguir en el poder como en los \u00faltimos 25 a\u00f1os donde altern\u00f3 entre presidente y primer ministro del pa\u00eds euroasi\u00e1tico, apoyado por el partido oficialista Rusia Unida en el Frente Popular de Toda Rusia. Por la oposici\u00f3n se destacan: el diputado\u00a0Nikol\u00e1i Kharitonov del hist\u00f3rico Partido Comunista, el l\u00edder del Partido Liberal Dem\u00f3crata\u00a0Leonid Slutsky y el vicepresidente de la Duma, Vladislav\u00a0Davankov, del partido Gente Nueva.<\/p>\n<p><span class=\"badge badge-primary\">Domingo 5 de mayo<\/span><\/p>\n<h2 class=\"\">PANAM\u00c1<\/h2>\n<p><span class=\"badge badge-primary\">Presidenciales y legislativas<\/span><\/p>\n<figure class=\"mb-3\"><img decoding=\"async\" src=\"https:\/\/www.telam.com.ar\/thumbs\/bluesteel\/advf\/imagenes\/2023\/07\/64b6c85e50ff6_1200.jpg\" class=\" lazy \" width=\"100%\" height=\"100%\" alt=\"Tras los escndalos Ricardo Martinelli vuelve a buscar la Presidencia Foto AFP\"\/><figcaption> Tras los esc\u00e1ndalos, Ricardo Martinelli vuelve a buscar la Presidencia. Foto: AFP <\/figcaption><\/figure>\n<p> Los paname\u00f1os elegir\u00e1n en la misma fecha al nuevo mandatario y los 71 diputados de la Asamblea Nacional. Entre los principales candidatos se destacan: el pol\u00e9mico expresidente 2009-14, Ricardo Martinelli, quien goza de alta popularidad a pesar de haber pasado por la c\u00e1rcel tras su mandato y va por el partido Realizando Metas (RM) en la Alianza para Salvar a Panam\u00e1; el actual vicepresidente de la Naci\u00f3n, Jos\u00e9 Gabriel Carrizo, del Partido Revolucionario Democr\u00e1tico (PRD); el expresidente 2004-09, Mart\u00edn Torrijos del Partido Popular; y el exministro R\u00f3mulo Roux de Cambio Democr\u00e1tico.<\/p>\n<p><span class=\"badge badge-primary\">Domingo 19 de mayo<\/span><\/p>\n<h2 class=\"\">REP\u00daBLICA DOMINICANA<\/h2>\n<p><span class=\"badge badge-primary\">Presidenciales y legislativas<\/span><\/p>\n<figure class=\"mb-3\"><img decoding=\"async\" src=\"https:\/\/www.telam.com.ar\/thumbs\/bluesteel\/advf\/imagenes\/2024\/01\/65a5b0aa9806e_1200.jpg\" class=\" lazy \" width=\"100%\" height=\"100%\" alt=\"Abinader va por la reeleccin Foto AFP\"\/><figcaption> Abinader va por la reelecci\u00f3n. Foto: AFP <\/figcaption><\/figure>\n<p> Este pa\u00eds caribe\u00f1o se renueva la Presidencia, 190 miembros de la C\u00e1mara de Diputados y 32 senadores. El actual mandatario, Luis Abinader, del Partido Revolucionario Moderno (PRM) ir\u00e1 por otros cuatro a\u00f1os al frente del Gobierno; entre su principales rivales se destacan el expresidente (1996-2000 y 2004-12), Leonel Fern\u00e1ndez, de Fuerza del Pueblo; y el alcalde de Santiago de los Caballeros, Abel Mart\u00ednez, del Partido de la Liberaci\u00f3n Democr\u00e1tica (PLD).<\/p>\n<p><span class=\"badge badge-primary\">Mayo, fecha a determinar<\/span><\/p>\n<h2 class=\"\">SUD\u00c1FRICA<\/h2>\n<p><span class=\"badge badge-primary\">Parlamentarias<\/span><\/p>\n<figure class=\"mb-3\"><img decoding=\"async\" src=\"https:\/\/www.telam.com.ar\/thumbs\/bluesteel\/advf\/imagenes\/2018\/02\/5a858d011d58c_1200.jpg\" class=\" lazy \" width=\"100%\" height=\"100%\" alt=\"Cyril Ramaphosa actual presidente sudafricano\"\/><figcaption> Cyril Ramaphosa, actual presidente sudafricano <\/figcaption><\/figure>\n<p> En este importante pa\u00eds africano y miembro de los BRICS, los ciudadanos podr\u00e1n renovar a los 400 miembros de la Asamblea Nacional, donde luego se definir\u00e1 al Presidente de la Naci\u00f3n. Por el oficialista Congreso Nacional Africano (ANC) se presenta nuevamente el actual mandatario Cyril Ramaphosa; el parlamentario, John Steenhuisenel, se presenta por el principal partido de oposici\u00f3n Alianza Democr\u00e1tica (DA); y Julius Malema va por Luchadores por la Libertad Econ\u00f3mica (EFF).<\/p>\n<p><span class=\"badge badge-primary\">Mayo, fecha a determinar<\/span><\/p>\n<h2 class=\"\">INDIA<\/h2>\n<p> <span class=\"badge badge-primary\">Parlamentarias<\/span><\/p>\n<figure class=\"mb-3\"><img decoding=\"async\" src=\"https:\/\/www.telam.com.ar\/thumbs\/bluesteel\/advf\/imagenes\/2019\/04\/5cae25d21b823_1200.jpg\" class=\" lazy \" width=\"100%\" height=\"100%\" alt=\"La mayor democracia del mundo renueva su Parlamento\"\/><figcaption> La mayor democracia del mundo renueva su Parlamento <\/figcaption><\/figure>\n<p> En la mayor democracia del planeta se definir\u00e1n en varias jornadas de votaci\u00f3n a los 543 miembros del Parlamento (Lok Sabha). El actual primer ministro Narenda Modri cumple una d\u00e9cada en el poder y busca dejar el bast\u00f3n de mando a\u00a0Jagat Prakash Nadda, exministro y l\u00edder del oficialista Partido Popular Indio (BJP) en la Alianza Democr\u00e1tica Nacional. Por la oposici\u00f3n se presenta el parlamentario, Rahul Rajiv Gandhi, del Congreso Nacional Indio (INC) en la Alianza Progresista Unida.<\/p>\n<p><span class=\"badge badge-primary\">Domingo 2 de junio<\/span><\/p>\n<h2 class=\"\">M\u00c9XICO<\/h2>\n<p><span class=\"badge badge-primary\">Presidenciales y legislativas<\/span><\/p>\n<figure class=\"mb-3\"><img decoding=\"async\" src=\"https:\/\/www.telam.com.ar\/thumbs\/bluesteel\/advf\/imagenes\/2023\/08\/64eff5c560b60_1200.jpg\" class=\" lazy \" width=\"100%\" height=\"100%\" alt=\"Xochitl Galvez es la principal candidata opositora Foto AFP\"\/><figcaption> Xochitl Galvez es la principal candidata opositora. Foto AFP <\/figcaption><\/figure>\n<p> Tras el sexsenio de Andr\u00e9s L\u00f3pez Obrador, el Movimiento de Regeneraci\u00f3n Nacional (Morena) buscar\u00e1 mantenerse en el poder y en esta ocasi\u00f3n postula a\u00a0Claudia Sheinbaum, la ex jefa de gobierno de Ciudad de M\u00e9xico encabezando la alianza Sigamos Haciendo Historia. Por la oposici\u00f3n la principal candidata es\u00a0X\u00f3chitl G\u00e1lvez, ex senadora y exalcaldesa que encabeza la coalici\u00f3n Fuerza y Coraz\u00f3n por M\u00e9xico conformada por las siguientes fuerzas pol\u00edticas: Partido Revolucionario Institucional (PRI), el Partido Acci\u00f3n Nacional (PAN) y el Partido de la Revoluci\u00f3n Democr\u00e1tica (PRD).\u00a0<\/p>\n<p><span class=\"badge badge-primary\">Jueves 6 al domingo 9 de junio<\/span><\/p>\n<h2 class=\"\">UNI\u00d3N EUROPEA<\/h2>\n<p><span class=\"badge badge-primary\">Parlamentarias<\/span><\/p>\n<figure class=\"mb-3\"><img decoding=\"async\" src=\"https:\/\/www.telam.com.ar\/thumbs\/bluesteel\/advf\/imagenes\/2023\/09\/64f9b80a795ad_1200.jpg\" class=\" lazy \" width=\"100%\" height=\"100%\" alt=\"Los ciudadanos de 27 estados renovarn la Eurocmara Foto AFP\"\/><figcaption> Los ciudadanos de 27 estados renovar\u00e1n la Euroc\u00e1mara. Foto: AFP <\/figcaption><\/figure>\n<p> En los 27 pa\u00edses de la Uni\u00f3n se elegir\u00e1n proporcionalmente las 705 bancas de la Euroc\u00e1mara.\u00a0Este organismo legislativo ser\u00e1 el responsable de votar al presidente de la Comisi\u00f3n Europea, que haya propuesto el Consejo Europeo en funci\u00f3n de los resultados electrorales. Los principales bloque pol\u00edticos son: el Partido Popular Europeo, la Alianza de Alianza Progresista de Socialsitas y Dem\u00f3cratas, los liberales de Renovar Europa (ex ALDE), los nacionalistas de Identidad Democr\u00e1tica, Los Verdes, los Conservadores y Reformistas Europeos (ECR) y el Grupo Confederal de Izquierda Europea.\u00a0<\/p>\n<p><span class=\"badge badge-primary\">Domingo 27 de octubre<\/span><\/p>\n<h2 class=\"\">URUGUAY<\/h2>\n<p><span class=\"badge badge-primary\">Presidenciales y legislativas<\/span><\/p>\n<figure class=\"mb-3\"><img decoding=\"async\" src=\"https:\/\/www.telam.com.ar\/thumbs\/bluesteel\/advf\/imagenes\/2014\/11\/547b37a69f1ca_1200.jpg\" class=\" lazy \" width=\"100%\" height=\"100%\" alt=\"Los uruguayos renuevan su Congreso y la Presidencia\"\/><figcaption> Los uruguayos renuevan su Congreso y la Presidencia <\/figcaption><\/figure>\n<p> En la Banda Oriental se elegir\u00e1 jefe de Estado por el pr\u00f3ximo lustro, 99 miembros de la C\u00e1mara de Diputados y a los 30 miembros del Senado. Todav\u00eda sin definici\u00f3n de candidatos que surgir\u00e1n de elecciones primarias, la principal fuerza pol\u00edtica de oposici\u00f3n es el progresista Frente Amplio, que intentar\u00e1 volver al poder tras el gobierno de Luis Lacalle Pou del Partido Nacional, quien lider\u00f3 el Ejecutivo en coalci\u00f3n con el Partido Colorado y Cabildo Abierto, pero como en Uruguay no hay reelecci\u00f3n presidencial, no podr\u00e1 presentarse a un nuevo per\u00edodo consecutivo.<\/p>\n<p><span class=\"badge badge-primary\">Martes 5 de noviembre<\/span><\/p>\n<h2 class=\"\">ESTADOS UNIDOS<\/h2>\n<p><span class=\"badge badge-primary\">Presidenciales y legislativas<\/span><\/p>\n<figure class=\"mb-3\"><img decoding=\"async\" src=\"https:\/\/www.telam.com.ar\/thumbs\/bluesteel\/advf\/imagenes\/2021\/06\/60d877b365b40_1200.jpg\" class=\" lazy \" width=\"100%\" height=\"100%\" alt=\"Trump quiere volver a la Presidencia Foto AFP\"\/><figcaption> Trump quiere volver a la Presidencia. Foto: AFP <\/figcaption><\/figure>\n<p> Inmersos en el largo proceso de elecciones primarias por estado, los partidos pol\u00edticos tradicionales Dem\u00f3crata y Republicano definen a sus candidatos; en el Partido Dem\u00f3crata anunci\u00f3 su candidatura a la reelecci\u00f3n Joe Biden, tambi\u00e9n est\u00e1n el congresista Dean Phillips y la escritora Marianne Willianson; en el Partido Republicano se destaca por tercera vez consecutiva Donald Trump, expresidente 2017-21 que busca volver a la Casa Blanca, tambi\u00e9n se destacan las candidaturas del gobernador de Florida Ron DeSantis y la exgobernadora de Carolina del Sur, Nikki Haley. Por Fuera de los partidos tradicionales se destaca Robert F. Kennedy Jr. que se postula como independiente. En la misma fecha, se eligen 435 miembros de la C\u00e1mara de Representantes y 34 Senadores.<\/p>\n<p><span class=\"badge badge-primary\">Diciembre, fecha a determinar<\/span><\/p>\n<h2 class=\"\">ARGELIA<\/h2>\n<p><span class=\"badge badge-primary\">Presidenciales<\/span><\/p>\n<figure class=\"mb-3\"><img decoding=\"async\" src=\"https:\/\/www.telam.com.ar\/thumbs\/bluesteel\/advf\/imagenes\/2019\/04\/5ca4e2af1cad1_1200.jpg\" class=\" lazy \" width=\"100%\" height=\"100%\" alt=\"Los argelino elegirn jefe de Estado Foto AFP\"\/><figcaption> Los argelino elegir\u00e1n jefe de Estado. Foto: AFP <\/figcaption><\/figure>\n<\/div>\n<p style=\"display: inline;\"> En el pa\u00eds m\u00e1s extenso de \u00c1frica se define jefe de Estado, donde el actual mandatario Abdelmadjid Tebboune buscar\u00e1 la reelecci\u00f3n para un nuevo per\u00edodo de 5 a\u00f1os. A\u00fan sin definir candidaturas, los opositores se preparan para intentar dar un batacazo en las urnas a fin de a\u00f1o. <\/p>\n<p><script async defer crossorigin=\"anonymous\" src=\"https:\/\/connect.facebook.net\/es_LA\/sdk.js#xfbml=1&#038;version=v12.0\" nonce=\"SBlHQzIF\"><\/script><br \/><a href=\"https:\/\/www.telam.com.ar\/notas\/202401\/652572-el-calendario-electoral-internacional-de-2024.html\">source<\/a><\/p>\n","protected":false},"excerpt":{"rendered":"<p>Por orden cronol\u00f3gico, las siguientes son algunas de las elecciones m\u00e1s relevantes a llevarse a&#8230;<\/p>\n","protected":false},"author":0,"featured_media":192702,"comment_status":"open","ping_status":"open","sticky":false,"template":"","format":"standard","meta":{"footnotes":""},"categories":[60],"tags":[],"class_list":["post-192701","post","type-post","status-publish","format-standard","has-post-thumbnail","hentry","category-internacional"],"featured_image_urls":{"full":["https:\/\/radiofenix.com.ar\/2023\/wp-content\/uploads\/2024\/01\/wp-header-logo-147.png",1000,562,false],"thumbnail":["https:\/\/radiofenix.com.ar\/2023\/wp-content\/uploads\/2024\/01\/wp-header-logo-147-150x150.png",150,150,true],"medium":["https:\/\/radiofenix.com.ar\/2023\/wp-content\/uploads\/2024\/01\/wp-header-logo-147-300x169.png",300,169,true],"medium_large":["https:\/\/radiofenix.com.ar\/2023\/wp-content\/uploads\/2024\/01\/wp-header-logo-147-768x432.png",640,360,true],"large":["https:\/\/radiofenix.com.ar\/2023\/wp-content\/uploads\/2024\/01\/wp-header-logo-147.png",640,360,false],"1536x1536":["https:\/\/radiofenix.com.ar\/2023\/wp-content\/uploads\/2024\/01\/wp-header-logo-147.png",1000,562,false],"2048x2048":["https:\/\/radiofenix.com.ar\/2023\/wp-content\/uploads\/2024\/01\/wp-header-logo-147.png",1000,562,false],"newsium-slider-full":["https:\/\/radiofenix.com.ar\/2023\/wp-content\/uploads\/2024\/01\/wp-header-logo-147.png",1000,562,false],"newsium-featured":["https:\/\/radiofenix.com.ar\/2023\/wp-content\/uploads\/2024\/01\/wp-header-logo-147.png",1000,562,false],"newsium-medium":["https:\/\/radiofenix.com.ar\/2023\/wp-content\/uploads\/2024\/01\/wp-header-logo-147-720x475.png",720,475,true]},"author_info":{"info":[""]},"category_info":"<a href=\"https:\/\/radiofenix.com.ar\/2023\/category\/internacional\/\" rel=\"category tag\">Internacional<\/a>","tag_info":"Internacional","comment_count":"0","_links":{"self":[{"href":"https:\/\/radiofenix.com.ar\/2023\/wp-json\/wp\/v2\/posts\/192701","targetHints":{"allow":["GET"]}}],"collection":[{"href":"https:\/\/radiofenix.com.ar\/2023\/wp-json\/wp\/v2\/posts"}],"about":[{"href":"https:\/\/radiofenix.com.ar\/2023\/wp-json\/wp\/v2\/types\/post"}],"replies":[{"embeddable":true,"href":"https:\/\/radiofenix.com.ar\/2023\/wp-json\/wp\/v2\/comments?post=192701"}],"version-history":[{"count":0,"href":"https:\/\/radiofenix.com.ar\/2023\/wp-json\/wp\/v2\/posts\/192701\/revisions"}],"wp:featuredmedia":[{"embeddable":true,"href":"https:\/\/radiofenix.com.ar\/2023\/wp-json\/wp\/v2\/media\/192702"}],"wp:attachment":[{"href":"https:\/\/radiofenix.com.ar\/2023\/wp-json\/wp\/v2\/media?parent=192701"}],"wp:term":[{"taxonomy":"category","embeddable":true,"href":"https:\/\/radiofenix.com.ar\/2023\/wp-json\/wp\/v2\/categories?post=192701"},{"taxonomy":"post_tag","embeddable":true,"href":"https:\/\/radiofenix.com.ar\/2023\/wp-json\/wp\/v2\/tags?post=192701"}],"curies":[{"name":"wp","href":"https:\/\/api.w.org\/{rel}","templated":true}]}}