{"id":192703,"date":"2024-01-18T08:57:58","date_gmt":"2024-01-18T08:57:58","guid":{"rendered":"https:\/\/radiofenix.com.ar\/2023\/trabajadores-del-conicet-realizaron-un-ruidazo-para-denunciar-despidos\/"},"modified":"2024-01-18T08:57:58","modified_gmt":"2024-01-18T08:57:58","slug":"trabajadores-del-conicet-realizaron-un-ruidazo-para-denunciar-despidos","status":"publish","type":"post","link":"https:\/\/radiofenix.com.ar\/2023\/trabajadores-del-conicet-realizaron-un-ruidazo-para-denunciar-despidos\/","title":{"rendered":"Trabajadores del Conicet realizaron un &quot;ruidazo&quot; para denunciar &quot;despidos&quot;"},"content":{"rendered":"<div>\n<div class=\"video_repositive\"> <a class=\"video_sticky\" href=\"javascript:void();\" onclick=\"removeStuckVideo(true);\"><i class=\"far fa-window-close\"\/><\/a> <\/p>\n<div id=\"CEBAo__Qy18\" class=\"video_telam\" style=\"background-image:url('https:\/\/img.youtube.com\/vi\/CEBAo__Qy18\/hqdefault.jpg');background-position: center center;\">\n<div class=\"feature_article_inner\">\n<p><h2 class=\"text-center\">Trabajadores del Conicet realizan un \u00abruidazo\u00bb para denunciar \u00abdespidos\u00bb<\/h2>\n<\/p><\/div>\n<p>VER VIDEO <i class=\"fas fa-play\"\/><\/p>\n<\/p><\/div>\n<\/p><\/div>\n<p>Trabajadores del Consejo Nacional de Investigaciones Cient\u00edficas y T\u00e9cnicas (Conicet) realizaron este mi\u00e9rcoles una \u00abasamblea y ruidazo\u00bb en el Polo Cient\u00edfico porte\u00f1o para denunciar \u00abdespidos en el sector administrativo y \u00abvaciamiento\u00bb del organismo.<\/p>\n<p>La protesta comenz\u00f3 a las 11 convocada por la junta interna de trabajadores del Conicet, agrupados en la Asociaci\u00f3n Trabajadores del Estado (ATE) de la Ciudad de Buenos Aires, y se llev\u00f3 a cabo en la explanada del Polo Cient\u00edfico, ubicado en Godoy Cruz 2320, en el barrio porte\u00f1o de Palermo.<\/p>\n<p>La secretaria general de ATE-Conicet de La Plata, Agustina L\u00f3pez Villar, dijo en declaraciones a T\u00e9lam que \u00aben el d\u00eda de ayer, llegaron notificaciones de la rescisi\u00f3n de 50 contratos de trabajadores administrativos de planta transitoria de renovaci\u00f3n anual, a los que se les vence el 31 de enero, pero tambi\u00e9n sabemos que est\u00e1n llegando algunas rescisiones de contrato tambi\u00e9n de monotributistas\u00bb.<\/p>\n<blockquote class=\"\"><p>Mariano Del Popolo, secretario de organizaci\u00f3n y prensa de ATE-Conicet de Capital Federal, afirm\u00f3 a esta agencia que \u00aba lo angustiante de la situaci\u00f3n, se suma la suspensi\u00f3n de la publicaci\u00f3n de los resultados de la convocatoria a becas doctorales de 2023, por falta de presupuesto\u00bb<\/p><\/blockquote>\n<p> L\u00f3pez Villar destac\u00f3 que al enterarse de los despidos \u00abr\u00e1pidamente llamamos a una asamblea para que nos reciban las autoridades y poder dialogar sobre el tema, ya que los despidos se est\u00e1n dando en las dependencias de Conicet en todo el pa\u00eds\u00bb.<\/p>\n<p>\u00abHoy est\u00e1n llegando las notificaciones de la firma de la adenda hasta el 31 de marzo para los contratos 2024, con lo cual va a haber m\u00e1s despidos\u00bb, apunt\u00f3 la dirigente.<\/p>\n<p>Por su parte, Mariano Del Popolo, secretario de organizaci\u00f3n y prensa de ATE-Conicet de Capital Federal, afirm\u00f3 a esta agencia que \u00aba lo angustiante de la situaci\u00f3n, se suma la suspensi\u00f3n de la publicaci\u00f3n de los resultados de la convocatoria a becas doctorales de 2023, por falta de presupuesto\u00bb.<\/p>\n<p><figure class=\"mb-3\"><img decoding=\"async\" src=\"https:\/\/www.telam.com.ar\/thumbs\/bluesteel\/advf\/imagenes\/2024\/01\/65a7ed635d950_1200.jpg\" class=\" lazy \" width=\"100%\" height=\"100%\" alt=\"Foto Victoria Gesualdi\"\/><figcaption> Foto: Victoria Gesualdi <\/figcaption><\/figure>\n<p>El investigador y dirigente afirm\u00f3 que \u00abdesde ATE entendemos que esto es reci\u00e9n el principio, por eso convocamos a esta asamblea y ruidazo en el d\u00eda de hoy como movida previa al paro nacional del 24\u00bb.<\/p>\n<p>Del Popolo remarc\u00f3 que los trabajadores exigen que el designado presidente del Conicet \u00ab(Daniel) Salamone d\u00e9 la cara, que hable, que explique por qu\u00e9 son los 50 despidos y que se publiquen urgente los resultados de las becas y las promociones de los investigadores\u00bb.<\/p>\n<p>Una de las postulantes a la beca doctoral 2023, Abril Marcolongo, al tomar la palabra en la asamblea dijo que como presidenta del Centro de estudiantes de la Facultad de Ciencias Exactas y Naturales de la UBA \u00abcuenten con nuestro apoyo y solidaridad\u00bb.<\/p>\n<blockquote class=\"\"><p>Sonia Winner, doctora en Ciencias Sociales y trabajadora de Conicet apunt\u00f3 que \u00abesto es el inicio de un cientificidio, porque vaciar el sistema y empezar a despedir trabajadores administrativos es el comienzo del vaciamiento de la ciencia y la tecnolog\u00eda en nuestro pa\u00eds\u00bb<\/p><\/blockquote>\n<p> \u00abNuestro pa\u00eds necesita de nosotros, de los estudiantes, de los becarios doctorales para salir adelante. No es posible tener soberan\u00eda en este pa\u00eds si no es con un sistema cient\u00edfico y tecnol\u00f3gico s\u00f3lido. Y eso s\u00f3lo es posible si lo hacemos con las becas doctorales\u00bb, precis\u00f3.<\/p>\n<p>En tanto, Sonia Winner, doctora en Ciencias Sociales y trabajadora de Conicet apunt\u00f3 que \u00abesto es el inicio de un cientificidio, porque vaciar el sistema y empezar a despedir trabajadores administrativos es el comienzo del vaciamiento de la ciencia y la tecnolog\u00eda en nuestro pa\u00eds\u00bb.<\/p>\n<p>En la asamblea, en la que participaron investigadores, becarios, trabajadores administrativos, docentes universitarios, tambi\u00e9n tambi\u00e9n estuvieron presentes los J\u00f3venes Cient\u00edficos Precarizados (JCP) y el Consejo directo de ATE Capital.<\/p>\n<p><figure class=\"mb-3\"><img decoding=\"async\" src=\"https:\/\/www.telam.com.ar\/thumbs\/bluesteel\/advf\/imagenes\/2024\/01\/65a7ed63c1d0c_1200.jpg\" class=\" lazy \" width=\"100%\" height=\"100%\" alt=\"Foto Victoria Gesualdi\"\/><figcaption> Foto: Victoria Gesualdi <\/figcaption><\/figure>\n<p>Cientos de personas participaron de la asamblea entre investigadores, becarios, trabajadores administrativos, docentes universitarios que recibieron el apoyo y la solidaridad de vecinos y trabajadores del Instituto Nacional de Tecnolog\u00eda Industrial<\/p>\n<p>(INTI), que sufrieron despidos en 2015 durante el gobierno de Mauricio Macri.<\/p>\n<p>\u00abAc\u00e1 no sobra nadie. Conicet es de los trabajadores y al que no le gusta, se jode se jode\u00bb, cantaron como parte del \u00abruidazo\u00bb.<\/p>\n<p>Una de las ciudades donde se replic\u00f3 el \u00abruidazo\u00bb fue Bariloche, en donde se denunciaron algunos de los cerca de 50 despidos dados a conocer este martes.<\/p>\n<p><figure class=\"mb-3\"><img decoding=\"async\" src=\"https:\/\/www.telam.com.ar\/thumbs\/bluesteel\/advf\/imagenes\/2024\/01\/65a7ed639f410_1200.jpg\" class=\" lazy \" width=\"100%\" height=\"100%\" alt=\"Foto Victoria Gesualdi\"\/><figcaption> Foto: Victoria Gesualdi <\/figcaption><\/figure>\n<p>En la sede del Centro Cient\u00edfico Tecnol\u00f3gico de la Patagonia Norte, del que dependen m\u00e1s de 300 trabajadores, un nutrido grupo de investigadores y trabajadores administrativos realiz\u00f3 un ronda informativa y luego camin\u00f3 hasta la lindante Avenida de los Pioneros, donde se llev\u00f3 adelante el ruidazo con bombos y aplausos.<\/p>\n<p>\u00abHubo despidos en Bariloche. Te puedo confirmar que hay, aunque no sabemos el n\u00famero total\u00bb, confirm\u00f3 a T\u00e9lam Alhue Gavuzzo, delegada de ATE-Conicet.<\/p>\n<p>De las 50 notificaciones de fin de contrato recibidas este martes en distintas sedes del pa\u00eds, \u00abla informaci\u00f3n que tengo hasta ahora es (que se trata) en general de personal de Administraci\u00f3n y de Recursos Humanos. Que adem\u00e1s son los m\u00e1s precarizados\u00bb, detall\u00f3 Cavuzzo.<\/p>\n<p><figure class=\"mb-3\"><img decoding=\"async\" src=\"https:\/\/www.telam.com.ar\/thumbs\/bluesteel\/advf\/imagenes\/2024\/01\/65a7ed63811ed_1200.jpg\" class=\" lazy \" width=\"100%\" height=\"100%\" alt=\"Foto Victoria Gesualdi\"\/><figcaption> Foto: Victoria Gesualdi <\/figcaption><\/figure>\n<p>La delegada sostuvo que los contratos dados de baja eran de personas que hab\u00edan iniciado su relaci\u00f3n laboral con el organismo durante 2023, y agreg\u00f3 que \u00ablos contratados bajo Art\u00edculo 9, que no fueron despedidos, sus contratos se hab\u00edan renovado por tres meses. Es decir, a marzo, en lugar de anualmente, como suced\u00eda antes\u00bb.<\/p>\n<p>\u00abObviamente esto ya es la motosierra que anunci\u00f3 (el Presidente, Javier Milei). Es un plan de guerra y es cerrar el Conicet o desfinanciarlo completamente\u00bb, se\u00f1al\u00f3 Gavuzzo, y denunci\u00f3 que \u00ablos grandes grupos econ\u00f3micos lo que quieren es una ciencia mercantilizada\u00bb. <\/p>\n<\/div>\n<p><script async defer crossorigin=\"anonymous\" src=\"https:\/\/connect.facebook.net\/es_LA\/sdk.js#xfbml=1&#038;version=v12.0\" nonce=\"SBlHQzIF\"><\/script><br \/><a href=\"https:\/\/www.telam.com.ar\/notas\/202401\/652725-trabajadores-conicet-ruidazo.html\">source<\/a><\/p>\n","protected":false},"excerpt":{"rendered":"<p>Trabajadores del Conicet realizan un \u00abruidazo\u00bb para denunciar \u00abdespidos\u00bb VER VIDEO Trabajadores del Consejo Nacional&#8230;<\/p>\n","protected":false},"author":0,"featured_media":192704,"comment_status":"open","ping_status":"open","sticky":false,"template":"","format":"standard","meta":{"footnotes":""},"categories":[2],"tags":[],"class_list":["post-192703","post","type-post","status-publish","format-standard","has-post-thumbnail","hentry","category-politica"],"featured_image_urls":{"full":["https:\/\/radiofenix.com.ar\/2023\/wp-content\/uploads\/2024\/01\/wp-header-logo-148.png",1200,675,false],"thumbnail":["https:\/\/radiofenix.com.ar\/2023\/wp-content\/uploads\/2024\/01\/wp-header-logo-148-150x150.png",150,150,true],"medium":["https:\/\/radiofenix.com.ar\/2023\/wp-content\/uploads\/2024\/01\/wp-header-logo-148-300x169.png",300,169,true],"medium_large":["https:\/\/radiofenix.com.ar\/2023\/wp-content\/uploads\/2024\/01\/wp-header-logo-148-768x432.png",640,360,true],"large":["https:\/\/radiofenix.com.ar\/2023\/wp-content\/uploads\/2024\/01\/wp-header-logo-148-1024x576.png",640,360,true],"1536x1536":["https:\/\/radiofenix.com.ar\/2023\/wp-content\/uploads\/2024\/01\/wp-header-logo-148.png",1200,675,false],"2048x2048":["https:\/\/radiofenix.com.ar\/2023\/wp-content\/uploads\/2024\/01\/wp-header-logo-148.png",1200,675,false],"newsium-slider-full":["https:\/\/radiofenix.com.ar\/2023\/wp-content\/uploads\/2024\/01\/wp-header-logo-148.png",1200,675,false],"newsium-featured":["https:\/\/radiofenix.com.ar\/2023\/wp-content\/uploads\/2024\/01\/wp-header-logo-148-1024x576.png",1024,576,true],"newsium-medium":["https:\/\/radiofenix.com.ar\/2023\/wp-content\/uploads\/2024\/01\/wp-header-logo-148-720x475.png",720,475,true]},"author_info":{"info":[""]},"category_info":"<a href=\"https:\/\/radiofenix.com.ar\/2023\/category\/politica\/\" rel=\"category tag\">Pol\u00edtica<\/a>","tag_info":"Pol\u00edtica","comment_count":"0","_links":{"self":[{"href":"https:\/\/radiofenix.com.ar\/2023\/wp-json\/wp\/v2\/posts\/192703","targetHints":{"allow":["GET"]}}],"collection":[{"href":"https:\/\/radiofenix.com.ar\/2023\/wp-json\/wp\/v2\/posts"}],"about":[{"href":"https:\/\/radiofenix.com.ar\/2023\/wp-json\/wp\/v2\/types\/post"}],"replies":[{"embeddable":true,"href":"https:\/\/radiofenix.com.ar\/2023\/wp-json\/wp\/v2\/comments?post=192703"}],"version-history":[{"count":0,"href":"https:\/\/radiofenix.com.ar\/2023\/wp-json\/wp\/v2\/posts\/192703\/revisions"}],"wp:featuredmedia":[{"embeddable":true,"href":"https:\/\/radiofenix.com.ar\/2023\/wp-json\/wp\/v2\/media\/192704"}],"wp:attachment":[{"href":"https:\/\/radiofenix.com.ar\/2023\/wp-json\/wp\/v2\/media?parent=192703"}],"wp:term":[{"taxonomy":"category","embeddable":true,"href":"https:\/\/radiofenix.com.ar\/2023\/wp-json\/wp\/v2\/categories?post=192703"},{"taxonomy":"post_tag","embeddable":true,"href":"https:\/\/radiofenix.com.ar\/2023\/wp-json\/wp\/v2\/tags?post=192703"}],"curies":[{"name":"wp","href":"https:\/\/api.w.org\/{rel}","templated":true}]}}