{"id":192705,"date":"2024-01-18T08:58:00","date_gmt":"2024-01-18T08:58:00","guid":{"rendered":"https:\/\/radiofenix.com.ar\/2023\/el-parlamento-europeo-a-favor-de-regular-el-mercado-musical-en-plataformas-digitales\/"},"modified":"2024-01-18T08:58:00","modified_gmt":"2024-01-18T08:58:00","slug":"el-parlamento-europeo-a-favor-de-regular-el-mercado-musical-en-plataformas-digitales","status":"publish","type":"post","link":"https:\/\/radiofenix.com.ar\/2023\/el-parlamento-europeo-a-favor-de-regular-el-mercado-musical-en-plataformas-digitales\/","title":{"rendered":"El Parlamento europeo, a favor de regular el mercado musical en plataformas digitales"},"content":{"rendered":"<div>\n<figure class=\"mb-3\"><img decoding=\"async\" src=\"https:\/\/www.telam.com.ar\/thumbs\/bluesteel\/advf\/imagenes\/2017\/06\/5952e10509ff2_1200.jpg\" class=\" lazy \" width=\"100%\" height=\"100%\" alt=\"Las plataformas de msica en lnea ya representan el 67 de los ingresos globales de la industria de la msica\"\/><figcaption> Las plataformas de m\u00fasica en l\u00ednea ya representan el 67% de los ingresos globales de la industria de la m\u00fasica. <\/figcaption><\/figure>\n<p>\u00a0El Parlamento Europeo vot\u00f3 este mi\u00e9rcoles por la regulaci\u00f3n del mercado musical en el seno de las plataformas digitales y l<strong>a medida que puede tener repercusiones mundiales ya sum\u00f3 el apoyo de la Agrupaci\u00f3n Europea de Sociedades de Autores y Compositores (GESAC, por sus siglas en franc\u00e9s).<\/strong><\/p>\n<p>La iniciativa impulsada por el socialista espa\u00f1ol Ib\u00e1n Garc\u00eda del Blanco fue aprobada con 532 votos a favor, 61 en contra y 33 abstenciones durante la sesi\u00f3n plenaria desarrollada en Estrasburgo (Francia).<\/p>\n<p>Seg\u00fan el informe del Parlamento, <strong>las plataformas de m\u00fasica en l\u00ednea, que dan acceso hasta a 100 millones de piezas musicales<\/strong>, ya representan el 67% de los ingresos globales de la industria de la m\u00fasica y cerraron su octavo a\u00f1o consecutivo de crecimiento con una cifra superior a 22 millones de d\u00f3lares (m\u00e1s de 20 millones de euros).<\/p>\n<p><strong>El dictamen reclama normativa europea para garantizar la equidad y sostenibilidad <\/strong>en el sector de las plataformas de m\u00fasica digital, promover la diversidad cultural y otorgar cuotas para obras musicales europeas.<\/p>\n<p>Con esa intenci\u00f3n apunta al desequilibrio en la asignaci\u00f3n de ingresos de las plataformas de m\u00fasica digital ya que actualmente deja a una mayor\u00eda de autores e int\u00e9rpretes con una compensaci\u00f3n muy baja y propone un nuevo marco jur\u00eddico para el sector que constituye la principal forma de acceso al contenido musical.<\/p>\n<p><figure class=\"mb-3\"><img decoding=\"async\" src=\"https:\/\/www.telam.com.ar\/thumbs\/bluesteel\/advf\/imagenes\/2017\/08\/598088d86b999_1200.jpg\" class=\" lazy \" width=\"100%\" height=\"100%\" alt=\"Los sitios dan acceso hasta a 100 millones de piezas musicales\"\/><figcaption> Los sitios dan acceso hasta a 100 millones de piezas musicales. <\/figcaption><\/figure>\n<p>El cuerpo legislativo pide una revisi\u00f3n del sistema de canon y critican el mecanismo de pago por reproducci\u00f3n que hace que artistas deban aceptar una remuneraci\u00f3n m\u00e1s baja o incluso nula a cambio de una mayor visibilidad.<\/p>\n<p><strong>El eurodiputado Garc\u00eda del Blanco destac\u00f3 que con esta iniciativa \u201cel Parlamento est\u00e1 dando voz a las preocupaciones de los creadores europeos.<\/strong> Nuestra prioridad ha sido siempre la diversidad cultural y garantizar que los autores reciben el cr\u00e9dito y la remuneraci\u00f3n merecidos; por eso pedimos normas que garanticen la transparencia de los algoritmos y las herramientas de recomendaci\u00f3n utilizadas por los servicios de transmisi\u00f3n de m\u00fasica y sobre el uso de la inteligencia artificial\u201d.<\/p>\n<p>En un sentido similar, la GESAC, que agrupa a m\u00e1s de 30 sociedades de autores en toda Europa y m\u00e1s de un mill\u00f3n de artistas, salud\u00f3 la propuesta que reconoce \u201clos importantes problemas\u201d que enfrentan los creadores en un mercado que \u201cconduce a la precariedad a la mayor\u00eda\u201d de los compositores. <\/p>\n<\/div>\n<p><script async defer crossorigin=\"anonymous\" src=\"https:\/\/connect.facebook.net\/es_LA\/sdk.js#xfbml=1&#038;version=v12.0\" nonce=\"SBlHQzIF\"><\/script><br \/><a href=\"https:\/\/www.telam.com.ar\/notas\/202401\/652808-parlamento-europeo-regular-plataformas-digitales.html\">source<\/a><\/p>\n","protected":false},"excerpt":{"rendered":"<p>Las plataformas de m\u00fasica en l\u00ednea ya representan el 67% de los ingresos globales de&#8230;<\/p>\n","protected":false},"author":0,"featured_media":192706,"comment_status":"open","ping_status":"open","sticky":false,"template":"","format":"standard","meta":{"footnotes":""},"categories":[4],"tags":[],"class_list":["post-192705","post","type-post","status-publish","format-standard","has-post-thumbnail","hentry","category-espectaculos"],"featured_image_urls":{"full":["https:\/\/radiofenix.com.ar\/2023\/wp-content\/uploads\/2024\/01\/wp-header-logo-149.png",1004,565,false],"thumbnail":["https:\/\/radiofenix.com.ar\/2023\/wp-content\/uploads\/2024\/01\/wp-header-logo-149-150x150.png",150,150,true],"medium":["https:\/\/radiofenix.com.ar\/2023\/wp-content\/uploads\/2024\/01\/wp-header-logo-149-300x169.png",300,169,true],"medium_large":["https:\/\/radiofenix.com.ar\/2023\/wp-content\/uploads\/2024\/01\/wp-header-logo-149-768x432.png",640,360,true],"large":["https:\/\/radiofenix.com.ar\/2023\/wp-content\/uploads\/2024\/01\/wp-header-logo-149.png",640,360,false],"1536x1536":["https:\/\/radiofenix.com.ar\/2023\/wp-content\/uploads\/2024\/01\/wp-header-logo-149.png",1004,565,false],"2048x2048":["https:\/\/radiofenix.com.ar\/2023\/wp-content\/uploads\/2024\/01\/wp-header-logo-149.png",1004,565,false],"newsium-slider-full":["https:\/\/radiofenix.com.ar\/2023\/wp-content\/uploads\/2024\/01\/wp-header-logo-149.png",1004,565,false],"newsium-featured":["https:\/\/radiofenix.com.ar\/2023\/wp-content\/uploads\/2024\/01\/wp-header-logo-149.png",1004,565,false],"newsium-medium":["https:\/\/radiofenix.com.ar\/2023\/wp-content\/uploads\/2024\/01\/wp-header-logo-149-720x475.png",720,475,true]},"author_info":{"info":[""]},"category_info":"<a href=\"https:\/\/radiofenix.com.ar\/2023\/category\/espectaculos\/\" rel=\"category tag\">Espectaculos<\/a>","tag_info":"Espectaculos","comment_count":"0","_links":{"self":[{"href":"https:\/\/radiofenix.com.ar\/2023\/wp-json\/wp\/v2\/posts\/192705","targetHints":{"allow":["GET"]}}],"collection":[{"href":"https:\/\/radiofenix.com.ar\/2023\/wp-json\/wp\/v2\/posts"}],"about":[{"href":"https:\/\/radiofenix.com.ar\/2023\/wp-json\/wp\/v2\/types\/post"}],"replies":[{"embeddable":true,"href":"https:\/\/radiofenix.com.ar\/2023\/wp-json\/wp\/v2\/comments?post=192705"}],"version-history":[{"count":0,"href":"https:\/\/radiofenix.com.ar\/2023\/wp-json\/wp\/v2\/posts\/192705\/revisions"}],"wp:featuredmedia":[{"embeddable":true,"href":"https:\/\/radiofenix.com.ar\/2023\/wp-json\/wp\/v2\/media\/192706"}],"wp:attachment":[{"href":"https:\/\/radiofenix.com.ar\/2023\/wp-json\/wp\/v2\/media?parent=192705"}],"wp:term":[{"taxonomy":"category","embeddable":true,"href":"https:\/\/radiofenix.com.ar\/2023\/wp-json\/wp\/v2\/categories?post=192705"},{"taxonomy":"post_tag","embeddable":true,"href":"https:\/\/radiofenix.com.ar\/2023\/wp-json\/wp\/v2\/tags?post=192705"}],"curies":[{"name":"wp","href":"https:\/\/api.w.org\/{rel}","templated":true}]}}