{"id":192707,"date":"2024-01-18T08:58:01","date_gmt":"2024-01-18T08:58:01","guid":{"rendered":"https:\/\/radiofenix.com.ar\/2023\/el-presidente-y-georgieva-hablaron-sobre-los-profundos-desafios-de-la-argentina\/"},"modified":"2024-01-18T08:58:01","modified_gmt":"2024-01-18T08:58:01","slug":"el-presidente-y-georgieva-hablaron-sobre-los-profundos-desafios-de-la-argentina","status":"publish","type":"post","link":"https:\/\/radiofenix.com.ar\/2023\/el-presidente-y-georgieva-hablaron-sobre-los-profundos-desafios-de-la-argentina\/","title":{"rendered":"El Presidente y Georgieva hablaron sobre los &quot;profundos desaf\u00edos de la Argentina&quot;"},"content":{"rendered":"<div>\n<figure class=\"mb-3\"><img decoding=\"async\" src=\"https:\/\/www.telam.com.ar\/thumbs\/bluesteel\/advf\/imagenes\/2024\/01\/65a811621fbfc.01.2024%20foto%20x%20@oprargentina_1200.jpg\" class=\" lazy \" width=\"100%\" height=\"100%\" alt=\"Foto X\"\/><figcaption> Foto: X. <\/figcaption><\/figure>\n<p>La directora gerente del Fondo Monetario Internacional (FMI), Kristalina Georgieva, <strong>calific\u00f3 de \u00abmuy buena\u00bb a la reuni\u00f3n que mantuvo en Davos con el presidente Javier Milei<\/strong> y dijo que durante el encuentro ambos hablaron \u00absobre los profundos desaf\u00edos econ\u00f3micos y sociales de la Argentina\u00bb.<\/p>\n<p>A trav\u00e9s de su cuenta en la red social X, <strong>Georgieva se\u00f1al\u00f3 adem\u00e1s que en la reuni\u00f3n tambi\u00e9n dialogaron sobre \u00ablas medidas decisivas que se est\u00e1n tomando (en Argentina) para reducir la inflaci\u00f3n, promover el crecimiento liderado por el sector privado y utilizar el escaso dinero p\u00fablico para ayudar a las personas m\u00e1s vulnerables\u00bb<\/strong>.<\/p>\n<p>El mensaje de la titular del FMI fue difundido luego de la reuni\u00f3n que mantuvo con Milei en el marco del Foro Econ\u00f3mico Mundial que se lleva adelante en la localidad alpina, en la que tambi\u00e9n estuvo presente la primera subdirectora gerente del organismo, Gita Gopinath.<\/p>\n<blockquote class=\"twitter-tweet\">\n<p lang=\"en\" dir=\"ltr\">Very good meeting with Argentina&#8217;s President Javier Milei <a href=\"https:\/\/twitter.com\/JMilei?ref_src=twsrc%5Etfw\">@JMilei<\/a>. We talked about Argentina&#8217;s deep economic &amp; social challenges and decisive steps underway to bring down inflation, promote private sector led growth, and use scarce public money to help the most vulnerable people. <a href=\"https:\/\/t.co\/eUw1Y8GdKc\">pic.twitter.com\/eUw1Y8GdKc<\/a><\/p>\n<p>\u2014 Kristalina Georgieva (@KGeorgieva) <a href=\"https:\/\/twitter.com\/KGeorgieva\/status\/1747696718656004213?ref_src=twsrc%5Etfw\">January 17, 2024<\/a><\/p><\/blockquote>\n<p>Por el lado argentino, acompa\u00f1aron al Presidente la secretaria general de la Presidencia, Karina Milei; el embajador argentino ante Estados Unidos, Gerardo Werthein; el jefe de Gabinete, Nicol\u00e1s Posse; y el ministro de Econom\u00eda, Luis Caputo.<\/p>\n<p>El encuentro de Milei con Georgieva se concret\u00f3 luego de que <u><strong><a href=\"https:\/\/www.telam.com.ar\/notas\/202401\/652757-milei-davos-discurso.html\" target=\"_blank\" rel=\"noopener\">el Presidente defendiera las pol\u00edticas de mercado y el capitalismo como instrumentos para \u00abterminar con la pobreza y el hambre en el planeta\u00bb<\/a><\/strong><\/u>, al advertir que \u00abOccidente est\u00e1 en peligro\u00bb y convoc\u00f3 a los pa\u00edses l\u00edderes a nos ser \u00abcooptados\u00bb por una \u00abvisi\u00f3n del mundo\u00bb que \u00abinexorablemente conduce al socialismo\u00bb, al hablar ante mandatarios, empresarios y economistas en el marco del Foro Econ\u00f3mico Mundial.<\/p>\n<p>En su discurso, <strong>Milei afirm\u00f3 que el capitalismo es un sistema pol\u00edtico y econ\u00f3mico \u00abjusto y moralmente superior\u00bb<\/strong>, cuya implementaci\u00f3n llev\u00f3 al mundo actual a ser \u00abm\u00e1s rico, libre, pac\u00edfico y pr\u00f3spero que en cualquier otro momento de la historia\u00bb.<\/p>\n<p>Antes del encuentro con el jefe del Estado, <strong>Georgieva se reuni\u00f3 con Caputo y Posse con quienes avanz\u00f3 en los detalles del acuerdo alcanzado la semana pasada, que permitir\u00e1 el desembolso para la Argentina de US$ 4.700 millones que permitir\u00e1n al pa\u00eds pagar sus compromisos con el organismo multialteral hasta abril inclusive<\/strong>.<\/p>\n<p>El acuerdo con el FMI result\u00f3 \u00abel m\u00e1s r\u00e1pido nunca obtenido. Nuestra relaci\u00f3n es excelente. No es un nuevo acuerdo, pero somos muy optimistas. Adem\u00e1s esperamos tener un nuevo programa. Pero, esta vez, lo resolveremos esta vez nosotros mismos\u00bb, dijo Caputo esta tarde en un charla que mantuvo con la prensa en Davos.<\/p>\n<blockquote class=\"twitter-tweet\">\n<p lang=\"es\" dir=\"ltr\">El Presidente Javier Milei mantuvo un encuentro con la Directora Ejecutiva del Fondo Monetario Internacional, Kristalina Georgieva, y su Primera Subdirectora Gerente, Gita Gopinath, en el marco del Foro Econ\u00f3mico Mundial en Davos.<\/p>\n<p>Tambi\u00e9n, participaron de la reuni\u00f3n la\u2026 <a href=\"https:\/\/t.co\/9BVBql4bUT\">pic.twitter.com\/9BVBql4bUT<\/a><\/p>\n<p>\u2014 Oficina del Presidente (@OPRArgentina) <a href=\"https:\/\/twitter.com\/OPRArgentina\/status\/1747670813073907812?ref_src=twsrc%5Etfw\">January 17, 2024<\/a><\/p><\/blockquote>\n<p>Posse, Caputo y la ministra de Relaciones Exteriores, Diana Mondino, adem\u00e1s expusieron en Davos sobre las reformas econ\u00f3micas impulsadas por Milei en el panel \u00abDi\u00e1logo de estrategia pa\u00eds sobre Argentina\u00bb.<\/p>\n<p>Durante el encuentro, que fue moderado por el expresidente del Banco Interamericano de Desarrollo (BID) Luis Alberto Moreno, los funcionarios del Gobierno nacional expusieron sobre las reformas econ\u00f3micas impulsadas por Milei.<\/p>\n<p>Adem\u00e1s, <strong>en la reuni\u00f3n se dialog\u00f3 sobre la agenda del desarrollo, la tecnolog\u00eda y la inteligencia artificial en la regi\u00f3n<\/strong>.<\/p>\n<p>Hace una semana, un equipo t\u00e9cnico del FMI visit\u00f3 el pa\u00eds, encabezado por Luis Cubeddu y Ashvin Ahuja, y observ\u00f3 que el programa original \u00abse desvi\u00f3 gravemente de su rumbo: se incumplieron las metas de d\u00e9ficit fiscal primario y de deudas internas para finales de septiembre, y datos preliminares sugieren que las metas de fin de a\u00f1o se incumplieron incluso por un margen mayor\u00bb.<\/p>\n<p>Frente a esta situaci\u00f3n, \u00abel presidente Javier Milei y su equipo econ\u00f3mico actuaron de manera r\u00e1pida y decisiva para desarrollar e implementar un s\u00f3lido paquete de pol\u00edticas con el objetivo de restaurar la estabilidad macroecon\u00f3mica, demostrando total determinaci\u00f3n para llevar el programa actual de vuelta al rumbo correcto\u00bb, dijo el FMI en esa oportunidad. <\/p>\n<\/div>\n<p><script async src=\"\/\/platform.twitter.com\/widgets.js\" charset=\"utf-8\"><\/script><script async defer crossorigin=\"anonymous\" src=\"https:\/\/connect.facebook.net\/es_LA\/sdk.js#xfbml=1&#038;version=v12.0\" nonce=\"SBlHQzIF\"><\/script><br \/><a href=\"https:\/\/www.telam.com.ar\/notas\/202401\/652778-milei-davos-fmi-georgieva.html\">source<\/a><\/p>\n","protected":false},"excerpt":{"rendered":"<p>Foto: X. La directora gerente del Fondo Monetario Internacional (FMI), Kristalina Georgieva, calific\u00f3 de \u00abmuy&#8230;<\/p>\n","protected":false},"author":2,"featured_media":192708,"comment_status":"open","ping_status":"open","sticky":false,"template":"","format":"standard","meta":{"footnotes":""},"categories":[6],"tags":[],"class_list":["post-192707","post","type-post","status-publish","format-standard","has-post-thumbnail","hentry","category-ultimasnoticias"],"featured_image_urls":{"full":["https:\/\/radiofenix.com.ar\/2023\/wp-content\/uploads\/2024\/01\/wp-header-logo-150.png",1200,675,false],"thumbnail":["https:\/\/radiofenix.com.ar\/2023\/wp-content\/uploads\/2024\/01\/wp-header-logo-150-150x150.png",150,150,true],"medium":["https:\/\/radiofenix.com.ar\/2023\/wp-content\/uploads\/2024\/01\/wp-header-logo-150-300x169.png",300,169,true],"medium_large":["https:\/\/radiofenix.com.ar\/2023\/wp-content\/uploads\/2024\/01\/wp-header-logo-150-768x432.png",640,360,true],"large":["https:\/\/radiofenix.com.ar\/2023\/wp-content\/uploads\/2024\/01\/wp-header-logo-150-1024x576.png",640,360,true],"1536x1536":["https:\/\/radiofenix.com.ar\/2023\/wp-content\/uploads\/2024\/01\/wp-header-logo-150.png",1200,675,false],"2048x2048":["https:\/\/radiofenix.com.ar\/2023\/wp-content\/uploads\/2024\/01\/wp-header-logo-150.png",1200,675,false],"newsium-slider-full":["https:\/\/radiofenix.com.ar\/2023\/wp-content\/uploads\/2024\/01\/wp-header-logo-150.png",1200,675,false],"newsium-featured":["https:\/\/radiofenix.com.ar\/2023\/wp-content\/uploads\/2024\/01\/wp-header-logo-150-1024x576.png",1024,576,true],"newsium-medium":["https:\/\/radiofenix.com.ar\/2023\/wp-content\/uploads\/2024\/01\/wp-header-logo-150-720x475.png",720,475,true]},"author_info":{"info":["c1500921"]},"category_info":"<a href=\"https:\/\/radiofenix.com.ar\/2023\/category\/ultimasnoticias\/\" rel=\"category tag\">Ultimas Noticias<\/a>","tag_info":"Ultimas Noticias","comment_count":"0","_links":{"self":[{"href":"https:\/\/radiofenix.com.ar\/2023\/wp-json\/wp\/v2\/posts\/192707","targetHints":{"allow":["GET"]}}],"collection":[{"href":"https:\/\/radiofenix.com.ar\/2023\/wp-json\/wp\/v2\/posts"}],"about":[{"href":"https:\/\/radiofenix.com.ar\/2023\/wp-json\/wp\/v2\/types\/post"}],"author":[{"embeddable":true,"href":"https:\/\/radiofenix.com.ar\/2023\/wp-json\/wp\/v2\/users\/2"}],"replies":[{"embeddable":true,"href":"https:\/\/radiofenix.com.ar\/2023\/wp-json\/wp\/v2\/comments?post=192707"}],"version-history":[{"count":0,"href":"https:\/\/radiofenix.com.ar\/2023\/wp-json\/wp\/v2\/posts\/192707\/revisions"}],"wp:featuredmedia":[{"embeddable":true,"href":"https:\/\/radiofenix.com.ar\/2023\/wp-json\/wp\/v2\/media\/192708"}],"wp:attachment":[{"href":"https:\/\/radiofenix.com.ar\/2023\/wp-json\/wp\/v2\/media?parent=192707"}],"wp:term":[{"taxonomy":"category","embeddable":true,"href":"https:\/\/radiofenix.com.ar\/2023\/wp-json\/wp\/v2\/categories?post=192707"},{"taxonomy":"post_tag","embeddable":true,"href":"https:\/\/radiofenix.com.ar\/2023\/wp-json\/wp\/v2\/tags?post=192707"}],"curies":[{"name":"wp","href":"https:\/\/api.w.org\/{rel}","templated":true}]}}