{"id":192709,"date":"2024-01-19T08:57:34","date_gmt":"2024-01-19T08:57:34","guid":{"rendered":"https:\/\/radiofenix.com.ar\/2023\/con-un-cumpleanos-no-feliz-exigen-la-liberacion-del-bebe-argentino-israeli\/"},"modified":"2024-01-19T08:57:34","modified_gmt":"2024-01-19T08:57:34","slug":"con-un-cumpleanos-no-feliz-exigen-la-liberacion-del-bebe-argentino-israeli","status":"publish","type":"post","link":"https:\/\/radiofenix.com.ar\/2023\/con-un-cumpleanos-no-feliz-exigen-la-liberacion-del-bebe-argentino-israeli\/","title":{"rendered":"Con un &quot;cumplea\u00f1os no feliz&quot;, exigen la liberaci\u00f3n del beb\u00e9 argentino-israel\u00ed"},"content":{"rendered":"<div>\n<figure class=\"mb-3\"><img decoding=\"async\" src=\"https:\/\/www.telam.com.ar\/thumbs\/bluesteel\/advf\/imagenes\/2024\/01\/65a856b6d826e_1200.jpg\" class=\" lazy \" width=\"100%\" height=\"100%\" alt=\"Foto Alfredo Luna \"\/><figcaption> Foto: Alfredo Luna <\/figcaption><\/figure>\n<p> Familiares y asistentes autoconvocados realizaron este mi\u00e9rcoles un \u00ab<strong>cumplea\u00f1os no feliz<\/strong>\u00bb para exigir la liberaci\u00f3n de Kfir Bibas, el beb\u00e9 argentino-israel\u00ed secuestrado el 7 de octubre pasado por el movimiento islamita palestino Hamas, quien el jueves, en cautiverio, cumplir\u00e1 un a\u00f1o.<\/p>\n<p>El evento, definido por sus organizadores como \u201cun pedido humanitario y universal\u201d para la liberaci\u00f3n del ni\u00f1o y de todas las personas secuestradas, se realiz\u00f3 en el Parque Centenario porte\u00f1o, en la entrada del m\u00e1stil ubicado en la intersecci\u00f3n de la avenida D\u00edaz V\u00e9lez y Leopoldo Marechal.<\/p>\n<p>Los <strong>cientos de j\u00f3venes, adultos y familias<\/strong> que se reunieron sosten\u00edan <strong>globos naranjas, banderas argentinas e israel\u00edes<\/strong>, carteles con las im\u00e1genes de las personas secuestradas y observaban, atentos, un peque\u00f1o escenario con una pantalla que reproduc\u00eda distintos mensajes de personalidades de la cultura, espect\u00e1culo y la televisi\u00f3n.<\/p>\n<p><figure class=\"mb-3\"><img decoding=\"async\" src=\"https:\/\/www.telam.com.ar\/thumbs\/bluesteel\/advf\/imagenes\/2024\/01\/65a856b6be6e7_1200.jpg\" class=\" lazy \" width=\"100%\" height=\"100%\" alt=\"Foto Alfredo Luna\"\/><figcaption> Foto: Alfredo Luna <\/figcaption><\/figure>\n<p>En una plaza en donde predominaba el color naranja, no faltaron objetivos\u00a0decorativos con motivos de cumplea\u00f1os, como banderines, y una torta de tres pisos con inscripciones que hac\u00edan alusi\u00f3n, no s\u00f3lo a Kfir, sino tambi\u00e9n al <strong>regreso a salvo de todos los secuestrados.<\/strong><\/p>\n<p>El evento tuvo como objetivo \u201cunirnos en una sola voz para pedir que todas las personas secuestradas vuelvan vivas con sus familias\u201d, a la vez que busca \u201crecordar que hay un beb\u00e9 de un a\u00f1o que deber\u00eda estar con su familia en las v\u00edsperas y preparativos de su cumplea\u00f1os y est\u00e1 lejos\u201d, expres\u00f3 a T\u00e9lam Sandra Miasnik.<\/p>\n<p>\u201cSoy tu t\u00eda Sandra, parte de tu gran familia que te espera en Buenos Aires, la ciudad en donde naci\u00f3 tu abuelo Jos\u00e9 Luis\u201d, fueron las primeras palabras que esboz\u00f3 Miasnik sobre su sobrino, el beb\u00e9 que fue secuestrado cuando ten\u00eda nueve meses junto a su hermano Ariel, de cuatro, su mam\u00e1 Shiri y su pap\u00e1 Yarden de su casa del kibutz de Nir Oz, en el sur de Israel.<\/p>\n<p>Al iniciar la lectura de la carta escrita de pu\u00f1o y letra por su t\u00eda, y dirigida espec\u00edficamente a su sobrino, Sandra relat\u00f3 la forma en la que, a la distancia, lleg\u00f3 a conocerlo mediante videos y fotos que le compart\u00eda su \u201czeide\u201d (abuelo en idish) Jos\u00e9 Luis.<\/p>\n<p>\u201cLa distancia hizo que a\u00fan no nos hayamos conocido, pero quiero que sepas que me siento cada vez m\u00e1s cerca tuyo y de tu familia\u201d, agreg\u00f3, en medio de un silencio solemne, solo interrumpido por algunos sollozos del p\u00fablico.<\/p>\n<p>Uno de los momentos m\u00e1s emotivos fue cuando Sandra record\u00f3 el momento en el que recibi\u00f3 <strong>un video en donde ve\u00eda a su familia mientras era secuestrada<\/strong>, im\u00e1genes que no tardaron en viralizarse por redes sociales, en donde Kfir y su hermano est\u00e1n en brazos de su madre.<\/p>\n<p>\u201cAl principio no la reconoc\u00ed, nunca en mi vida hab\u00eda visto semejante cara de espanto, me cost\u00f3 darme cuenta de que esa era Shiri\u201d exclam\u00f3 y agreg\u00f3 \u201cese gesto no coincid\u00eda con la cara que siempre aparec\u00eda cuando pensaba en ella\u201d.<\/p>\n<p><figure class=\"mb-3\"><img decoding=\"async\" src=\"https:\/\/www.telam.com.ar\/thumbs\/bluesteel\/advf\/imagenes\/2024\/01\/65a856b71649b_1200.jpg\" class=\" lazy \" width=\"100%\" height=\"100%\" alt=\"Foto Alfredo Luna\"\/><figcaption> Foto: Alfredo Luna <\/figcaption><\/figure>\n<p>Para suavizar el tono de la velada, y darle una impronta familiar e \u00edntima, Sandra record\u00f3 que su bisabuelo Vlady \u201cfue un reconocido director de orquesta\u201d y que \u201cmuchos lo recuerdan por una canci\u00f3n que compuso y que acompa\u00f1\u00f3 la ni\u00f1ez de muchos de los que estamos hoy ac\u00e1. Yo creo que a vos tambi\u00e9n te va a gustar: Titanes en el ring. Cuando nos veamos la vamos a escuchar juntos\u201d.<\/p>\n<p>A su turno, Michelle Wejcman, integrante del grupo de autoconvocados que acompa\u00f1an a la familia, agradeci\u00f3 a los presentes por el cumplea\u00f1os de Kfir, un \u201ccumplea\u00f1os no feliz\u201d.<\/p>\n<p>\u201c<strong>Estoy ac\u00e1 como podr\u00eda estar cualquiera de ustedes, porque creo que si estamos juntos, somos m\u00e1s y que nuestra voz se escucha m\u00e1s alto<\/strong>\u201d, expres\u00f3 y agreg\u00f3 \u201cKfir no est\u00e1 y no podemos festejar, pero s\u00ed podemos tomar prestados sus deseos de la velita y desear con todo nuestro coraz\u00f3n, que vuelva a casa\u201d.<\/p>\n<h2 class=\"\">Minuto de silencio<\/h2>\n<p> Avanzado el acto, hicieron un minuto de silencio \u201cpor todas las personas fallecidas desde el 7 de octubre\u201d tras el ataque sin precedente de Hamas en el sur de Israel, que dej\u00f3 unos 1.200 muertos -en su gran mayor\u00eda, civiles- y unos 240 rehenes, entre ellos una veintena de nacionalidad argentina.<\/p>\n<p>En represalia por el ataque, Israel prometi\u00f3 aniquilar a Hamas, que gobierna Gaza desde 2007 y bombardea desde entonces la Franja, donde murieron hasta el momento 24.448 personas, tambi\u00e9n mayoritariamente civiles, seg\u00fan la organizaci\u00f3n islamista.<\/p>\n<h2 class=\"\">Artistas que adhirieron<\/h2>\n<p> Finalizado el evento, distintas figuras de la m\u00fasica como <strong>Soledad, Le\u00f3n Gieco, Lito Vitale, Patricia Sosa<\/strong>, entre otros, participaron en un video en donde cantaron la t\u00edpica canci\u00f3n de cumplea\u00f1os, sin mencionar la palabra \u201cfeliz\u201d.<\/p>\n<p><figure class=\"mb-3\"><img decoding=\"async\" src=\"https:\/\/www.telam.com.ar\/thumbs\/bluesteel\/advf\/imagenes\/2024\/01\/65a856b68b734_1200.jpg\" class=\" lazy \" width=\"100%\" height=\"100%\" alt=\"Foto Alfredo Luna\"\/><figcaption> Foto: Alfredo Luna <\/figcaption><\/figure>\n<p>A continuaci\u00f3n, encendieron la vela que se encontraba en la torta y pidieron \u00abprestados los deseos de Kfir\u201d, por su liberaci\u00f3n y la de todos los secuestrados, y \u201cque todos los chicos del mundo vivan sin ning\u00fan tipo de terrorismo\u201d.<\/p>\n<p>En redes sociales, un centenar de personas se pronunciaron por el \u201cno-cumplea\u00f1os\u201d de Kfir y exigieron por su liberaci\u00f3n, mientras que en la provincia de Santa Fe y en el vecino Uruguay, en Montevideo y Punta del Este, hubo actos conmemorativos similares.<\/p>\n<p>Por los 100 d\u00edas del ataque, el presidente Javier Milei tambi\u00e9n record\u00f3 el domingo pasado el hecho a trav\u00e9s de sus redes sociales: \u00abbrutal ataque terrorista de Hamas\u00bb a Israel, poste\u00f3, renov\u00f3 su solidaridad con el pueblo jud\u00edo y conden\u00f3 \u00abtodo acto de terrorismo\u00bb. <\/p>\n<\/div>\n<p><script async defer crossorigin=\"anonymous\" src=\"https:\/\/connect.facebook.net\/es_LA\/sdk.js#xfbml=1&#038;version=v12.0\" nonce=\"SBlHQzIF\"><\/script><br \/><a href=\"https:\/\/www.telam.com.ar\/notas\/202401\/652831-cumpleanios-no-feliz-kfir-bibas-rehen-hamas.html\">source<\/a><\/p>\n","protected":false},"excerpt":{"rendered":"<p>Foto: Alfredo Luna Familiares y asistentes autoconvocados realizaron este mi\u00e9rcoles un \u00abcumplea\u00f1os no feliz\u00bb para&#8230;<\/p>\n","protected":false},"author":0,"featured_media":192710,"comment_status":"open","ping_status":"open","sticky":false,"template":"","format":"standard","meta":{"footnotes":""},"categories":[7],"tags":[],"class_list":["post-192709","post","type-post","status-publish","format-standard","has-post-thumbnail","hentry","category-sociedad"],"featured_image_urls":{"full":["https:\/\/radiofenix.com.ar\/2023\/wp-content\/uploads\/2024\/01\/wp-header-logo-151.png",1200,675,false],"thumbnail":["https:\/\/radiofenix.com.ar\/2023\/wp-content\/uploads\/2024\/01\/wp-header-logo-151-150x150.png",150,150,true],"medium":["https:\/\/radiofenix.com.ar\/2023\/wp-content\/uploads\/2024\/01\/wp-header-logo-151-300x169.png",300,169,true],"medium_large":["https:\/\/radiofenix.com.ar\/2023\/wp-content\/uploads\/2024\/01\/wp-header-logo-151-768x432.png",640,360,true],"large":["https:\/\/radiofenix.com.ar\/2023\/wp-content\/uploads\/2024\/01\/wp-header-logo-151-1024x576.png",640,360,true],"1536x1536":["https:\/\/radiofenix.com.ar\/2023\/wp-content\/uploads\/2024\/01\/wp-header-logo-151.png",1200,675,false],"2048x2048":["https:\/\/radiofenix.com.ar\/2023\/wp-content\/uploads\/2024\/01\/wp-header-logo-151.png",1200,675,false],"newsium-slider-full":["https:\/\/radiofenix.com.ar\/2023\/wp-content\/uploads\/2024\/01\/wp-header-logo-151.png",1200,675,false],"newsium-featured":["https:\/\/radiofenix.com.ar\/2023\/wp-content\/uploads\/2024\/01\/wp-header-logo-151-1024x576.png",1024,576,true],"newsium-medium":["https:\/\/radiofenix.com.ar\/2023\/wp-content\/uploads\/2024\/01\/wp-header-logo-151-720x475.png",720,475,true]},"author_info":{"info":[""]},"category_info":"<a href=\"https:\/\/radiofenix.com.ar\/2023\/category\/sociedad\/\" rel=\"category tag\">Sociedad<\/a>","tag_info":"Sociedad","comment_count":"0","_links":{"self":[{"href":"https:\/\/radiofenix.com.ar\/2023\/wp-json\/wp\/v2\/posts\/192709","targetHints":{"allow":["GET"]}}],"collection":[{"href":"https:\/\/radiofenix.com.ar\/2023\/wp-json\/wp\/v2\/posts"}],"about":[{"href":"https:\/\/radiofenix.com.ar\/2023\/wp-json\/wp\/v2\/types\/post"}],"replies":[{"embeddable":true,"href":"https:\/\/radiofenix.com.ar\/2023\/wp-json\/wp\/v2\/comments?post=192709"}],"version-history":[{"count":0,"href":"https:\/\/radiofenix.com.ar\/2023\/wp-json\/wp\/v2\/posts\/192709\/revisions"}],"wp:featuredmedia":[{"embeddable":true,"href":"https:\/\/radiofenix.com.ar\/2023\/wp-json\/wp\/v2\/media\/192710"}],"wp:attachment":[{"href":"https:\/\/radiofenix.com.ar\/2023\/wp-json\/wp\/v2\/media?parent=192709"}],"wp:term":[{"taxonomy":"category","embeddable":true,"href":"https:\/\/radiofenix.com.ar\/2023\/wp-json\/wp\/v2\/categories?post=192709"},{"taxonomy":"post_tag","embeddable":true,"href":"https:\/\/radiofenix.com.ar\/2023\/wp-json\/wp\/v2\/tags?post=192709"}],"curies":[{"name":"wp","href":"https:\/\/api.w.org\/{rel}","templated":true}]}}