{"id":192711,"date":"2024-01-19T08:57:37","date_gmt":"2024-01-19T08:57:37","guid":{"rendered":"https:\/\/radiofenix.com.ar\/2023\/el-sub-23-ya-esta-en-venezuela-para-disputar-el-preolimpico\/"},"modified":"2024-01-19T08:57:37","modified_gmt":"2024-01-19T08:57:37","slug":"el-sub-23-ya-esta-en-venezuela-para-disputar-el-preolimpico","status":"publish","type":"post","link":"https:\/\/radiofenix.com.ar\/2023\/el-sub-23-ya-esta-en-venezuela-para-disputar-el-preolimpico\/","title":{"rendered":"El Sub 23 ya est\u00e1 en Venezuela para disputar el Preol\u00edmpico"},"content":{"rendered":"<div>\n<figure class=\"mb-3\"><img decoding=\"async\" src=\"https:\/\/www.telam.com.ar\/thumbs\/bluesteel\/advf\/imagenes\/2024\/01\/65a8350e9c9f4_1200.jpg\" class=\" lazy \" width=\"100%\" height=\"100%\" alt=\"Foto X Argentina\"\/><figcaption> Foto: X @Argentina. <\/figcaption><\/figure>\n<p> El <strong>seleccionado argentino Sub <\/strong>23 lleg\u00f3 este mi\u00e9rcoles a Venezuela donde el pr\u00f3ximo domingo debutar\u00e1 ante <strong>Paraguay <\/strong>en el <strong>torneo Preol\u00edmpico<\/strong>.<\/p>\n<p>La delegaci\u00f3n de 22 futbolistas encabezada por <strong>Javier Mascherano<\/strong> se instal\u00f3 en la ciudad de Valencia, que forma parte del estado de Carabobo, ubicado en la parte centro norte de Venezuela.<\/p>\n<p>El seleccionado parti\u00f3 esta madrugada desde el aeropuerto de Ezeiza luego de varias semanas de preparaci\u00f3n en el predio Lionel Andr\u00e9s Messi.<\/p>\n<p>El equipo nacional, que buscar\u00e1 <strong>una de las dos plazas para los Juegos Ol\u00edmpicos de Par\u00eds 2024<\/strong>, integrar\u00e1 el grupo B junto a Paraguay (21\/1), Per\u00fa (24\/1), Chile (30\/1) y Uruguay (2\/2).<\/p>\n<p>El debut de la Argentina ser\u00e1 el domingo, desde las 20, ante la \u00abalbirroja\u00bb en el estadio Polideportivo Misael Delgado, con capacidad para diez mil espectadores.<\/p>\n<h2 class=\"\">Los 22 de Mascherano<\/h2>\n<p>\u00a0<\/p>\n<figure class=\"mb-3\"><img decoding=\"async\" src=\"https:\/\/www.telam.com.ar\/thumbs\/bluesteel\/advf\/imagenes\/2023\/12\/6579ce0502860_1200.jpg\" class=\" lazy \" width=\"100%\" height=\"100%\" alt=\"Foto X Argentina\"\/><figcaption> Foto: X @Argentina. <\/figcaption><\/figure>\n<p> El plantel del seleccionado argentino est\u00e1 conformado por los siguientes futbolistas:<\/p>\n<p><strong>Arqueros<\/strong>: Leandro Brey (Boca), Rocco R\u00edos Novo (Lan\u00fas) y Fabricio Iacovich (Estudiantes de LP).<\/p>\n<p><strong>Defensores<\/strong>: Marco Di Cesare (Argentinos Juniors), Joaqu\u00edn Garc\u00eda (V\u00e9lez), Nicol\u00e1s Valentini (Boca), Valent\u00edn Barco (Boca), Lucas Esquivel (Athletico Paranaense), Aaron Quiros (Banfield) y Gonzalo Luj\u00e1n (San Lorenzo).<\/p>\n<p><strong>Mediocampistas<\/strong>: Federico Redondo (Argentinos Juniors), Juan Sforza (Newell\u2019s), Ezequiel Fern\u00e1ndez (Boca), Cristian Medina (Boca), Juan Nardoni (Racing) y Thiago Almada (Atlanta United).<\/p>\n<p><strong>Delanteros<\/strong>: Luciano Gondou (Argentinos Juniors), Francisco Gonz\u00e1lez (Newell\u2019s), Baltasar Rodr\u00edguez (Racing), Santiago Castro (V\u00e9lez), Claudio Echeverri (River) y Pablo Solari (River).<\/p>\n<p>El defensor Juli\u00e1n Malatini, quien formaba parte de la lista de buena fe de 23 jugadores, qued\u00f3 afuera porque fue transferido por Defensa y Justicia a Werder Bremen, de Alemania, y su nuevo club no lo cedi\u00f3 al torneo.<\/p>\n<\/div>\n<p><script async defer crossorigin=\"anonymous\" src=\"https:\/\/connect.facebook.net\/es_LA\/sdk.js#xfbml=1&#038;version=v12.0\" nonce=\"SBlHQzIF\"><\/script><br \/><a href=\"https:\/\/www.telam.com.ar\/notas\/202401\/652803-seleccion-sub-23-venezuela-preolimpico.html\">source<\/a><\/p>\n","protected":false},"excerpt":{"rendered":"<p>Foto: X @Argentina. El seleccionado argentino Sub 23 lleg\u00f3 este mi\u00e9rcoles a Venezuela donde el&#8230;<\/p>\n","protected":false},"author":0,"featured_media":192712,"comment_status":"open","ping_status":"open","sticky":false,"template":"","format":"standard","meta":{"footnotes":""},"categories":[3],"tags":[],"class_list":["post-192711","post","type-post","status-publish","format-standard","has-post-thumbnail","hentry","category-deportes"],"featured_image_urls":{"full":["https:\/\/radiofenix.com.ar\/2023\/wp-content\/uploads\/2024\/01\/wp-header-logo-152.png",1200,675,false],"thumbnail":["https:\/\/radiofenix.com.ar\/2023\/wp-content\/uploads\/2024\/01\/wp-header-logo-152-150x150.png",150,150,true],"medium":["https:\/\/radiofenix.com.ar\/2023\/wp-content\/uploads\/2024\/01\/wp-header-logo-152-300x169.png",300,169,true],"medium_large":["https:\/\/radiofenix.com.ar\/2023\/wp-content\/uploads\/2024\/01\/wp-header-logo-152-768x432.png",640,360,true],"large":["https:\/\/radiofenix.com.ar\/2023\/wp-content\/uploads\/2024\/01\/wp-header-logo-152-1024x576.png",640,360,true],"1536x1536":["https:\/\/radiofenix.com.ar\/2023\/wp-content\/uploads\/2024\/01\/wp-header-logo-152.png",1200,675,false],"2048x2048":["https:\/\/radiofenix.com.ar\/2023\/wp-content\/uploads\/2024\/01\/wp-header-logo-152.png",1200,675,false],"newsium-slider-full":["https:\/\/radiofenix.com.ar\/2023\/wp-content\/uploads\/2024\/01\/wp-header-logo-152.png",1200,675,false],"newsium-featured":["https:\/\/radiofenix.com.ar\/2023\/wp-content\/uploads\/2024\/01\/wp-header-logo-152-1024x576.png",1024,576,true],"newsium-medium":["https:\/\/radiofenix.com.ar\/2023\/wp-content\/uploads\/2024\/01\/wp-header-logo-152-720x475.png",720,475,true]},"author_info":{"info":[""]},"category_info":"<a href=\"https:\/\/radiofenix.com.ar\/2023\/category\/deportes\/\" rel=\"category tag\">Deportes<\/a>","tag_info":"Deportes","comment_count":"0","_links":{"self":[{"href":"https:\/\/radiofenix.com.ar\/2023\/wp-json\/wp\/v2\/posts\/192711","targetHints":{"allow":["GET"]}}],"collection":[{"href":"https:\/\/radiofenix.com.ar\/2023\/wp-json\/wp\/v2\/posts"}],"about":[{"href":"https:\/\/radiofenix.com.ar\/2023\/wp-json\/wp\/v2\/types\/post"}],"replies":[{"embeddable":true,"href":"https:\/\/radiofenix.com.ar\/2023\/wp-json\/wp\/v2\/comments?post=192711"}],"version-history":[{"count":0,"href":"https:\/\/radiofenix.com.ar\/2023\/wp-json\/wp\/v2\/posts\/192711\/revisions"}],"wp:featuredmedia":[{"embeddable":true,"href":"https:\/\/radiofenix.com.ar\/2023\/wp-json\/wp\/v2\/media\/192712"}],"wp:attachment":[{"href":"https:\/\/radiofenix.com.ar\/2023\/wp-json\/wp\/v2\/media?parent=192711"}],"wp:term":[{"taxonomy":"category","embeddable":true,"href":"https:\/\/radiofenix.com.ar\/2023\/wp-json\/wp\/v2\/categories?post=192711"},{"taxonomy":"post_tag","embeddable":true,"href":"https:\/\/radiofenix.com.ar\/2023\/wp-json\/wp\/v2\/tags?post=192711"}],"curies":[{"name":"wp","href":"https:\/\/api.w.org\/{rel}","templated":true}]}}