{"id":192717,"date":"2024-01-19T08:57:42","date_gmt":"2024-01-19T08:57:42","guid":{"rendered":"https:\/\/radiofenix.com.ar\/2023\/el-gobierno-recordo-al-fiscal-nisman-como-un-incansable-defensor-de-la-justicia\/"},"modified":"2024-01-19T08:57:42","modified_gmt":"2024-01-19T08:57:42","slug":"el-gobierno-recordo-al-fiscal-nisman-como-un-incansable-defensor-de-la-justicia","status":"publish","type":"post","link":"https:\/\/radiofenix.com.ar\/2023\/el-gobierno-recordo-al-fiscal-nisman-como-un-incansable-defensor-de-la-justicia\/","title":{"rendered":"El Gobierno record\u00f3 al fiscal Nisman como &quot;un incansable defensor de la justicia&quot;"},"content":{"rendered":"<div>\n<figure class=\"mb-3\"><img decoding=\"async\" src=\"https:\/\/www.telam.com.ar\/thumbs\/bluesteel\/advf\/imagenes\/2020\/01\/5e1f11e11575d_1200.jpg\" class=\" lazy \" width=\"100%\" height=\"100%\" alt=\" Alberto Nisman Foto archivo\"\/><figcaption> Alberto Nisman. Foto: archivo. <\/figcaption><\/figure>\n<p>El Gobierno record\u00f3 al fiscal Alberto Nisman, a quien defini\u00f3 como un \u00abincansable defensor de la justicia\u00bb, y destac\u00f3 su compromiso \u00abpara esclarecer la causa AMIA\u00bb e \u00abimpartir justicia para las v\u00edctimas y familiares del atentado\u00bb, lo cual \u00abcontin\u00faa siendo hoy un ejemplo para todos los argentinos\u00bb.<\/p>\n<p><strong>\u00abA nueve a\u00f1os de su homicidio, la Oficina del Presidente conmemora el legado del fiscal Alberto Nisman, un incansable defensor de la justicia cuyo compromiso por esclarecer la causa AMIA e impartir justicia para las v\u00edctimas y familiares del atentado contin\u00faan siendo hoy un ejemplo para todos los argentinos\u00bb<\/strong>, se\u00f1al\u00f3 el Gobierno en un comunicado.<\/p>\n<p>Nisman fue encontrado muerto con un tiro en la cabeza el 18 de enero de 2015 en el ba\u00f1o del departamento en el que resid\u00eda en una de las torres del complejo Le Parc, en el barrio porte\u00f1o de Puerto Madero.<\/p>\n<blockquote class=\"twitter-tweet\">\n<p lang=\"zxx\" dir=\"ltr\"><a href=\"https:\/\/t.co\/tqlfq9Y5bs\">pic.twitter.com\/tqlfq9Y5bs<\/a><\/p>\n<p>\u2014 Oficina del Presidente (@OPRArgentina) <a href=\"https:\/\/twitter.com\/OPRArgentina\/status\/1748071113916133865?ref_src=twsrc%5Etfw\">January 18, 2024<\/a><\/p><\/blockquote>\n<p>El fiscal era titular de la UFI AMIA, creada especialmente para investigar el atentado a la sede de la Asociaci\u00f3n Mutual Israel\u00ed Argentina, perpetrado en la ma\u00f1ana el lunes 18 de julio de 1994, cuando una explosi\u00f3n destruy\u00f3 su sede ubicada en Pasteur 633, en el barrio porte\u00f1o de Once, lo que provoc\u00f3 85 muertos y m\u00e1s de 300 heridos. <\/p>\n<\/div>\n<p><script async src=\"\/\/platform.twitter.com\/widgets.js\" charset=\"utf-8\"><\/script><script async defer crossorigin=\"anonymous\" src=\"https:\/\/connect.facebook.net\/es_LA\/sdk.js#xfbml=1&#038;version=v12.0\" nonce=\"SBlHQzIF\"><\/script><br \/><a href=\"https:\/\/www.telam.com.ar\/notas\/202401\/652933-gobierno-nacional-fiscal-alberto-nisman.html\">source<\/a><\/p>\n","protected":false},"excerpt":{"rendered":"<p>Alberto Nisman. Foto: archivo. El Gobierno record\u00f3 al fiscal Alberto Nisman, a quien defini\u00f3 como&#8230;<\/p>\n","protected":false},"author":0,"featured_media":192718,"comment_status":"open","ping_status":"open","sticky":false,"template":"","format":"standard","meta":{"footnotes":""},"categories":[2],"tags":[],"class_list":["post-192717","post","type-post","status-publish","format-standard","has-post-thumbnail","hentry","category-politica"],"featured_image_urls":{"full":["https:\/\/radiofenix.com.ar\/2023\/wp-content\/uploads\/2024\/01\/wp-header-logo-155.png",1004,565,false],"thumbnail":["https:\/\/radiofenix.com.ar\/2023\/wp-content\/uploads\/2024\/01\/wp-header-logo-155-150x150.png",150,150,true],"medium":["https:\/\/radiofenix.com.ar\/2023\/wp-content\/uploads\/2024\/01\/wp-header-logo-155-300x169.png",300,169,true],"medium_large":["https:\/\/radiofenix.com.ar\/2023\/wp-content\/uploads\/2024\/01\/wp-header-logo-155-768x432.png",640,360,true],"large":["https:\/\/radiofenix.com.ar\/2023\/wp-content\/uploads\/2024\/01\/wp-header-logo-155.png",640,360,false],"1536x1536":["https:\/\/radiofenix.com.ar\/2023\/wp-content\/uploads\/2024\/01\/wp-header-logo-155.png",1004,565,false],"2048x2048":["https:\/\/radiofenix.com.ar\/2023\/wp-content\/uploads\/2024\/01\/wp-header-logo-155.png",1004,565,false],"newsium-slider-full":["https:\/\/radiofenix.com.ar\/2023\/wp-content\/uploads\/2024\/01\/wp-header-logo-155.png",1004,565,false],"newsium-featured":["https:\/\/radiofenix.com.ar\/2023\/wp-content\/uploads\/2024\/01\/wp-header-logo-155.png",1004,565,false],"newsium-medium":["https:\/\/radiofenix.com.ar\/2023\/wp-content\/uploads\/2024\/01\/wp-header-logo-155-720x475.png",720,475,true]},"author_info":{"info":[""]},"category_info":"<a href=\"https:\/\/radiofenix.com.ar\/2023\/category\/politica\/\" rel=\"category tag\">Pol\u00edtica<\/a>","tag_info":"Pol\u00edtica","comment_count":"0","_links":{"self":[{"href":"https:\/\/radiofenix.com.ar\/2023\/wp-json\/wp\/v2\/posts\/192717","targetHints":{"allow":["GET"]}}],"collection":[{"href":"https:\/\/radiofenix.com.ar\/2023\/wp-json\/wp\/v2\/posts"}],"about":[{"href":"https:\/\/radiofenix.com.ar\/2023\/wp-json\/wp\/v2\/types\/post"}],"replies":[{"embeddable":true,"href":"https:\/\/radiofenix.com.ar\/2023\/wp-json\/wp\/v2\/comments?post=192717"}],"version-history":[{"count":0,"href":"https:\/\/radiofenix.com.ar\/2023\/wp-json\/wp\/v2\/posts\/192717\/revisions"}],"wp:featuredmedia":[{"embeddable":true,"href":"https:\/\/radiofenix.com.ar\/2023\/wp-json\/wp\/v2\/media\/192718"}],"wp:attachment":[{"href":"https:\/\/radiofenix.com.ar\/2023\/wp-json\/wp\/v2\/media?parent=192717"}],"wp:term":[{"taxonomy":"category","embeddable":true,"href":"https:\/\/radiofenix.com.ar\/2023\/wp-json\/wp\/v2\/categories?post=192717"},{"taxonomy":"post_tag","embeddable":true,"href":"https:\/\/radiofenix.com.ar\/2023\/wp-json\/wp\/v2\/tags?post=192717"}],"curies":[{"name":"wp","href":"https:\/\/api.w.org\/{rel}","templated":true}]}}