{"id":192735,"date":"2024-01-20T08:57:35","date_gmt":"2024-01-20T08:57:35","guid":{"rendered":"https:\/\/radiofenix.com.ar\/2023\/bizarrap-el-credito-argentino-en-el-famoso-festival-coachella\/"},"modified":"2024-01-20T08:57:35","modified_gmt":"2024-01-20T08:57:35","slug":"bizarrap-el-credito-argentino-en-el-famoso-festival-coachella","status":"publish","type":"post","link":"https:\/\/radiofenix.com.ar\/2023\/bizarrap-el-credito-argentino-en-el-famoso-festival-coachella\/","title":{"rendered":"Bizarrap, el cr\u00e9dito argentino en el famoso festival Coachella"},"content":{"rendered":"<div>\n<figure class=\"mb-3\"><img decoding=\"async\" src=\"https:\/\/www.telam.com.ar\/thumbs\/bluesteel\/advf\/imagenes\/2023\/03\/641070eb507fe_1200.jpg\" class=\" lazy \" width=\"100%\" height=\"100%\" alt=\"Bizarrap el crdito argentino en el famoso festival Coachella Foto Prensa\"\/><figcaption> Bizarrap, el cr\u00e9dito argentino en el famoso festival Coachella. Foto: Prensa <\/figcaption><\/figure>\n<p> El exitoso productor Bizarrap sigue sumando hitos en su carrera al ser parte por primera vez de la grilla del famoso festival californiano Coachella, que se realizar\u00e1 los fines de semana del 12 al 14 de abril y del 19 al 21.<\/p>\n<p><strong>\u00abNos vemos en Coachella en abril\u00bb, escribi\u00f3 el propio artista en su cuenta oficial de Instagram<\/strong>, poco despu\u00e9s de conocerse la programaci\u00f3n del encuentro musical, que tendr\u00e1 a Lana del Rey, Tyler The Creator y Doja Cata, como cabezas de cartel.<\/p>\n<p>De esta manera, Bizarrap se sumar\u00e1 a la lista de artistas argentinos que alguna vez pasaron por ese escenario, entre los que se encuentran Las Ligas Menores, Babas\u00f3nicos, Juana Molina, Nathy Peluso y Nicki NIcole.<\/p>\n<blockquote class=\"twitter-tweet\">\n<p lang=\"es\" dir=\"ltr\">Bizarrap va a estar present\u00e1ndose, por primera vez, en el festival Coachella los pr\u00f3ximos 12 y 19 de abril. <a href=\"https:\/\/t.co\/fTY1qOkIfV\">pic.twitter.com\/fTY1qOkIfV<\/a><\/p>\n<p>\u2014 Archive Bizarrap (@archivebiza) <a href=\"https:\/\/twitter.com\/archivebiza\/status\/1747419758587269348?ref_src=twsrc%5Etfw\">January 17, 2024<\/a><\/p><\/blockquote>\n<p> El productor argentino <strong>experiment\u00f3 un vertiginoso crecimiento en los \u00faltimos a\u00f1os a partir del fenomenal \u00e9xito <\/strong>logrado en cada una de sus sesiones, en colaboraci\u00f3n con los m\u00e1s importantes artistas latinos, entre los que destacan Shakira y Quevedo, por citar apenas algunos.<\/p>\n<p>Su \u00faltimo lanzamiento fue junto a la puertorrique\u00f1a Young Miko, en otro trabajo que inmediatamente acumul\u00f3 millones de reproducciones.<\/p>\n<p><strong>El festival Coachella es uno de los m\u00e1s grandes encuentros musicales que se realizan en todo el mundo<\/strong> y en la edici\u00f3n 2024, adem\u00e1s de los artistas mencionados se producir\u00e1 el regreso de No Doubt, a nueve a\u00f1os de su \u00faltimo show, y presentar\u00e1 a Blur, que en noviembre pasado pas\u00f3 por Argentina y, d\u00edas despu\u00e9s, anunci\u00f3 su retiro de los escenarios. <\/p>\n<\/div>\n<p><script async src=\"\/\/platform.twitter.com\/widgets.js\" charset=\"utf-8\"><\/script><script async defer crossorigin=\"anonymous\" src=\"https:\/\/connect.facebook.net\/es_LA\/sdk.js#xfbml=1&#038;version=v12.0\" nonce=\"SBlHQzIF\"><\/script><br \/><a href=\"https:\/\/www.telam.com.ar\/notas\/202401\/652848-bizarrap-festival-coachella.html\">source<\/a><\/p>\n","protected":false},"excerpt":{"rendered":"<p>Bizarrap, el cr\u00e9dito argentino en el famoso festival Coachella. Foto: Prensa El exitoso productor Bizarrap&#8230;<\/p>\n","protected":false},"author":0,"featured_media":192736,"comment_status":"open","ping_status":"open","sticky":false,"template":"","format":"standard","meta":{"footnotes":""},"categories":[4],"tags":[],"class_list":["post-192735","post","type-post","status-publish","format-standard","has-post-thumbnail","hentry","category-espectaculos"],"featured_image_urls":{"full":["https:\/\/radiofenix.com.ar\/2023\/wp-content\/uploads\/2024\/01\/wp-header-logo-164.png",1200,675,false],"thumbnail":["https:\/\/radiofenix.com.ar\/2023\/wp-content\/uploads\/2024\/01\/wp-header-logo-164-150x150.png",150,150,true],"medium":["https:\/\/radiofenix.com.ar\/2023\/wp-content\/uploads\/2024\/01\/wp-header-logo-164-300x169.png",300,169,true],"medium_large":["https:\/\/radiofenix.com.ar\/2023\/wp-content\/uploads\/2024\/01\/wp-header-logo-164-768x432.png",640,360,true],"large":["https:\/\/radiofenix.com.ar\/2023\/wp-content\/uploads\/2024\/01\/wp-header-logo-164-1024x576.png",640,360,true],"1536x1536":["https:\/\/radiofenix.com.ar\/2023\/wp-content\/uploads\/2024\/01\/wp-header-logo-164.png",1200,675,false],"2048x2048":["https:\/\/radiofenix.com.ar\/2023\/wp-content\/uploads\/2024\/01\/wp-header-logo-164.png",1200,675,false],"newsium-slider-full":["https:\/\/radiofenix.com.ar\/2023\/wp-content\/uploads\/2024\/01\/wp-header-logo-164.png",1200,675,false],"newsium-featured":["https:\/\/radiofenix.com.ar\/2023\/wp-content\/uploads\/2024\/01\/wp-header-logo-164-1024x576.png",1024,576,true],"newsium-medium":["https:\/\/radiofenix.com.ar\/2023\/wp-content\/uploads\/2024\/01\/wp-header-logo-164-720x475.png",720,475,true]},"author_info":{"info":[""]},"category_info":"<a href=\"https:\/\/radiofenix.com.ar\/2023\/category\/espectaculos\/\" rel=\"category tag\">Espectaculos<\/a>","tag_info":"Espectaculos","comment_count":"0","_links":{"self":[{"href":"https:\/\/radiofenix.com.ar\/2023\/wp-json\/wp\/v2\/posts\/192735","targetHints":{"allow":["GET"]}}],"collection":[{"href":"https:\/\/radiofenix.com.ar\/2023\/wp-json\/wp\/v2\/posts"}],"about":[{"href":"https:\/\/radiofenix.com.ar\/2023\/wp-json\/wp\/v2\/types\/post"}],"replies":[{"embeddable":true,"href":"https:\/\/radiofenix.com.ar\/2023\/wp-json\/wp\/v2\/comments?post=192735"}],"version-history":[{"count":0,"href":"https:\/\/radiofenix.com.ar\/2023\/wp-json\/wp\/v2\/posts\/192735\/revisions"}],"wp:featuredmedia":[{"embeddable":true,"href":"https:\/\/radiofenix.com.ar\/2023\/wp-json\/wp\/v2\/media\/192736"}],"wp:attachment":[{"href":"https:\/\/radiofenix.com.ar\/2023\/wp-json\/wp\/v2\/media?parent=192735"}],"wp:term":[{"taxonomy":"category","embeddable":true,"href":"https:\/\/radiofenix.com.ar\/2023\/wp-json\/wp\/v2\/categories?post=192735"},{"taxonomy":"post_tag","embeddable":true,"href":"https:\/\/radiofenix.com.ar\/2023\/wp-json\/wp\/v2\/tags?post=192735"}],"curies":[{"name":"wp","href":"https:\/\/api.w.org\/{rel}","templated":true}]}}