{"id":192737,"date":"2024-01-20T08:57:37","date_gmt":"2024-01-20T08:57:37","guid":{"rendered":"https:\/\/radiofenix.com.ar\/2023\/camioneros-confirmo-que-marcha-al-congreso-y-rechaza-la-privatizacion-de-empresas-publicas\/"},"modified":"2024-01-20T08:57:37","modified_gmt":"2024-01-20T08:57:37","slug":"camioneros-confirmo-que-marcha-al-congreso-y-rechaza-la-privatizacion-de-empresas-publicas","status":"publish","type":"post","link":"https:\/\/radiofenix.com.ar\/2023\/camioneros-confirmo-que-marcha-al-congreso-y-rechaza-la-privatizacion-de-empresas-publicas\/","title":{"rendered":"Camioneros confirm\u00f3 que marcha al Congreso y rechaza la privatizaci\u00f3n de empresas p\u00fablicas"},"content":{"rendered":"<div>\n<div class=\"video_repositive\"> <a class=\"video_sticky\" href=\"javascript:void();\" onclick=\"removeStuckVideo(true);\"><i class=\"far fa-window-close\"\/><\/a> <\/p>\n<div id=\"hnMoZD_S1qA\" class=\"video_telam\" style=\"background-image:url('https:\/\/img.youtube.com\/vi\/hnMoZD_S1qA\/hqdefault.jpg');background-position: center center;\">\n<div class=\"feature_article_inner\">\n<p><h2 class=\"text-center\">Camioneros adhiri\u00f3 a paro y marcha del 24 y rechaz\u00f3 intento de privatizaci\u00f3n de empresas p\u00fablicas<\/h2>\n<\/p><\/div>\n<p>VER VIDEO <i class=\"fas fa-play\"\/><\/p>\n<\/p><\/div>\n<\/p><\/div>\n<p>Un plenario de m\u00e1s de 1.000 delegados del <strong>gremio camionero<\/strong> confirm\u00f3 este viernes de forma un\u00e1nime adherir a la<strong> huelga general<\/strong> nacional de 12 horas y a la movilizaci\u00f3n hacia el <strong>Congreso<\/strong> del mi\u00e9rcoles pr\u00f3ximo, en rechazo de las medidas econ\u00f3micas del Gobierno, a la vez que expres\u00f3 su repudio al intento de <strong>privatizaci\u00f3n de las empresas del Estado<\/strong>.<\/p>\n<p>El encuentro de m\u00e1s de un millar de delegados de base del gremio sesion\u00f3 en el <strong>Club Camioneros de Camino de Cintura al 6.900<\/strong>, en el municipio bonaerense de <strong>Esteban Echeverr\u00eda<\/strong>, y fue encabezado por los secretarios general y adjunto de la Federaci\u00f3n Nacional de la actividad, <strong>Hugo y Pablo Moyano<\/strong>, quienes ratificaron la protesta del d\u00eda 24.<\/p>\n<p>\u00abEl 24 nos encontraremos todos en el<strong> Congreso<\/strong> e ir\u00e9 a la cabeza, como siempre, acompa\u00f1ado por la comisi\u00f3n directiva. Que nadie tenga dudas -ni propios ni extra\u00f1os- que en esta huelga el gremio camionero estar\u00e1 presente, porque se trata de una lucha del pueblo por los trabajadores y la Patria\u00bb, puntualiz\u00f3 en su discurso <strong>Hugo Moyano<\/strong>.<\/p>\n<p>El adjunto nacional de la organizaci\u00f3n, <strong>Pablo Moyano<\/strong>, sostuvo que el <strong>decreto de necesidad y urgencia (DNU) 70\/23 y la ley &#8216;Bases&#8217;<\/strong> del Gobierno atraviesa a todas las actividades por igual, y afirm\u00f3 que afecta \u00abno solo lo laboral sino a las jubilaciones y a las empresas del Estado, ya que proponen su venta\u00bb, y conden\u00f3 que \u00abel presidente <strong>Javier Milei <\/strong>tenga la facultad de otorgar por decreto aumentos para el sector pasivo\u00bb.<\/p>\n<p>\u00abEste Gobierno quiere privatizar <strong>T\u00e9lam, YPF, Aerol\u00edneas Argentinas y Aguas Argentinas<\/strong>, entre otras empresas estatales, y regalarlas a sus gerentes internacionales como <strong>Mercado Libre. Milei <\/strong>se convirti\u00f3 en un simple empleado de las corporaciones locales y mundiales\u00bb, dijo <strong>Pablo Moyano<\/strong> en su discurso ante m\u00e1s de un millar de representantes de base.<\/p>\n<p>Adem\u00e1s, y al referirse al <strong>Protocolo Antipiquetes<\/strong> impuesto por la ministra de Seguridad,<strong> Patricia Bullrich<\/strong>, quien procura aplicarlo en la movilizaci\u00f3n del mi\u00e9rcoles pr\u00f3ximo, el cotitular de la <strong>CGT <\/strong>sostuvo que la funcionaria \u00abde seguro va a querer armar un circo, un show medi\u00e1tico, como hizo hace unos d\u00edas para multar a los gremios que se movilizaron hacia los Tribunales\u00bb, y enfatiz\u00f3 que esa medida \u00abes inaplicable e impracticable\u00bb.<\/p>\n<p><strong>Moyano (h)<\/strong> a\u00f1adi\u00f3 que en el plenario participaron m\u00e1s de 1.000 delegados camioneros de todas las empresas, y subray\u00f3 que las iniciativas del Gobierno \u00abatentan contra los derechos de los trabajadores y afectan de manera fuerte la soberan\u00eda nacional, adem\u00e1s de procurar suprimir garant\u00edas b\u00e1sicas como la protesta, que garantiza la Constituci\u00f3n\u00bb.<\/p>\n<\/div>\n<p><script async defer crossorigin=\"anonymous\" src=\"https:\/\/connect.facebook.net\/es_LA\/sdk.js#xfbml=1&#038;version=v12.0\" nonce=\"SBlHQzIF\"><\/script><br \/><a href=\"https:\/\/www.telam.com.ar\/notas\/202401\/653041-camioneros-confirma-marcha-al-congreso-y-rechaza-la-privatizacion-de-empresas-publicas.html\">source<\/a><\/p>\n","protected":false},"excerpt":{"rendered":"<p>Camioneros adhiri\u00f3 a paro y marcha del 24 y rechaz\u00f3 intento de privatizaci\u00f3n de empresas&#8230;<\/p>\n","protected":false},"author":2,"featured_media":192738,"comment_status":"open","ping_status":"open","sticky":false,"template":"","format":"standard","meta":{"footnotes":""},"categories":[6],"tags":[],"class_list":["post-192737","post","type-post","status-publish","format-standard","has-post-thumbnail","hentry","category-ultimasnoticias"],"featured_image_urls":{"full":["https:\/\/radiofenix.com.ar\/2023\/wp-content\/uploads\/2024\/01\/wp-header-logo-165.png",450,253,false],"thumbnail":["https:\/\/radiofenix.com.ar\/2023\/wp-content\/uploads\/2024\/01\/wp-header-logo-165-150x150.png",150,150,true],"medium":["https:\/\/radiofenix.com.ar\/2023\/wp-content\/uploads\/2024\/01\/wp-header-logo-165-300x169.png",300,169,true],"medium_large":["https:\/\/radiofenix.com.ar\/2023\/wp-content\/uploads\/2024\/01\/wp-header-logo-165.png",450,253,false],"large":["https:\/\/radiofenix.com.ar\/2023\/wp-content\/uploads\/2024\/01\/wp-header-logo-165.png",450,253,false],"1536x1536":["https:\/\/radiofenix.com.ar\/2023\/wp-content\/uploads\/2024\/01\/wp-header-logo-165.png",450,253,false],"2048x2048":["https:\/\/radiofenix.com.ar\/2023\/wp-content\/uploads\/2024\/01\/wp-header-logo-165.png",450,253,false],"newsium-slider-full":["https:\/\/radiofenix.com.ar\/2023\/wp-content\/uploads\/2024\/01\/wp-header-logo-165.png",450,253,false],"newsium-featured":["https:\/\/radiofenix.com.ar\/2023\/wp-content\/uploads\/2024\/01\/wp-header-logo-165.png",450,253,false],"newsium-medium":["https:\/\/radiofenix.com.ar\/2023\/wp-content\/uploads\/2024\/01\/wp-header-logo-165.png",450,253,false]},"author_info":{"info":["c1500921"]},"category_info":"<a href=\"https:\/\/radiofenix.com.ar\/2023\/category\/ultimasnoticias\/\" rel=\"category tag\">Ultimas Noticias<\/a>","tag_info":"Ultimas Noticias","comment_count":"0","_links":{"self":[{"href":"https:\/\/radiofenix.com.ar\/2023\/wp-json\/wp\/v2\/posts\/192737","targetHints":{"allow":["GET"]}}],"collection":[{"href":"https:\/\/radiofenix.com.ar\/2023\/wp-json\/wp\/v2\/posts"}],"about":[{"href":"https:\/\/radiofenix.com.ar\/2023\/wp-json\/wp\/v2\/types\/post"}],"author":[{"embeddable":true,"href":"https:\/\/radiofenix.com.ar\/2023\/wp-json\/wp\/v2\/users\/2"}],"replies":[{"embeddable":true,"href":"https:\/\/radiofenix.com.ar\/2023\/wp-json\/wp\/v2\/comments?post=192737"}],"version-history":[{"count":0,"href":"https:\/\/radiofenix.com.ar\/2023\/wp-json\/wp\/v2\/posts\/192737\/revisions"}],"wp:featuredmedia":[{"embeddable":true,"href":"https:\/\/radiofenix.com.ar\/2023\/wp-json\/wp\/v2\/media\/192738"}],"wp:attachment":[{"href":"https:\/\/radiofenix.com.ar\/2023\/wp-json\/wp\/v2\/media?parent=192737"}],"wp:term":[{"taxonomy":"category","embeddable":true,"href":"https:\/\/radiofenix.com.ar\/2023\/wp-json\/wp\/v2\/categories?post=192737"},{"taxonomy":"post_tag","embeddable":true,"href":"https:\/\/radiofenix.com.ar\/2023\/wp-json\/wp\/v2\/tags?post=192737"}],"curies":[{"name":"wp","href":"https:\/\/api.w.org\/{rel}","templated":true}]}}