{"id":192739,"date":"2024-01-21T01:38:41","date_gmt":"2024-01-21T01:38:41","guid":{"rendered":"https:\/\/radiofenix.com.ar\/2023\/la-uia-se-presentara-como-amicus-curiae-en-defensa-del-capitulo-laboral-del-dnu\/"},"modified":"2024-01-21T01:38:41","modified_gmt":"2024-01-21T01:38:41","slug":"la-uia-se-presentara-como-amicus-curiae-en-defensa-del-capitulo-laboral-del-dnu","status":"publish","type":"post","link":"https:\/\/radiofenix.com.ar\/2023\/la-uia-se-presentara-como-amicus-curiae-en-defensa-del-capitulo-laboral-del-dnu\/","title":{"rendered":"La UIA se presentar\u00e1 como amicus curiae en defensa del cap\u00edtulo laboral del DNU"},"content":{"rendered":"<div>\n<figure class=\"mb-3\"><img decoding=\"async\" src=\"https:\/\/www.telam.com.ar\/thumbs\/bluesteel\/advf\/imagenes\/2023\/12\/65809c60d3456_1200.jpg\" class=\" lazy \" width=\"100%\" height=\"100%\" alt=\"Un almuerzo que la UIA comparti con el ministro Luis Caputo Foto prensa \"\/><figcaption> Un almuerzo que la UIA comparti\u00f3 con el ministro Luis Caputo. \/Foto: prensa. <\/figcaption><\/figure>\n<p> La Uni\u00f3n Industrial Argentina (UIA) adelant\u00f3 este jueves que<strong> se presentar\u00e1 en las causas presentadas por la CGT (Confederaci\u00f3n General del Trabajo) y la CTA (Confederaci\u00f3n de Trabajadores y Trabajadoras Argentinos) en apoyo a la aplicaci\u00f3n del cap\u00edtulo laboral <\/strong>del Decreto de Necesidad y Urgencia 70\/2023, que fuera suspendido por la C\u00e1mara Nacional de Apelaciones del Trabajo.<\/p>\n<p>La presentaci\u00f3n de la central fabril ser\u00e1 en calidad de amicus curiae, figura que permite participar a terceros ajenos a un proceso judicial que tienen conocimiento y competencia sobre la cuesti\u00f3n.<\/p>\n<p>En un comunicado, la UIA indic\u00f3 que <strong>se presentar\u00e1 \u00abcon la intenci\u00f3n de expresar una opini\u00f3n fundada respecto de la modernizaci\u00f3n de la legislaci\u00f3n laboral, ya que considera que dichos contenidos y sus propuestas se adaptan a las nuevas realidades del empleo,<\/strong> <strong>sobre todo para las peque\u00f1as y medianas industrias\u00bb.<\/strong><\/p>\n<p>\u00abLas reformas planteadas configuran el camino correcto hacia la creaci\u00f3n de empleo privado y la reducci\u00f3n de la litigiosidad y sientan las bases para que, cuando se materialice una recuperaci\u00f3n econ\u00f3mica, las nuevas contrataciones sean m\u00e1s simples y sostenibles\u00bb, expres\u00f3.<\/p>\n<p>Asimismo, se\u00f1al\u00f3 que<strong> \u00aben la actualidad s\u00f3lo seis millones de personas tienen empleo formal en Argentina<\/strong>, lo que representa casi un 50% de trabajadores no registrados\u00bb.<\/p>\n<p>La UIA record\u00f3 que en la campa\u00f1a electoral \u00abhab\u00eda presentado las propuestas de su Libro Blanco a todos los candidatos presidenciales\u00bb, y entre ellas destac\u00f3 \u00abla reducci\u00f3n de la litigiosidad que afecta principalmente a las pymes, la eliminaci\u00f3n de multas por registro deficiente de la actividad laboral y la creaci\u00f3n de incentivos para el empleo formal\u00bb.<\/p>\n<p>Tambi\u00e9n<strong> enumer\u00f3 \u00abel fomento del nuevo empleo a partir de la reducci\u00f3n de cargas laborales; la promoci\u00f3n de negociaciones colectivas din\u00e1micas y los incentivos a la productividad<\/strong>; la actualizaci\u00f3n del r\u00e9gimen de multas para disminuir la judicializaci\u00f3n de conflictos laborales; entre otras pol\u00edticas que afectan la sustentabilidad de las empresas y la creaci\u00f3n de puestos de trabajo\u00bb.<\/p>\n<p>En ese sentido, valor\u00f3 que entre las iniciativas del cap\u00edtulo laboral del DNU figuran \u00abla eliminaci\u00f3n de multas por registro deficiente de la actividad laboral y la creaci\u00f3n de incentivos para el empleo formal, con la consecuente disminuci\u00f3n de la judicializaci\u00f3n de los conflictos laborales; la promoci\u00f3n de negociaciones colectivas din\u00e1micas y los incentivos a la productividad; la actualizaci\u00f3n del r\u00e9gimen de multas para disminuir la judicializaci\u00f3n de conflictos laborales y la modificaci\u00f3n en el sistema de c\u00e1lculo de capitalizaci\u00f3n de intereses en los fallos laborales\u00bb. <\/p>\n<\/div>\n<p><script async defer crossorigin=\"anonymous\" src=\"https:\/\/connect.facebook.net\/es_LA\/sdk.js#xfbml=1&#038;version=v12.0\" nonce=\"SBlHQzIF\"><\/script><br \/><a href=\"https:\/\/www.telam.com.ar\/notas\/202401\/652875-uia-amicus-curiae-defensa-dnu.html\">source<\/a><\/p>\n","protected":false},"excerpt":{"rendered":"<p>Un almuerzo que la UIA comparti\u00f3 con el ministro Luis Caputo. \/Foto: prensa. La Uni\u00f3n&#8230;<\/p>\n","protected":false},"author":0,"featured_media":192740,"comment_status":"open","ping_status":"open","sticky":false,"template":"","format":"standard","meta":{"footnotes":""},"categories":[5],"tags":[],"class_list":["post-192739","post","type-post","status-publish","format-standard","has-post-thumbnail","hentry","category-economia"],"featured_image_urls":{"full":["https:\/\/radiofenix.com.ar\/2023\/wp-content\/uploads\/2024\/01\/wp-header-logo-166.png",1200,675,false],"thumbnail":["https:\/\/radiofenix.com.ar\/2023\/wp-content\/uploads\/2024\/01\/wp-header-logo-166-150x150.png",150,150,true],"medium":["https:\/\/radiofenix.com.ar\/2023\/wp-content\/uploads\/2024\/01\/wp-header-logo-166-300x169.png",300,169,true],"medium_large":["https:\/\/radiofenix.com.ar\/2023\/wp-content\/uploads\/2024\/01\/wp-header-logo-166-768x432.png",640,360,true],"large":["https:\/\/radiofenix.com.ar\/2023\/wp-content\/uploads\/2024\/01\/wp-header-logo-166-1024x576.png",640,360,true],"1536x1536":["https:\/\/radiofenix.com.ar\/2023\/wp-content\/uploads\/2024\/01\/wp-header-logo-166.png",1200,675,false],"2048x2048":["https:\/\/radiofenix.com.ar\/2023\/wp-content\/uploads\/2024\/01\/wp-header-logo-166.png",1200,675,false],"newsium-slider-full":["https:\/\/radiofenix.com.ar\/2023\/wp-content\/uploads\/2024\/01\/wp-header-logo-166.png",1200,675,false],"newsium-featured":["https:\/\/radiofenix.com.ar\/2023\/wp-content\/uploads\/2024\/01\/wp-header-logo-166-1024x576.png",1024,576,true],"newsium-medium":["https:\/\/radiofenix.com.ar\/2023\/wp-content\/uploads\/2024\/01\/wp-header-logo-166-720x475.png",720,475,true]},"author_info":{"info":[""]},"category_info":"<a href=\"https:\/\/radiofenix.com.ar\/2023\/category\/economia\/\" rel=\"category tag\">Economia<\/a>","tag_info":"Economia","comment_count":"0","_links":{"self":[{"href":"https:\/\/radiofenix.com.ar\/2023\/wp-json\/wp\/v2\/posts\/192739","targetHints":{"allow":["GET"]}}],"collection":[{"href":"https:\/\/radiofenix.com.ar\/2023\/wp-json\/wp\/v2\/posts"}],"about":[{"href":"https:\/\/radiofenix.com.ar\/2023\/wp-json\/wp\/v2\/types\/post"}],"replies":[{"embeddable":true,"href":"https:\/\/radiofenix.com.ar\/2023\/wp-json\/wp\/v2\/comments?post=192739"}],"version-history":[{"count":0,"href":"https:\/\/radiofenix.com.ar\/2023\/wp-json\/wp\/v2\/posts\/192739\/revisions"}],"wp:featuredmedia":[{"embeddable":true,"href":"https:\/\/radiofenix.com.ar\/2023\/wp-json\/wp\/v2\/media\/192740"}],"wp:attachment":[{"href":"https:\/\/radiofenix.com.ar\/2023\/wp-json\/wp\/v2\/media?parent=192739"}],"wp:term":[{"taxonomy":"category","embeddable":true,"href":"https:\/\/radiofenix.com.ar\/2023\/wp-json\/wp\/v2\/categories?post=192739"},{"taxonomy":"post_tag","embeddable":true,"href":"https:\/\/radiofenix.com.ar\/2023\/wp-json\/wp\/v2\/tags?post=192739"}],"curies":[{"name":"wp","href":"https:\/\/api.w.org\/{rel}","templated":true}]}}