{"id":192743,"date":"2024-01-21T01:38:50","date_gmt":"2024-01-21T01:38:50","guid":{"rendered":"https:\/\/radiofenix.com.ar\/2023\/argentina-debuta-ante-paraguay-en-el-inicio-de-la-ruta-hacia-los-juegos-olimpicos\/"},"modified":"2024-01-21T01:38:50","modified_gmt":"2024-01-21T01:38:50","slug":"argentina-debuta-ante-paraguay-en-el-inicio-de-la-ruta-hacia-los-juegos-olimpicos","status":"publish","type":"post","link":"https:\/\/radiofenix.com.ar\/2023\/argentina-debuta-ante-paraguay-en-el-inicio-de-la-ruta-hacia-los-juegos-olimpicos\/","title":{"rendered":"Argentina debuta ante Paraguay en el inicio de la ruta hacia los Juegos Ol\u00edmpicos"},"content":{"rendered":"<div>\n<figure class=\"mb-3\"><img decoding=\"async\" src=\"https:\/\/www.telam.com.ar\/thumbs\/bluesteel\/advf\/imagenes\/2024\/01\/65aa913543046_1200.jpg\" class=\" lazy \" width=\"100%\" height=\"100%\" alt=\"Foto XArgentina\"\/><figcaption> Foto: X@Argentina. <\/figcaption><\/figure>\n<p> El seleccionado argentino Sub-23 de f\u00fatbol, con <strong>Javier Mascherano<\/strong> como entrenador, debutar\u00e1 este domingo ante <strong>Paraguay <\/strong>en partido de la primera fecha del Grupo B del <strong>Torneo Preol\u00edmpico Sudamericano<\/strong>, que se juega en Venezuela y otorga dos plazas para los <strong>Juegos Ol\u00edmpicos Par\u00eds 2024<\/strong>.<\/p>\n<p>El encuentro se desarrollar\u00e1 en el Polideportivo Misael Delgado, en la ciudad de Valencia, a 125 kil\u00f3metros de Caracas, y televisado en exclusiva por Dsports.<\/p>\n<p>Argentina, bicampe\u00f3n ol\u00edmpico por las preseas doradas de <strong>Atenas 2004 y Beijing 2008<\/strong>, procurar\u00e1 lograr el sexto t\u00edtulo en un Preol\u00edmpico tras haberlo conseguido Per\u00fa 1960 y 1964, Colombia 1980 y 2020 y Chile 2004. Brasil es el m\u00e1ximo ganador de la especialidad con siete estrellas.<\/p>\n<p>Un torneo exigente y extenuante, con partidos cada tres d\u00edas, lo que obligar\u00e1 al equipo argentino a recurrir a todo el plantel, que lleg\u00f3 a Venezuela con un futbolista menos de los 23 permitidos por la venta del defensor <strong>Juli\u00e1n Malatini<\/strong> al Werder Bremen alem\u00e1n.<\/p>\n<blockquote class=\"twitter-tweet\">\n<p lang=\"es\" dir=\"ltr\"><a href=\"https:\/\/twitter.com\/hashtag\/Sub23?src=hash&amp;ref_src=twsrc%5Etfw\">#Sub23<\/a> Contin\u00faa la preparaci\u00f3n para el debut en el <a href=\"https:\/\/twitter.com\/hashtag\/Preol%C3%ADmpico?src=hash&amp;ref_src=twsrc%5Etfw\">#Preol\u00edmpico<\/a> &#x1f3c5;<\/p>\n<p>&#x1f4dd; <a href=\"https:\/\/t.co\/xlawoeragK\">https:\/\/t.co\/xlawoeragK<\/a> <a href=\"https:\/\/t.co\/H1a8JYuEHS\">pic.twitter.com\/H1a8JYuEHS<\/a><\/p>\n<p>\u2014 &#x1f1e6;&#x1f1f7; Selecci\u00f3n Argentina &#x2b50;&#x2b50;&#x2b50; (@Argentina) <a href=\"https:\/\/twitter.com\/Argentina\/status\/1748521639946375614?ref_src=twsrc%5Etfw\">January 20, 2024<\/a><\/p><\/blockquote>\n<p> La transferencia de ex Defensa y Justicia se hizo despu\u00e9s de presentada la lista oficial para el torneo sudamericano, el club de la Bundesliga se neg\u00f3 a cederlo y la AFA no lo pudo reemplazar ya que ese posibilidad s\u00f3lo se contempla en caso de lesi\u00f3n.<\/p>\n<p>El equipo de Mascherano integra el Grupo B con Paraguay, Per\u00fa, Chile y Uruguay, dirigido por Marcelo Bielsa. <strong>Solo los dos primeros avanzar\u00e1n al cuadrangular final<\/strong>, que asignar\u00e1 los dos boletos a Par\u00eds para el campe\u00f3n y subcampe\u00f3n de la competencia.<\/p>\n<h2 class=\"\">Mascherano se juega su futuro al frente de los juveniles<\/h2>\n<p> La coyuntura en la que llega Mascherano al cargo es particular. El excapit\u00e1n del seleccionado subcampe\u00f3n mundial en Brasil 2014 y bicampe\u00f3n ol\u00edmpico sufri\u00f3 <strong>dos duros reveses como entrenador de la Sub-20<\/strong>.<\/p>\n<p>Argentina qued\u00f3 fuera de la fase final de Sudamericano en Colombia 2023 pero accedi\u00f3 igualmente al Mundial de la categor\u00eda cuando Argentina se hizo cargo de la sede en lugar de Indonesia. En la competici\u00f3n m\u00e1xima, sin embargo, no pas\u00f3 de los octavos de final tras caer frente a Nigeria en San Juan.<\/p>\n<p><figure class=\"mb-3\"><img decoding=\"async\" src=\"https:\/\/www.telam.com.ar\/thumbs\/bluesteel\/advf\/imagenes\/2023\/06\/6478a38bca198_1200.jpg\" class=\" lazy \" width=\"100%\" height=\"100%\" alt=\"Foto Julin Alvarez\"\/><figcaption> Foto: Juli\u00e1n Alvarez. <\/figcaption><\/figure>\n<p>Tras esas malos desempe\u00f1os, <strong>el entrenador renunci\u00f3 al cargo de entrenador de los juveniles<\/strong>, pero por pedido de Claudio Tapia (presidente de AFA), Lionel Scaloni (DT del seleccionado mayor) y Bernardo Romeo (coordinador de selecciones juveniles) acept\u00f3 seguir en el puesto.<\/p>\n<p>Claro est\u00e1 que <strong>el \u00abJefecito\u00bb se juega mucho de su futuro en este torneo ya que fuera de Par\u00eds 2024<\/strong>, una competencia que podr\u00eda incluir a Lionel Messi y \u00c1ngel Di Mar\u00eda como futbolistas mayores del plantel, ser\u00eda un golpe muy dif\u00edcil de asimilar.<\/p>\n<p>El equipo argentino jug\u00f3 muchos amistosos preparatorios (Jap\u00f3n, Ecuador, Venezuela, Lan\u00fas, Central C\u00f3rdoba de Santiago del Espero y Comunicaciones), fue tomando forma y estilo y est\u00e1 compuesto por futbolistas del medio local, salvo las excepciones del defensor de Athletico Paranaense Lucas Esquivel, el lateral recientemente transfiriendo al Brighton ingl\u00e9s Valent\u00edn Barco y el delantero del Atlanta United Thiago Almada, campe\u00f3n mundial en Qatar 2022.<\/p>\n<p>La figuras del Sub 23 son <strong>Claudio \u00abDiablito\u00bb Echeverri<\/strong>, quien reemplazo al lesionado <strong>Pedro De la Vega, Almada, Barco, Nicol\u00e1s Valentini, Federico Redondo y Luciano Gondou<\/strong>.<\/p>\n<p>Paraguay, dirigido por Carlos Jara Saguier, finaliz\u00f3 su preparaci\u00f3n con un amistoso que perdi\u00f3 ante Uruguay 4-1 en el Campus de Maldonado, pero su historia habla de un f\u00fatbol con mucha fuerza, opulencia f\u00edsica y buen juego a\u00e9reo.<\/p>\n<p>En el equipo guaran\u00ed sobresalen los mediocampistas Diego G\u00f3mez (Inter Miami de MLS), Enso Gonz\u00e1lez (Wolverhampton ingl\u00e9s) y tres elementos que juegan en Argentina: Iv\u00e1n Leguizam\u00f3n (San Lorenzo), Juan Jos\u00e9 Cardozo (Argentinos Juniors) y Marcelo P\u00e9rez (Hurac\u00e1n).<\/p>\n<\/div>\n<p><script async src=\"\/\/platform.twitter.com\/widgets.js\" charset=\"utf-8\"><\/script><script async defer crossorigin=\"anonymous\" src=\"https:\/\/connect.facebook.net\/es_LA\/sdk.js#xfbml=1&#038;version=v12.0\" nonce=\"SBlHQzIF\"><\/script><br \/><a href=\"https:\/\/www.telam.com.ar\/notas\/202401\/652983-futbol-preolimpico-venezuela-dos-cupos-paris-juegos-olimpicos-argentina.html\">source<\/a><\/p>\n","protected":false},"excerpt":{"rendered":"<p>Foto: X@Argentina. El seleccionado argentino Sub-23 de f\u00fatbol, con Javier Mascherano como entrenador, debutar\u00e1 este&#8230;<\/p>\n","protected":false},"author":0,"featured_media":192744,"comment_status":"open","ping_status":"open","sticky":false,"template":"","format":"standard","meta":{"footnotes":""},"categories":[3],"tags":[],"class_list":["post-192743","post","type-post","status-publish","format-standard","has-post-thumbnail","hentry","category-deportes"],"featured_image_urls":{"full":["https:\/\/radiofenix.com.ar\/2023\/wp-content\/uploads\/2024\/01\/wp-header-logo-168.png",1200,675,false],"thumbnail":["https:\/\/radiofenix.com.ar\/2023\/wp-content\/uploads\/2024\/01\/wp-header-logo-168-150x150.png",150,150,true],"medium":["https:\/\/radiofenix.com.ar\/2023\/wp-content\/uploads\/2024\/01\/wp-header-logo-168-300x169.png",300,169,true],"medium_large":["https:\/\/radiofenix.com.ar\/2023\/wp-content\/uploads\/2024\/01\/wp-header-logo-168-768x432.png",640,360,true],"large":["https:\/\/radiofenix.com.ar\/2023\/wp-content\/uploads\/2024\/01\/wp-header-logo-168-1024x576.png",640,360,true],"1536x1536":["https:\/\/radiofenix.com.ar\/2023\/wp-content\/uploads\/2024\/01\/wp-header-logo-168.png",1200,675,false],"2048x2048":["https:\/\/radiofenix.com.ar\/2023\/wp-content\/uploads\/2024\/01\/wp-header-logo-168.png",1200,675,false],"newsium-slider-full":["https:\/\/radiofenix.com.ar\/2023\/wp-content\/uploads\/2024\/01\/wp-header-logo-168.png",1200,675,false],"newsium-featured":["https:\/\/radiofenix.com.ar\/2023\/wp-content\/uploads\/2024\/01\/wp-header-logo-168-1024x576.png",1024,576,true],"newsium-medium":["https:\/\/radiofenix.com.ar\/2023\/wp-content\/uploads\/2024\/01\/wp-header-logo-168-720x475.png",720,475,true]},"author_info":{"info":[""]},"category_info":"<a href=\"https:\/\/radiofenix.com.ar\/2023\/category\/deportes\/\" rel=\"category tag\">Deportes<\/a>","tag_info":"Deportes","comment_count":"0","_links":{"self":[{"href":"https:\/\/radiofenix.com.ar\/2023\/wp-json\/wp\/v2\/posts\/192743","targetHints":{"allow":["GET"]}}],"collection":[{"href":"https:\/\/radiofenix.com.ar\/2023\/wp-json\/wp\/v2\/posts"}],"about":[{"href":"https:\/\/radiofenix.com.ar\/2023\/wp-json\/wp\/v2\/types\/post"}],"replies":[{"embeddable":true,"href":"https:\/\/radiofenix.com.ar\/2023\/wp-json\/wp\/v2\/comments?post=192743"}],"version-history":[{"count":0,"href":"https:\/\/radiofenix.com.ar\/2023\/wp-json\/wp\/v2\/posts\/192743\/revisions"}],"wp:featuredmedia":[{"embeddable":true,"href":"https:\/\/radiofenix.com.ar\/2023\/wp-json\/wp\/v2\/media\/192744"}],"wp:attachment":[{"href":"https:\/\/radiofenix.com.ar\/2023\/wp-json\/wp\/v2\/media?parent=192743"}],"wp:term":[{"taxonomy":"category","embeddable":true,"href":"https:\/\/radiofenix.com.ar\/2023\/wp-json\/wp\/v2\/categories?post=192743"},{"taxonomy":"post_tag","embeddable":true,"href":"https:\/\/radiofenix.com.ar\/2023\/wp-json\/wp\/v2\/tags?post=192743"}],"curies":[{"name":"wp","href":"https:\/\/api.w.org\/{rel}","templated":true}]}}