{"id":192745,"date":"2024-01-21T01:38:51","date_gmt":"2024-01-21T01:38:51","guid":{"rendered":"https:\/\/radiofenix.com.ar\/2023\/los-paises-balticos-acuerdan-construir-instalaciones-defensivas-en-fronteras-con-rusia\/"},"modified":"2024-01-21T01:38:51","modified_gmt":"2024-01-21T01:38:51","slug":"los-paises-balticos-acuerdan-construir-instalaciones-defensivas-en-fronteras-con-rusia","status":"publish","type":"post","link":"https:\/\/radiofenix.com.ar\/2023\/los-paises-balticos-acuerdan-construir-instalaciones-defensivas-en-fronteras-con-rusia\/","title":{"rendered":"Los pa\u00edses b\u00e1lticos acuerdan construir &quot;instalaciones defensivas&quot; en fronteras con Rusia"},"content":{"rendered":"<div>\n<figure class=\"mb-3\"><img decoding=\"async\" src=\"https:\/\/www.telam.com.ar\/thumbs\/bluesteel\/advf\/imagenes\/2022\/04\/624ecac598a5b_1200.jpg\" class=\" lazy \" width=\"100%\" height=\"100%\" alt=\"Occidente debe ponerse serio a la hora de estrangular la capacidad de Rusia para producir armas seal el canciller ucraniano complacido con la decisin de los blticos Foto AFP \"\/><figcaption> \u00abOccidente debe ponerse serio a la hora de estrangular la capacidad de Rusia para producir armas\u00bb se\u00f1al\u00f3 el canciller ucraniano complacido con la decisi\u00f3n de los b\u00e1lticos. Foto: AFP. <\/figcaption><\/figure>\n<p> Los Pa\u00edses b\u00e1lticos acordaron este viernes construir una \u00abl\u00ednea de defensa\u00bb com\u00fan en la frontera con Rusia y Bielorrusia con el fin de evitar un \u00abconflicto militar\u00bb en la regi\u00f3n como el ocurrido en Ucrania, en el marco de la invasi\u00f3n rusa a este pa\u00eds.<\/p>\n<p>As\u00ed los ministros de Defensa de Letonia, Lituania y Estonia, se han reunido este viernes en Riga, la capital letona, para ratificar un acuerdo que comenz\u00f3 a gestarse en la cumbre de la OTAN que se celebr\u00f3 en Madrid en 2022.<\/p>\n<p>\u00abEstonia, Letonia y Lituania construir\u00e1n las instalaciones defensivas antimovilidad en los a\u00f1os futuros para disuadir y, si fuera necesario, defenderse de las amenazas militares\u00bb, se afirma en un comunicado del Ministerio de Defensa de Estonia, seg\u00fan reprodujo la agencia de noticias AFP.<\/p>\n<p>(FW)El ministr\u00f3 de Defensa de Estonia reclam\u00f3 \u00abesfuerzos de gran envergadura\u00bb al respecto para \u00absalvar las vidas de numerosos civiles en Ucrania y desbaratar la m\u00e1quina de guerra\u00bb del presidente ruso Vladimir Putin.<br \/>El texto precisa que se trata de instalaciones defensivas desplegadas \u00aben las fronteras con Rusia y Bielorrusia\u00bb, que combinan medidas de prevenci\u00f3n y seguridad, as\u00ed como otros elementos sobre el terreno que apoyan a la defensa para detener a las tropas agresoras si es necesario.<\/p>\n<p>\u00abEn tiempos de paz no se colocan explosivos, alambres cortantes ni otros obst\u00e1culos en la frontera de Estonia. En lugar de ello, se establece una red de b\u00fankeres, puntos de apoyo y l\u00edneas de distribuci\u00f3n\u00bb, explica el comunicado.<\/p>\n<p>En la misma l\u00ednea, el ministro let\u00f3n de Defensa, Andris Spruds, indic\u00f3 en la red social X (ex Twitter) que se tratar\u00e1 de una \u00abl\u00ednea de defensa b\u00e1ltica para defender el flanco oriental de la OTAN y privar a nuestros adversarios de su libertad de movimiento\u00bb.<\/p>\n<blockquote class=\"\"><p>Ucrania inst\u00f3 este viernes a las potencias occidentales a cortar a Rusia los suministros de piezas claves para producir armas<\/p><\/blockquote>\n<p> Seg\u00fan su hom\u00f3logo estonio, Hanno Pevkur, la necesidad de realizar este proyecto com\u00fan \u00abse desprende de la situaci\u00f3n actual en materia de seguridad\u00bb.<\/p>\n<p>\u00abLa guerra de Rusia en Ucrania ha demostrado que, adem\u00e1s de los equipos, municiones y mano de obra, o las defensas f\u00edsicas, tambi\u00e9n se necesitan instalaciones en la frontera para defender Estonia desde el primer metro\u00bb, afirm\u00f3 Pevkur, citado en el comunicado, consignado por la agencia de noticias Europa Press.<\/p>\n<p>\u00abEstamos llevando a cabo este esfuerzo para que el pueblo de Estonia pueda sentirse seguro, pero si surgiera el m\u00e1s m\u00ednimo riesgo, estar\u00edamos preparados r\u00e1pidamente para diversos acontecimientos\u00bb, asegur\u00f3.<\/p>\n<blockquote class=\"twitter-tweet\">\n<p lang=\"en\" dir=\"ltr\">The West must get serious about strangling Russia\u2019s ability to produce weapons.<\/p>\n<p>According to some data, up to 95% of the foreign-produced critical components found in Russian weapons destroyed in Ukraine come from Western countries.<\/p>\n<p>These are not government actions but rather\u2026<\/p>\n<p>\u2014 Dmytro Kuleba (@DmytroKuleba) <a href=\"https:\/\/twitter.com\/DmytroKuleba\/status\/1748289178578628667?ref_src=twsrc%5Etfw\">January 19, 2024<\/a><\/p><\/blockquote>\n<p> En tanto, Ucrania inst\u00f3 este viernes a las potencias occidentales a cortar a Rusia los suministros de piezas claves para producir armas.<\/p>\n<p>\u00abOccidente debe ponerse serio a la hora de estrangular la capacidad de Rusia para producir armas. Seg\u00fan algunos datos, hasta el 95% de los componentes cr\u00edticos de producci\u00f3n extranjera encontrados en las armas rusas destruidas en Ucrania proceden de pa\u00edses occidentales\u00bb, escribi\u00f3 el ministro de Relaciones Exteriores de Ucrania, Dmitro Kuleba, en la red social X, en relaci\u00f3n a las restricciones financieras impuestas por las grandes potencias contra Mosc\u00fa tras la invasi\u00f3n contra esa exrep\u00fablica sovi\u00e9tica en febrero de 2022.<\/p>\n<p>El ministr\u00f3 reclam\u00f3 \u00abesfuerzos de gran envergadura\u00bb al respecto para \u00absalvar las vidas de numerosos civiles en Ucrania y desbaratar la m\u00e1quina de guerra\u00bb del presidente ruso Vladimir Putin. <\/p>\n<\/div>\n<p><script async src=\"\/\/platform.twitter.com\/widgets.js\" charset=\"utf-8\"><\/script><script async defer crossorigin=\"anonymous\" src=\"https:\/\/connect.facebook.net\/es_LA\/sdk.js#xfbml=1&#038;version=v12.0\" nonce=\"SBlHQzIF\"><\/script><br \/><a href=\"https:\/\/www.telam.com.ar\/notas\/202401\/653016-paises-balticos-rusia.html\">source<\/a><\/p>\n","protected":false},"excerpt":{"rendered":"<p>\u00abOccidente debe ponerse serio a la hora de estrangular la capacidad de Rusia para producir&#8230;<\/p>\n","protected":false},"author":0,"featured_media":192746,"comment_status":"open","ping_status":"open","sticky":false,"template":"","format":"standard","meta":{"footnotes":""},"categories":[60],"tags":[],"class_list":["post-192745","post","type-post","status-publish","format-standard","has-post-thumbnail","hentry","category-internacional"],"featured_image_urls":{"full":["https:\/\/radiofenix.com.ar\/2023\/wp-content\/uploads\/2024\/01\/wp-header-logo-169.png",1200,675,false],"thumbnail":["https:\/\/radiofenix.com.ar\/2023\/wp-content\/uploads\/2024\/01\/wp-header-logo-169-150x150.png",150,150,true],"medium":["https:\/\/radiofenix.com.ar\/2023\/wp-content\/uploads\/2024\/01\/wp-header-logo-169-300x169.png",300,169,true],"medium_large":["https:\/\/radiofenix.com.ar\/2023\/wp-content\/uploads\/2024\/01\/wp-header-logo-169-768x432.png",640,360,true],"large":["https:\/\/radiofenix.com.ar\/2023\/wp-content\/uploads\/2024\/01\/wp-header-logo-169-1024x576.png",640,360,true],"1536x1536":["https:\/\/radiofenix.com.ar\/2023\/wp-content\/uploads\/2024\/01\/wp-header-logo-169.png",1200,675,false],"2048x2048":["https:\/\/radiofenix.com.ar\/2023\/wp-content\/uploads\/2024\/01\/wp-header-logo-169.png",1200,675,false],"newsium-slider-full":["https:\/\/radiofenix.com.ar\/2023\/wp-content\/uploads\/2024\/01\/wp-header-logo-169.png",1200,675,false],"newsium-featured":["https:\/\/radiofenix.com.ar\/2023\/wp-content\/uploads\/2024\/01\/wp-header-logo-169-1024x576.png",1024,576,true],"newsium-medium":["https:\/\/radiofenix.com.ar\/2023\/wp-content\/uploads\/2024\/01\/wp-header-logo-169-720x475.png",720,475,true]},"author_info":{"info":[""]},"category_info":"<a href=\"https:\/\/radiofenix.com.ar\/2023\/category\/internacional\/\" rel=\"category tag\">Internacional<\/a>","tag_info":"Internacional","comment_count":"0","_links":{"self":[{"href":"https:\/\/radiofenix.com.ar\/2023\/wp-json\/wp\/v2\/posts\/192745","targetHints":{"allow":["GET"]}}],"collection":[{"href":"https:\/\/radiofenix.com.ar\/2023\/wp-json\/wp\/v2\/posts"}],"about":[{"href":"https:\/\/radiofenix.com.ar\/2023\/wp-json\/wp\/v2\/types\/post"}],"replies":[{"embeddable":true,"href":"https:\/\/radiofenix.com.ar\/2023\/wp-json\/wp\/v2\/comments?post=192745"}],"version-history":[{"count":0,"href":"https:\/\/radiofenix.com.ar\/2023\/wp-json\/wp\/v2\/posts\/192745\/revisions"}],"wp:featuredmedia":[{"embeddable":true,"href":"https:\/\/radiofenix.com.ar\/2023\/wp-json\/wp\/v2\/media\/192746"}],"wp:attachment":[{"href":"https:\/\/radiofenix.com.ar\/2023\/wp-json\/wp\/v2\/media?parent=192745"}],"wp:term":[{"taxonomy":"category","embeddable":true,"href":"https:\/\/radiofenix.com.ar\/2023\/wp-json\/wp\/v2\/categories?post=192745"},{"taxonomy":"post_tag","embeddable":true,"href":"https:\/\/radiofenix.com.ar\/2023\/wp-json\/wp\/v2\/tags?post=192745"}],"curies":[{"name":"wp","href":"https:\/\/api.w.org\/{rel}","templated":true}]}}