{"id":192789,"date":"2024-01-22T08:57:26","date_gmt":"2024-01-22T08:57:26","guid":{"rendered":"https:\/\/radiofenix.com.ar\/2023\/el-oficialismo-busca-cerrar-acuerdos-con-la-oposicion-para-votar-el-proyecto-bases\/"},"modified":"2024-01-22T08:57:26","modified_gmt":"2024-01-22T08:57:26","slug":"el-oficialismo-busca-cerrar-acuerdos-con-la-oposicion-para-votar-el-proyecto-bases","status":"publish","type":"post","link":"https:\/\/radiofenix.com.ar\/2023\/el-oficialismo-busca-cerrar-acuerdos-con-la-oposicion-para-votar-el-proyecto-bases\/","title":{"rendered":"El oficialismo busca cerrar acuerdos con la oposici\u00f3n para votar el proyecto &quot;Bases&quot;"},"content":{"rendered":"<div>\n<figure class=\"mb-3\"><img decoding=\"async\" src=\"https:\/\/www.telam.com.ar\/thumbs\/bluesteel\/advf\/imagenes\/2023\/12\/657214f5216b7.12.2023%20foto%20eliana%20obregon_1200.jpg\" class=\" lazy \" width=\"100%\" height=\"100%\" alt=\"Martn Menem el hombre clave de Milei en la Cmara baja Foto Eliana Obregn\"\/><figcaption> Mart\u00edn Menem, el hombre clave de Milei en la C\u00e1mara baja. (Foto: Eliana Obreg\u00f3n) <\/figcaption><\/figure>\n<p> El oficialismo buscar\u00e1 este domingo cerrar un acuerdo en la C\u00e1mara de Diputados con los bloques opositores dialoguistas sobre las reformas que se incorporar\u00e1n al proyecto de ley \u00abBases\u00bb, para posibilitar as\u00ed la firma del dictamen el martes y tratar de aprobar la iniciativa entre el jueves y el s\u00e1bado, en una sesi\u00f3n marat\u00f3nica que podr\u00eda ser la m\u00e1s larga de la historia parlamentaria.<\/p>\n<p><strong>Las negociaciones ser\u00e1n encaradas por el presidente de la C\u00e1mara de Diputados, Mart\u00edn Menem (La Libertad Avanza), quien cumple un rol central para articular los acuerdos con esos bloques<\/strong>, con el fin de analizar los cambios centrales que se instrumentar\u00e1n en el dictamen de mayor\u00eda que se debatir\u00e1 el martes en un plenario de las comisiones de Legislaci\u00f3n General, de Asuntos Constitucionales y de Presupuesto y Hacienda.<\/p>\n<p>Tras la pr\u00f3rroga de las sesiones extraordinarias, ma\u00f1ana lunes se podr\u00e1 convocar al plenario que tendr\u00e1 que analizar los dict\u00e1menes de mayor\u00eda y de minor\u00eda, que luego se discutir\u00e1n en el recinto en la extensa sesi\u00f3n que comenzar\u00e1 en la ma\u00f1ana del jueves y podr\u00eda extenderse entre 48 y 72 horas, con lo cual se convertir\u00eda en el debate m\u00e1s largo de la historia del Congreso.<\/p>\n<p><strong>Mart\u00edn Menem anticip\u00f3 este domingo que \u00abtodo indicar\u00eda\u00bb que el martes se firmar\u00e1 un dictamen de mayor\u00eda del proyecto de ley de \u00abBases y Principios para la Libertad de los Argentinos\u00bb <\/strong>impulsado por el Gobierno nacional, que incluye m\u00e1s de 600 art\u00edculos que promueven reformas econ\u00f3micas y pol\u00edticas.<\/p>\n<p>\u00abSomos un bloque de 38 diputados y estamos trabajando en lograr los acuerdos para tener el martes un dictamen de mayor\u00eda. Tenemos ese objetivo en marcha\u00bb, dijo Menem en declaraciones a Radio Mitre.<\/p>\n<p><strong>Por su parte, los gobernadores de Juntos por el Cambio (JxC) y los bloques de la UCR, el PRO y Hacemos Coalici\u00f3n Federal (HCF) mantuvieron este domingo una reuni\u00f3n por zoom donde se\u00f1alaron que seguir\u00e1n esperando que el Gobierno responda a sus peticiones<\/strong> sobre retenciones, jubilaciones y privatizaciones.<\/p>\n<blockquote class=\"\"><p>Participaron en esas conversaciones los diputados del Pro Cristian Ritondo y Mar\u00eda Eugenia Vidal, el radical Rodrigo de Loredo, y Miguel \u00c1ngel Pichetto, Emilio Monz\u00f3, Nicol\u00e1s Massot de Hacemos, adem\u00e1s de Pamella Calletti de Innovaci\u00f3n Federal<\/p><\/blockquote>\n<p>Si bien hay un principio de acuerdo para que<strong> no haya retenciones para las econom\u00edas regionales,<\/strong> que se iban a llevar a un 15%, <strong>los mandatarios y legisladores opositores aguardan que el Gobierno les env\u00ede la redacci\u00f3n del texto con los cambios <\/strong>que se hab\u00edan comenzado a acordar el jueves pasado, informaron fuentes pol\u00edticas.<\/p>\n<p>Otro de los temas que se analiza es el aumento de dos puntos solicitado por el Gobierno para elevar de 31 a 33% la al\u00edcuota de la soja, al tiempo que se limita\/elimina la facultad para aumentar los derechos de exportaci\u00f3n.<\/p>\n<p>Previo a ese encuentro, el gobernador de Santa Fe, <strong>Maximiliano Pullaro (JxC), dijo que \u00abno voy a acompa\u00f1ar el aumento de retenciones. El Gobierno acierta en terminar con el d\u00e9ficit y el despilfarro del pasado, pero repite el error al poner un pie en la cabeza de los que producen, que son el sujeto del cambio que el pa\u00eds necesita\u00bb.<\/strong><\/p>\n<p><figure class=\"mb-3\"><img decoding=\"async\" src=\"https:\/\/www.telam.com.ar\/thumbs\/bluesteel\/advf\/imagenes\/2024\/01\/65a7e92a48ea0_1200.jpg\" class=\" lazy \" width=\"100%\" height=\"100%\" alt=\"Foto Alejandro Santa Cruz\"\/><figcaption> Foto: Alejandro Santa Cruz <\/figcaption><\/figure>\n<p>Con los acuerdos que se buscar\u00e1n consolidar ma\u00f1ana, el oficialismo podr\u00e1 cumplir su objetivo de sancionar esta semana el proyecto que contempla la declaraci\u00f3n de la emergencia, cambios en el esquema de actualizaci\u00f3n de jubilaciones, privatizaci\u00f3n de empresas p\u00fablicas y reformas en el sistema de la Administraci\u00f3n P\u00fablica.<\/p>\n<p><strong>Menem, junto al ministro del Interior, Guillermo Francos, y el asesor presidencial Santiago Caputo avanz\u00f3 el jueves pasado con acuerdos con los bloques del PRO, HCF e Innovaci\u00f3n Federal sobre el plazo sobre la emergencia p\u00fablica, las retenciones agropecuarias e industriales, y las privatizaciones<\/strong>, pero aun falta un acuerdo central vinculado a la f\u00f3rmula de actualizaci\u00f3n de las jubilaciones.<\/p>\n<p>Participaron en esas conversaciones los diputados del PRO Cristian Ritondo y Mar\u00eda Eugenia Vidal; el radical Rodrigo de Loredo; Miguel \u00c1ngel Pichetto y Emilio Monz\u00f3 y Nicol\u00e1s Massot de HCF, y Pamela Calletti, de Innovaci\u00f3n Federal.<\/p>\n<p>Uno de los objetivos del proyecto es alcanzar el d\u00e9ficit cero y en ese contexto es clave c\u00f3mo quedar\u00e1n las retenciones e impuestos, la reorganizaci\u00f3n del Estado Nacional y, en especial, el sistema jubilatorio.<\/p>\n<p>Sobre este punto, Francos se\u00f1al\u00f3 <strong>el viernes que est\u00e1n en estudio \u00abdos o tres alternativas\u00bb para fijar los aumentos de los ingresos de los jubilados: dejar la f\u00f3rmula como est\u00e1 \u00abser\u00eda una\u00bb y las otras podr\u00edan estar vinculadas a \u00abgenerar la actualizaci\u00f3n por alg\u00fan \u00edndice\u00bb, como por caso por inflaci\u00f3n.<\/strong><\/p>\n<p>En tanto, Menem se\u00f1al\u00f3 que \u00abla f\u00f3rmula que est\u00e1 aplic\u00e1ndose hasta este momento no ha sido buena para el sector de los jubilados, que han perdido un importante porcentaje del poder adquisitivo. Hay diferentes propuestas y estamos analizando cu\u00e1l es la mejor\u00bb.<\/p>\n<p><strong>El Gobierno pidi\u00f3 suspender la actual f\u00f3rmula jubilatoria por la cual se aplican en forma trimestral los aumentos, que consiste en un \u00edndice conformado un 50% en el incremento de la recaudaci\u00f3n y 50% por la suba salarial promedio dispuesta por Ripte<\/strong> (Remuneraci\u00f3n Imponible Promedio de los Trabajadores Estables) y fijar aumentos por decreto, pero solo para la jubilaci\u00f3n m\u00ednima.<\/p>\n<p><strong>Los diputados de la UCR y de HCF se oponen a otorgar esa facultad al Gobierno y quieren que exista un \u00edndice para actualizar los haberes de la clase pasiva<\/strong>, proponiendo que para ello se tenga en cuenta el coste de vida.<\/p>\n<p>En relaci\u00f3n al Fondo de Garant\u00eda de Sustentabilidad (FGS), se establece como requisito que el Poder Ejecutivo, para poder liquidar dichos activos (luego de ser transferido al Tesoro), deba contar con un dictamen previo favorable de la Comisi\u00f3n Bicameral de Reforma del Estado y del Seguimiento de las Privatizaciones.<\/p>\n<p>Otro tema que falta resolver es el de las elecciones primarias PASO, ya que hay principio de acuerdo para que la reforma electoral sea eliminada del proyecto. Lo mismo pasar\u00eda con respecto al cap\u00edtulo sobre salud.<\/p>\n<p>Otro punto que hab\u00eda tenido una gran repercusi\u00f3n en la ronda de consulta que se extendi\u00f3 por tres d\u00edas, con m\u00e1s de 150 disertaciones, fue el destino del Fondo Nacional de las Artes (FNA), que continuar\u00e1 vigente, as\u00ed como los recursos para el Incaa (Instituto Nacional de Cine y Artes Audiovisuales), pero donde se fijar\u00e1n condiciones diferentes entre las que figuran que el productor de una pel\u00edcula tenga garantizado el financiamiento del 50% de la misma.<\/p>\n<p><strong>En cambio s\u00ed habr\u00eda acuerdo en cuanto a sacar el art\u00edculo que propone ratificar el DNU (decreto de necesidad y urgencia) que se estudiar\u00e1 en la Comisi\u00f3n Bicameral de Tratamiento Legislativo<\/strong>, aunque a\u00fan no se conform\u00f3 porque hay diferencias entre La Libertad Avanza y Uni\u00f3n por la Patria (UxP) sobre la cantidad de integrantes que le corresponden al peronismo.<\/p>\n<p>El principio de acuerdo propone limitar el plazo de vigencia de la emergencia solicitada por 4 a\u00f1os a un a\u00f1o, m\u00e1s otro prorrogable por el Poder Ejecutivo, y se eliminan las facultades delegadas en materia de defensa, social, previsional y sanitaria.<\/p>\n<p><strong>Sobre las empresas del Estado a privatizar, s\u00f3lo se excluir\u00eda a YPF, aunque el bloque radical y HCF quieren incluir en esa excepci\u00f3n al Banco Naci\u00f3n, Ymad (Yacimientos Mineros de Agua de Dionisio), Nucleoel\u00e9ctrica Argentina y Arsat y reclaman que cada eventual privatizaci\u00f3n de otras compa\u00f1\u00edas se trate en forma individual.<\/strong><\/p>\n<p>En materia de producci\u00f3n se prev\u00e9 un aumento en los cortes obligatorios de bioetanol (hasta alcanzar entre 18% y 27%) y biodi\u00e9sel (alcanzar en 2026 hasta 15%), y se elimina la posibilidad de libre importaci\u00f3n de biocombustibles. Tambi\u00e9n se elimina la derogaci\u00f3n de Ley de Az\u00facar.<\/p>\n<p>Los acuerdos son centrales para el Gobierno, ya que LLA solo tiene 38 diputados en la C\u00e1mara baja y siete en el Senado, con lo cual necesita el respaldo de las bancadas opositoras predispuestas al di\u00e1logo, porque UxP tiene la primera minor\u00eda en el Congreso y la izquierda rechaza de plano estas propuestas.<\/p>\n<p><strong>LLA parte de sus 38 diputados propios y puede sumar con los aliados a Buenos Aires Libre, Uni\u00f3n Mendocina, Creo, Avanza Libertad y Producci\u00f3n y Trabajo, que son siete apoyos, con lo que alcanzar\u00eda 45 votos, por lo cual requiere el respaldo de la mayor\u00eda de los diputados del PRO, la UCR, HCF y Innovaci\u00f3n Federal para alcanzar los 129 del qu\u00f3rum<\/strong> y de la mayor\u00eda para las votaciones.<\/p>\n<p>As\u00ed, desde LLA miran atentamente a la UCR que suma 34; el PRO, 37; Hacemos e Innovaci\u00f3n, 32, y Ser Santa Cruz, dos.<\/p>\n<p>En caso de lograr el acuerdo con los bloques dialoguistas, el oficialismo conseguir\u00eda un dictamen con 68 firmas y superar\u00eda a UxP y la izquierda, que totalizar\u00edan 47 votos de rechazo sobre los 115 totales que componen el plenario.<\/p>\n<blockquote class=\"\"><p>En caso de lograr el acuerdo con los bloques dialoguistas, el oficialismo conseguir\u00eda un dictamen con 68 firmas y superar\u00eda a UxP y la Izquierda, que totalizar\u00edan 47 votos de rechazo sobre los 115 totales que componen el plenario<\/p><\/blockquote><\/div>\n<p><script async defer crossorigin=\"anonymous\" src=\"https:\/\/connect.facebook.net\/es_LA\/sdk.js#xfbml=1&#038;version=v12.0\" nonce=\"SBlHQzIF\"><\/script><br \/><a href=\"https:\/\/www.telam.com.ar\/notas\/202401\/653142-oficialismo-acuerdos-diputados-oposicion-ley-bases.html\">source<\/a><\/p>\n","protected":false},"excerpt":{"rendered":"<p>Mart\u00edn Menem, el hombre clave de Milei en la C\u00e1mara baja. (Foto: Eliana Obreg\u00f3n) El&#8230;<\/p>\n","protected":false},"author":0,"featured_media":192790,"comment_status":"open","ping_status":"open","sticky":false,"template":"","format":"standard","meta":{"footnotes":""},"categories":[2],"tags":[],"class_list":["post-192789","post","type-post","status-publish","format-standard","has-post-thumbnail","hentry","category-politica"],"featured_image_urls":{"full":["https:\/\/radiofenix.com.ar\/2023\/wp-content\/uploads\/2024\/01\/wp-header-logo-191.png",1200,675,false],"thumbnail":["https:\/\/radiofenix.com.ar\/2023\/wp-content\/uploads\/2024\/01\/wp-header-logo-191-150x150.png",150,150,true],"medium":["https:\/\/radiofenix.com.ar\/2023\/wp-content\/uploads\/2024\/01\/wp-header-logo-191-300x169.png",300,169,true],"medium_large":["https:\/\/radiofenix.com.ar\/2023\/wp-content\/uploads\/2024\/01\/wp-header-logo-191-768x432.png",640,360,true],"large":["https:\/\/radiofenix.com.ar\/2023\/wp-content\/uploads\/2024\/01\/wp-header-logo-191-1024x576.png",640,360,true],"1536x1536":["https:\/\/radiofenix.com.ar\/2023\/wp-content\/uploads\/2024\/01\/wp-header-logo-191.png",1200,675,false],"2048x2048":["https:\/\/radiofenix.com.ar\/2023\/wp-content\/uploads\/2024\/01\/wp-header-logo-191.png",1200,675,false],"newsium-slider-full":["https:\/\/radiofenix.com.ar\/2023\/wp-content\/uploads\/2024\/01\/wp-header-logo-191.png",1200,675,false],"newsium-featured":["https:\/\/radiofenix.com.ar\/2023\/wp-content\/uploads\/2024\/01\/wp-header-logo-191-1024x576.png",1024,576,true],"newsium-medium":["https:\/\/radiofenix.com.ar\/2023\/wp-content\/uploads\/2024\/01\/wp-header-logo-191-720x475.png",720,475,true]},"author_info":{"info":[""]},"category_info":"<a href=\"https:\/\/radiofenix.com.ar\/2023\/category\/politica\/\" rel=\"category tag\">Pol\u00edtica<\/a>","tag_info":"Pol\u00edtica","comment_count":"0","_links":{"self":[{"href":"https:\/\/radiofenix.com.ar\/2023\/wp-json\/wp\/v2\/posts\/192789","targetHints":{"allow":["GET"]}}],"collection":[{"href":"https:\/\/radiofenix.com.ar\/2023\/wp-json\/wp\/v2\/posts"}],"about":[{"href":"https:\/\/radiofenix.com.ar\/2023\/wp-json\/wp\/v2\/types\/post"}],"replies":[{"embeddable":true,"href":"https:\/\/radiofenix.com.ar\/2023\/wp-json\/wp\/v2\/comments?post=192789"}],"version-history":[{"count":0,"href":"https:\/\/radiofenix.com.ar\/2023\/wp-json\/wp\/v2\/posts\/192789\/revisions"}],"wp:featuredmedia":[{"embeddable":true,"href":"https:\/\/radiofenix.com.ar\/2023\/wp-json\/wp\/v2\/media\/192790"}],"wp:attachment":[{"href":"https:\/\/radiofenix.com.ar\/2023\/wp-json\/wp\/v2\/media?parent=192789"}],"wp:term":[{"taxonomy":"category","embeddable":true,"href":"https:\/\/radiofenix.com.ar\/2023\/wp-json\/wp\/v2\/categories?post=192789"},{"taxonomy":"post_tag","embeddable":true,"href":"https:\/\/radiofenix.com.ar\/2023\/wp-json\/wp\/v2\/tags?post=192789"}],"curies":[{"name":"wp","href":"https:\/\/api.w.org\/{rel}","templated":true}]}}