{"id":192791,"date":"2024-01-22T08:57:28","date_gmt":"2024-01-22T08:57:28","guid":{"rendered":"https:\/\/radiofenix.com.ar\/2023\/leonor-manso-ingrid-pelicori-y-un-encuentro-con-el-publico-bajo-el-amparo-de-manuel-puig\/"},"modified":"2024-01-22T08:57:28","modified_gmt":"2024-01-22T08:57:28","slug":"leonor-manso-ingrid-pelicori-y-un-encuentro-con-el-publico-bajo-el-amparo-de-manuel-puig","status":"publish","type":"post","link":"https:\/\/radiofenix.com.ar\/2023\/leonor-manso-ingrid-pelicori-y-un-encuentro-con-el-publico-bajo-el-amparo-de-manuel-puig\/","title":{"rendered":"Leonor Manso, Ingrid Pelicori y un encuentro con el p\u00fablico bajo el amparo de Manuel Puig"},"content":{"rendered":"<div>\n<figure class=\"mb-3\"><img decoding=\"async\" src=\"https:\/\/www.telam.com.ar\/thumbs\/bluesteel\/advf\/imagenes\/2023\/03\/641de64d25aae_1200.jpg\" class=\" lazy \" width=\"100%\" height=\"100%\" alt=\"Manso y Pelicori en la reversin de la novela de Puig Foto prensa \"\/><figcaption> Manso y Pelicori en la reversi\u00f3n de la novela de Puig. \/ Foto: prensa. <\/figcaption><\/figure>\n<p> Dos mujeres mayores recorren su vida, sus amores y sus dolores, pero tambi\u00e9n los de sus hijos que est\u00e1n lejos&#8230; Ah, y fundamentalmente, los de la vecina m\u00e1s joven, que las convierte en confidentes y c\u00f3mplices de sus romances.<\/p>\n<p>Leonor Manso e Ingrid Pelicori le dan vida a esas hermanas tan opuestas y tan parecidas a la vez -Eugenia Guerty es la vecina enamorada- en la versi\u00f3n esc\u00e9nica de la novela \u201cCae la noche tropical\u201d, de Manuel Puig, que se reencuentra con el p\u00fablico porte\u00f1o solo por cinco funciones, los domingos <strong>entre el 11 febrero y el 10 de marzo en el Teatro Astros.<\/strong><\/p>\n<p>La versi\u00f3n esc\u00e9nica de la obra de Puig que hicieron Santiago Loza y Pablo Messiez se estren\u00f3 en 2018 en el Teatro San Mart\u00edn y desde entonces inici\u00f3 un exitoso recorrido que lo llev\u00f3 a presentarse en importantes salas del pa\u00eds, y en Estados Unidos en El International Hispanic Theatre Festival de Miami.<\/p>\n<p><strong>\u201c\u00c9sta no es una despedida<\/strong>&#8211; asegura Ingrid Pelicori, una de las protagonistas, a T\u00e9lam- Es un reencuentro con el p\u00fablico y despu\u00e9s\u00a0 vamos a hacer algunas funciones por otros lados quiz\u00e1s en gira. Nuestro deseo es llevarla a muchos lugares. Queremos seguir con esta obra todo el tiempo que nos acompa\u00f1e en p\u00fablico\u201d.<\/p>\n<p><figure class=\"mb-3\"><img decoding=\"async\" src=\"https:\/\/www.telam.com.ar\/thumbs\/bluesteel\/advf\/imagenes\/2023\/03\/641de64d0e1f6_1200.jpg\" class=\" lazy \" width=\"100%\" height=\"100%\" alt=\"Luci y Nidia dos hermanas que recuerdan sus vidas y apuestan por seguir adelante Foto prensa \"\/><figcaption> Luci y Nidia, dos hermanas que recuerdan sus vidas y apuestan por seguir adelante. \/ Foto: prensa. <\/figcaption><\/figure>\n<p>Sobre la historia que pone en escena los encuentros y desencuentros de las dos hermanas octogenarias Pelicori analiza: <strong>\u201cLa vejez de estas mujeres que pueden estar empoderadas es muy reconocible y genera empat\u00eda, no solo en los espectadores mayores, sino tambi\u00e9n en los j\u00f3venes que se emocionan un mont\u00f3n\u201d<\/strong>.<\/p>\n<p>\u201cNos dicen que que les hacemos acordar a sus abuelas o que nuestros personajes traen a la memoria a su mam\u00e1 o su t\u00eda. Es decir que m\u00e1s all\u00e1 de los rasgos particulares, por la agudeza con que Puig las crea y con el humor y la humanidad y la sensibilidad que tienen, son reconocibles en cualquier familia\u201d, rese\u00f1a la actriz que particip\u00f3 del ciclo Teatro Abierto en 1981 y 1982 y fue dirigida por Sergio Ren\u00e1n,\u00a0 Rubens Correa, Rub\u00e9n Szuchmacher y Juan Carlos Gen\u00e9. A lo largo de su carrera, Ingrid recibi\u00f3 cinco<strong>\u00a0premios ACE <\/strong>entre ellos los del rubro \u00abMejor actriz de Comedia Dram\u00e1tica\u00bb y\u00a0 \u00abMejor Actuaci\u00f3n Femenina en Espect\u00e1culo Off\u00bb.<\/p>\n<p><figure class=\"mb-3\"><img decoding=\"async\" src=\"https:\/\/www.telam.com.ar\/thumbs\/bluesteel\/advf\/imagenes\/2023\/03\/641de64ce92af_1200.jpg\" class=\" lazy \" width=\"100%\" height=\"100%\" alt=\"Foto prensa \"\/><figcaption> Foto: prensa. <\/figcaption><\/figure>\n<p>\u201cEstas hermanas, que son testigos de toda la vida la una de la otra, que son completamente incondicionales pero que tambi\u00e9n se pelean y a los dos minutos se olvidarn de que se hab\u00edan peleado y se r\u00eden y se aman, generan tanta empat\u00eda y tanta identificaci\u00f3n que por eso la obra tambi\u00e9n despierta devoluciones muy hermosas y muy emotivas\u201d, insiste Pelicori.<\/p>\n<p>Destaca que el teatro no suele focalizar en personajes de edad avanzada, salvo una honrosa excepci\u00f3n: \u201cParque Lezama\u201d, la obra que dirige Juan Jos\u00e9 Campanella y \u201cha tenido una enorme respuesta de p\u00fablico\u201d. <strong>\u201cLas obras que hablan de esta etapa de la vida convocan y tienen una respuesta muy sensible en los espectadores\u201d<\/strong>, define y enumera los factores que hacen distinta a la obra inspirada en Puig: \u201cla alegr\u00eda, el melodrama, lo folletinesco, la sensibilidad y mucho humor\u201d.<\/p>\n<blockquote class=\"instagram-media\" data-instgrm-captioned=\"\" data-instgrm-permalink=\"https:\/\/www.instagram.com\/p\/C2LI8vEPXh0\/?utm_source=ig_embed&amp;utm_campaign=loading\" data-instgrm-version=\"14\" style=\" background:#FFF; border:0; border-radius:3px; box-shadow:0 0 1px 0 rgba(0,0,0,0.5),0 1px 10px 0 rgba(0,0,0,0.15); margin: 1px; max-width:540px; min-width:326px; padding:0; width:99.375%; width:-webkit-calc(100% - 2px); width:calc(100% - 2px);\"\/>\n<p>En ese sentido Pelicori describe as\u00ed el encanto de la obra: \u201cNo es solo una comedia. Toca temas que hasta pueden ser dolorosos, como el exilio, la violencia, el paso del tiempo, la vejez, la muerte, la lejan\u00eda, pero <strong>todo est\u00e1 hecho con ese tono humano, profundo sensible y divertido\u201d<\/strong>.<\/p>\n<p>Finalmente Ingrid aventura: \u201c<strong>La gente sale sale m\u00e1s buena cuando termina la obra<\/strong>, sale mejor y nosotros seguramente tambi\u00e9n por descubrir la belleza de este momento de la vida y de todo lo que conlleva, como alegr\u00edas y tambi\u00e9n como tristezas\u201d.<\/p>\n<p><figure class=\"mb-3\"><img decoding=\"async\" src=\"https:\/\/www.telam.com.ar\/thumbs\/bluesteel\/advf\/imagenes\/2012\/12\/50db5a32897ce.%20seix%20barral_1200.jpg\" class=\" lazy \" width=\"100%\" height=\"100%\" alt=\"La novela de Manuel Puig es de 1988 y est situada en Ro de Janeiro Foto prensa \"\/><figcaption> La novela de Manuel Puig es de 1988 y est\u00e1 situada en R\u00edo de Janeiro. \/ Foto: prensa. <\/figcaption><\/figure>\n<\/p>\n<\/div>\n<p><script async defer crossorigin=\"anonymous\" src=\"https:\/\/connect.facebook.net\/es_LA\/sdk.js#xfbml=1&#038;version=v12.0\" nonce=\"SBlHQzIF\"><\/script><br \/><a href=\"https:\/\/www.telam.com.ar\/notas\/202401\/652927-manso-pelicori--manuel-puig.html\">source<\/a><\/p>\n","protected":false},"excerpt":{"rendered":"<p>Manso y Pelicori en la reversi\u00f3n de la novela de Puig. \/ Foto: prensa. Dos&#8230;<\/p>\n","protected":false},"author":0,"featured_media":192792,"comment_status":"open","ping_status":"open","sticky":false,"template":"","format":"standard","meta":{"footnotes":""},"categories":[4],"tags":[],"class_list":["post-192791","post","type-post","status-publish","format-standard","has-post-thumbnail","hentry","category-espectaculos"],"featured_image_urls":{"full":["https:\/\/radiofenix.com.ar\/2023\/wp-content\/uploads\/2024\/01\/wp-header-logo-192.png",1200,675,false],"thumbnail":["https:\/\/radiofenix.com.ar\/2023\/wp-content\/uploads\/2024\/01\/wp-header-logo-192-150x150.png",150,150,true],"medium":["https:\/\/radiofenix.com.ar\/2023\/wp-content\/uploads\/2024\/01\/wp-header-logo-192-300x169.png",300,169,true],"medium_large":["https:\/\/radiofenix.com.ar\/2023\/wp-content\/uploads\/2024\/01\/wp-header-logo-192-768x432.png",640,360,true],"large":["https:\/\/radiofenix.com.ar\/2023\/wp-content\/uploads\/2024\/01\/wp-header-logo-192-1024x576.png",640,360,true],"1536x1536":["https:\/\/radiofenix.com.ar\/2023\/wp-content\/uploads\/2024\/01\/wp-header-logo-192.png",1200,675,false],"2048x2048":["https:\/\/radiofenix.com.ar\/2023\/wp-content\/uploads\/2024\/01\/wp-header-logo-192.png",1200,675,false],"newsium-slider-full":["https:\/\/radiofenix.com.ar\/2023\/wp-content\/uploads\/2024\/01\/wp-header-logo-192.png",1200,675,false],"newsium-featured":["https:\/\/radiofenix.com.ar\/2023\/wp-content\/uploads\/2024\/01\/wp-header-logo-192-1024x576.png",1024,576,true],"newsium-medium":["https:\/\/radiofenix.com.ar\/2023\/wp-content\/uploads\/2024\/01\/wp-header-logo-192-720x475.png",720,475,true]},"author_info":{"info":[""]},"category_info":"<a href=\"https:\/\/radiofenix.com.ar\/2023\/category\/espectaculos\/\" rel=\"category tag\">Espectaculos<\/a>","tag_info":"Espectaculos","comment_count":"0","_links":{"self":[{"href":"https:\/\/radiofenix.com.ar\/2023\/wp-json\/wp\/v2\/posts\/192791","targetHints":{"allow":["GET"]}}],"collection":[{"href":"https:\/\/radiofenix.com.ar\/2023\/wp-json\/wp\/v2\/posts"}],"about":[{"href":"https:\/\/radiofenix.com.ar\/2023\/wp-json\/wp\/v2\/types\/post"}],"replies":[{"embeddable":true,"href":"https:\/\/radiofenix.com.ar\/2023\/wp-json\/wp\/v2\/comments?post=192791"}],"version-history":[{"count":0,"href":"https:\/\/radiofenix.com.ar\/2023\/wp-json\/wp\/v2\/posts\/192791\/revisions"}],"wp:featuredmedia":[{"embeddable":true,"href":"https:\/\/radiofenix.com.ar\/2023\/wp-json\/wp\/v2\/media\/192792"}],"wp:attachment":[{"href":"https:\/\/radiofenix.com.ar\/2023\/wp-json\/wp\/v2\/media?parent=192791"}],"wp:term":[{"taxonomy":"category","embeddable":true,"href":"https:\/\/radiofenix.com.ar\/2023\/wp-json\/wp\/v2\/categories?post=192791"},{"taxonomy":"post_tag","embeddable":true,"href":"https:\/\/radiofenix.com.ar\/2023\/wp-json\/wp\/v2\/tags?post=192791"}],"curies":[{"name":"wp","href":"https:\/\/api.w.org\/{rel}","templated":true}]}}