{"id":192859,"date":"2024-01-25T16:14:35","date_gmt":"2024-01-25T16:14:35","guid":{"rendered":"https:\/\/radiofenix.com.ar\/2023\/?p=192859"},"modified":"2024-01-25T16:14:35","modified_gmt":"2024-01-25T16:14:35","slug":"pullaro-vamos-desestructurar-las-bandas-criminales-que-generan-violencia-en-nuestros-barrios","status":"publish","type":"post","link":"https:\/\/radiofenix.com.ar\/2023\/pullaro-vamos-desestructurar-las-bandas-criminales-que-generan-violencia-en-nuestros-barrios\/","title":{"rendered":"Pullaro: \u201cVamos desestructurar las bandas criminales que generan violencia en nuestros barrios\u201d"},"content":{"rendered":"\n<p>El gobernador lo enfatiz\u00f3 al lanzar en la ciudad de Santa Fe el programa Intervenci\u00f3n Barrial Focalizada, \u201cla pol\u00edtica p\u00fablica m\u00e1s importante que lleva adelante el Gobierno\u201d, calific\u00f3. Se firm\u00f3 un acuerdo con la Municipalidad de Santa Fe y el MPA, que trabajan en este programa junto a diferentes ministerios provinciales.<\/p>\n\n\n<figure class=\"wp-block-post-featured-image\"><img loading=\"lazy\" decoding=\"async\" width=\"1600\" height=\"1066\" src=\"https:\/\/radiofenix.com.ar\/2023\/wp-content\/uploads\/2024\/01\/WhatsApp-Image-2024-01-25-at-12.39.13.jpeg\" class=\"attachment-post-thumbnail size-post-thumbnail wp-post-image\" alt=\"\" style=\"object-fit:cover;\" srcset=\"https:\/\/radiofenix.com.ar\/2023\/wp-content\/uploads\/2024\/01\/WhatsApp-Image-2024-01-25-at-12.39.13.jpeg 1600w, https:\/\/radiofenix.com.ar\/2023\/wp-content\/uploads\/2024\/01\/WhatsApp-Image-2024-01-25-at-12.39.13-300x200.jpeg 300w, https:\/\/radiofenix.com.ar\/2023\/wp-content\/uploads\/2024\/01\/WhatsApp-Image-2024-01-25-at-12.39.13-1024x682.jpeg 1024w, https:\/\/radiofenix.com.ar\/2023\/wp-content\/uploads\/2024\/01\/WhatsApp-Image-2024-01-25-at-12.39.13-768x512.jpeg 768w, https:\/\/radiofenix.com.ar\/2023\/wp-content\/uploads\/2024\/01\/WhatsApp-Image-2024-01-25-at-12.39.13-1536x1023.jpeg 1536w\" sizes=\"auto, (max-width: 1600px) 100vw, 1600px\" \/><\/figure>\n\n\n<p>El gobernador Maximiliano Pullaro oficializ\u00f3 la puesta en marcha del programa de Intervenci\u00f3n Barrial Focalizada (IBF) en cuatro barrios de la ciudad de Santa Fe, en el que intervienen distintos actores del Estado provincial y municipal para abordar y disminuir la violencia y prevenir el delito.<br>El IBF contempla la articulaci\u00f3n de acciones y actividades tendientes a atacar estas problem\u00e1ticas, interviniendo de manera focalizada en las din\u00e1micas que act\u00faan como factores determinantes en la concentraci\u00f3n de las \u00e1reas urbanas socialmente vulnerables.<br>El programa se oficializ\u00f3 con la firma de un convenio entre la Municipalidad de Santa Fe y el Ministerio P\u00fablico de la Acusaci\u00f3n (MPA), acuerdo que la semana pasada se realiz\u00f3 tambi\u00e9n en Rosario, donde el IBF se aplicar\u00e1 en ocho barrios.<\/p>\n\n\n\n<p>Contra las bandas criminales<\/p>\n\n\n\n<p>\u201cSiento orgullo porque hoy estamos haciendo cosas importantes, cosas trascendentes, que van al fondo de la cuesti\u00f3n\u201d, dijo en su discurso el gobernador, que destac\u00f3 y agradeci\u00f3 a la autoridades de los tres poderes y del Municipio \u201cpor estar comprometidos con lo que debe ser una pol\u00edtica que nunca se debi\u00f3 haber discontinuado en la provincia de Santa Fe\u201d.<br>En ese sentido, record\u00f3 que \u201cen Santa Fe existieron pol\u00edticas p\u00fablicas que tuvieron \u00e9xitos en alg\u00fan momento, y fue por el trabajo multiagencial e interdisciplinario\u201d, y mencion\u00f3 el Plan ABRE, el Nueva Oportunidad y la Mesa Multiagencial durante las gestiones de los exgobernadores Antonio Bonfatti y Miguel Lifschitz, \u201ccuando logramos bajar los niveles de violencia y de delito a menos a la mitad, y fueron pol\u00edticas p\u00fablicas que llevamos adelante entre todos\u201d.<br>\u201cHoy tenemos problemas de violencia extrema en diferentes barrios de nuestra provincia, en Santa Fe y Rosario principalmente, y tenemos la decisi\u00f3n de ir fuertemente contra las organizaciones criminales hasta desestructurarlas, hasta meter presos a aquellos que generan violencia y que generan terror en los barrios. Vamos a demostrarle que el Estado es m\u00e1s fuerte\u201d, asegur\u00f3 Pullaro.<br>\u201cPor eso pol\u00edticas p\u00fablicas de estas caracter\u00edsticas son trascendentes e importantes\u201d, continu\u00f3 el mandatario, quien afirm\u00f3 que \u201ctal vez la pol\u00edtica p\u00fablica m\u00e1s importante que lleve adelante el Gobierno de la Provincia de Santa Fe sea la IBF, que apunta a reducir los niveles de violencia articulando las diferentes \u00e1reas del Estado\u201d. Y enfatiz\u00f3: \u201cLas amenazas no nos van a perforar ni nos van a cambiar el rumbo, vamos a seguir adelante. Por eso destaco la valent\u00eda, el compromiso de todos quienes hoy nos juntamos en esta mesa y empezamos a trabajar para resolver de a poco un problema que nos afecta a todos\u201d, concluy\u00f3 Pullaro.<\/p>\n\n\n\n<p>Intervenciones conjuntas<\/p>\n\n\n\n<p>El ministro de Justicia y Seguridad de la provincia, Pablo Cococcioni, dijo que \u201cla idea es involucrar a todos los actores estatales y comunitarios para trabajar juntos, no solo sobre la criminalidad, sino sobre sus causas m\u00e1s profundas para hacer intervenciones conjuntas y sostenidas que le devuelvan la tranquilidad a los ciudadanos\u201d.<br>Mientras, la ministra de Igualdad y Desarrollo Humano, Victoria Tejeda, remarc\u00f3 que este \u201ctrabajo articulado es lo que muchas veces se ha pregonado pero no se ha hecho. Vamos a hacer lo que venimos diciendo, y ya lo empezamos a hacer, con estas herramientas, con el Estado en su conjunto\u201d.<br>Mat\u00edas Merlo, representante del MPA y la Fiscal\u00eda General, tambi\u00e9n se\u00f1al\u00f3 que \u00abal delito hay que abordarlo multiagencialmente. Con la respuesta punitiva sola no solucionamos estos problemas de convivencia\u201d, advirti\u00f3.<br>Finalmente, el intendente de Santa Fe, Juan Pablo Poletti, dijo que \u201cdesde la Municipalidad quer\u00edamos estar en el territorio, y esta es una muestra bien clara\u201d. Asimismo, destac\u00f3 el programa \u201cporque realmente es una intervenci\u00f3n barrial focalizada\u201d, ya que \u201cno todos los barrios son iguales, no todos los barrios tienen la misma problem\u00e1tica. Este es el trabajo que nos imagin\u00e1bamos, que queremos: trabajar juntos entre todos los niveles del Estado por el bien de la sociedad\u201d.<br>Del acto, realizado en el Sal\u00f3n Blanco de Casa de Gobierno, participaron tambi\u00e9n los ministros de Gobierno e Innovaci\u00f3n P\u00fablica, Fabi\u00e1n Bastia; de Educaci\u00f3n, Jos\u00e9 Goity; y de Salud, Silvia Ciancio; el procurador General de la Corte Suprema de Justicia de la provincia, Jorge Barraguirre; los senadores por el departamento La Capital, Julio Garibaldi, y por el departamento Vera, Osvaldo Sosa; el secretario de Pol\u00edticas de Inclusi\u00f3n y Abordajes Sociales del Ministerio de Igualdad y Desarrollo Humano, Ram\u00f3n Soques; legisladores y concejales, entre otros.<\/p>\n","protected":false},"excerpt":{"rendered":"<p>El gobernador lo enfatiz\u00f3 al lanzar en la ciudad de Santa Fe el programa Intervenci\u00f3n&#8230;<\/p>\n","protected":false},"author":3,"featured_media":192860,"comment_status":"open","ping_status":"open","sticky":true,"template":"","format":"standard","meta":{"footnotes":""},"categories":[12,64,2,6],"tags":[22,57,118,119,25,120,26],"class_list":["post-192859","post","type-post","status-publish","format-standard","has-post-thumbnail","hentry","category-destacado","category-policiales","category-politica","category-ultimasnoticias","tag-felipe-michlig","tag-marcelo-gonzalez","tag-maximiliano-pullaro","tag-provincia-de-santa-fe","tag-san-cristobal-2","tag-seguridad","tag-senadores"],"featured_image_urls":{"full":["https:\/\/radiofenix.com.ar\/2023\/wp-content\/uploads\/2024\/01\/WhatsApp-Image-2024-01-25-at-12.39.13.jpeg",1600,1066,false],"thumbnail":["https:\/\/radiofenix.com.ar\/2023\/wp-content\/uploads\/2024\/01\/WhatsApp-Image-2024-01-25-at-12.39.13-150x150.jpeg",150,150,true],"medium":["https:\/\/radiofenix.com.ar\/2023\/wp-content\/uploads\/2024\/01\/WhatsApp-Image-2024-01-25-at-12.39.13-300x200.jpeg",300,200,true],"medium_large":["https:\/\/radiofenix.com.ar\/2023\/wp-content\/uploads\/2024\/01\/WhatsApp-Image-2024-01-25-at-12.39.13-768x512.jpeg",640,427,true],"large":["https:\/\/radiofenix.com.ar\/2023\/wp-content\/uploads\/2024\/01\/WhatsApp-Image-2024-01-25-at-12.39.13-1024x682.jpeg",640,426,true],"1536x1536":["https:\/\/radiofenix.com.ar\/2023\/wp-content\/uploads\/2024\/01\/WhatsApp-Image-2024-01-25-at-12.39.13-1536x1023.jpeg",1536,1023,true],"2048x2048":["https:\/\/radiofenix.com.ar\/2023\/wp-content\/uploads\/2024\/01\/WhatsApp-Image-2024-01-25-at-12.39.13.jpeg",1600,1066,false],"newsium-slider-full":["https:\/\/radiofenix.com.ar\/2023\/wp-content\/uploads\/2024\/01\/WhatsApp-Image-2024-01-25-at-12.39.13-1280x845.jpeg",1280,845,true],"newsium-featured":["https:\/\/radiofenix.com.ar\/2023\/wp-content\/uploads\/2024\/01\/WhatsApp-Image-2024-01-25-at-12.39.13-1024x682.jpeg",1024,682,true],"newsium-medium":["https:\/\/radiofenix.com.ar\/2023\/wp-content\/uploads\/2024\/01\/WhatsApp-Image-2024-01-25-at-12.39.13-720x475.jpeg",720,475,true]},"author_info":{"info":["Radio Fenix"]},"category_info":"<a href=\"https:\/\/radiofenix.com.ar\/2023\/category\/destacado\/\" rel=\"category tag\">Destacado<\/a> <a href=\"https:\/\/radiofenix.com.ar\/2023\/category\/policiales\/\" rel=\"category tag\">Policiales<\/a> <a href=\"https:\/\/radiofenix.com.ar\/2023\/category\/politica\/\" rel=\"category tag\">Pol\u00edtica<\/a> <a href=\"https:\/\/radiofenix.com.ar\/2023\/category\/ultimasnoticias\/\" rel=\"category tag\">Ultimas Noticias<\/a>","tag_info":"Ultimas Noticias","comment_count":"0","_links":{"self":[{"href":"https:\/\/radiofenix.com.ar\/2023\/wp-json\/wp\/v2\/posts\/192859","targetHints":{"allow":["GET"]}}],"collection":[{"href":"https:\/\/radiofenix.com.ar\/2023\/wp-json\/wp\/v2\/posts"}],"about":[{"href":"https:\/\/radiofenix.com.ar\/2023\/wp-json\/wp\/v2\/types\/post"}],"author":[{"embeddable":true,"href":"https:\/\/radiofenix.com.ar\/2023\/wp-json\/wp\/v2\/users\/3"}],"replies":[{"embeddable":true,"href":"https:\/\/radiofenix.com.ar\/2023\/wp-json\/wp\/v2\/comments?post=192859"}],"version-history":[{"count":1,"href":"https:\/\/radiofenix.com.ar\/2023\/wp-json\/wp\/v2\/posts\/192859\/revisions"}],"predecessor-version":[{"id":192861,"href":"https:\/\/radiofenix.com.ar\/2023\/wp-json\/wp\/v2\/posts\/192859\/revisions\/192861"}],"wp:featuredmedia":[{"embeddable":true,"href":"https:\/\/radiofenix.com.ar\/2023\/wp-json\/wp\/v2\/media\/192860"}],"wp:attachment":[{"href":"https:\/\/radiofenix.com.ar\/2023\/wp-json\/wp\/v2\/media?parent=192859"}],"wp:term":[{"taxonomy":"category","embeddable":true,"href":"https:\/\/radiofenix.com.ar\/2023\/wp-json\/wp\/v2\/categories?post=192859"},{"taxonomy":"post_tag","embeddable":true,"href":"https:\/\/radiofenix.com.ar\/2023\/wp-json\/wp\/v2\/tags?post=192859"}],"curies":[{"name":"wp","href":"https:\/\/api.w.org\/{rel}","templated":true}]}}