{"id":192862,"date":"2024-01-25T16:18:14","date_gmt":"2024-01-25T16:18:14","guid":{"rendered":"https:\/\/radiofenix.com.ar\/2023\/?p=192862"},"modified":"2024-01-25T16:18:15","modified_gmt":"2024-01-25T16:18:15","slug":"michlig-en-tan-solo-45-dias-el-nuevo-gobierno-pcial-cancelo-numerosas-deudas-atrasadas-con-el-dpto-san-cristobal","status":"publish","type":"post","link":"https:\/\/radiofenix.com.ar\/2023\/michlig-en-tan-solo-45-dias-el-nuevo-gobierno-pcial-cancelo-numerosas-deudas-atrasadas-con-el-dpto-san-cristobal\/","title":{"rendered":"Michlig: \u201cEn tan s\u00f3lo 45 d\u00edas el nuevo Gobierno Pcial. cancel\u00f3 numerosas deudas atrasadas con el Dpto. San Crist\u00f3bal\u201d"},"content":{"rendered":"\n<p>Las deudas incumplidas por la gesti\u00f3n Perotti -con los 32 distritos del departamento- ascend\u00edan a $ 233.751.559<\/p>\n\n\n<figure class=\"wp-block-post-featured-image\"><img loading=\"lazy\" decoding=\"async\" width=\"1200\" height=\"720\" src=\"https:\/\/radiofenix.com.ar\/2023\/wp-content\/uploads\/2024\/01\/asuncion-pullaro.jpg\" class=\"attachment-post-thumbnail size-post-thumbnail wp-post-image\" alt=\"\" style=\"object-fit:cover;\" srcset=\"https:\/\/radiofenix.com.ar\/2023\/wp-content\/uploads\/2024\/01\/asuncion-pullaro.jpg 1200w, https:\/\/radiofenix.com.ar\/2023\/wp-content\/uploads\/2024\/01\/asuncion-pullaro-300x180.jpg 300w, https:\/\/radiofenix.com.ar\/2023\/wp-content\/uploads\/2024\/01\/asuncion-pullaro-1024x614.jpg 1024w, https:\/\/radiofenix.com.ar\/2023\/wp-content\/uploads\/2024\/01\/asuncion-pullaro-768x461.jpg 768w\" sizes=\"auto, (max-width: 1200px) 100vw, 1200px\" \/><\/figure>\n\n\n<p>El Senador&nbsp;<strong>Felipe Michlig comunic\u00f3 que el Gobierno de la Provincia de Santa Fe en los primeros 45 d\u00edas de mandato ya ha cumplido con el pago de deudas atrasadas<\/strong>&nbsp;-que dej\u00f3 la gesti\u00f3n anterior- en favor de las&nbsp;<strong>32 localidades del departamento San Crist\u00f3bal&nbsp;<\/strong>por&nbsp;<strong>un monto total de $ 233.751.559<\/strong>&nbsp;(ver abajo gr\u00e1fico por localidades).<\/p>\n\n\n\n<p>El representante departamental destac\u00f3 \u201cla&nbsp;<strong>excelente predisposici\u00f3n de todos los miembros del gabinete del gobernador Maximiliano Pullaro,&nbsp;<\/strong>para dar&nbsp;<strong>cumplimiento<\/strong>&nbsp;a deudas que por distintos conceptos hab\u00eda&nbsp;<strong>dejado la gesti\u00f3n del gobernador Omar Perotti<\/strong>, que son sumas muy importantes con fines de inter\u00e9s p\u00fablico para cada comunidad del departamento San Crist\u00f3bal.<\/p>\n\n\n\n<p>En tal sentido el legislador destac\u00f3\u00a0<strong>\u201cel trabajo del Ministro de Econom\u00eda Pablo Olivares y el de Gobierno e innovaci\u00f3n p\u00fablica Fab\u00edan Bast\u00eda<\/strong>, que con todos los equipos t\u00e9cnicos se ocuparon r\u00e1pidamente de sincronizar todos los conceptos y montos adeudados.<\/p>\n\n\n\n<figure class=\"wp-block-image size-full\"><a href=\"https:\/\/radiofenix.com.ar\/2023\/wp-content\/uploads\/2024\/01\/casa-gobierno-1024x614-1.jpg\"><img loading=\"lazy\" decoding=\"async\" width=\"1024\" height=\"614\" src=\"https:\/\/radiofenix.com.ar\/2023\/wp-content\/uploads\/2024\/01\/casa-gobierno-1024x614-1.jpg\" alt=\"\" class=\"wp-image-192864\" srcset=\"https:\/\/radiofenix.com.ar\/2023\/wp-content\/uploads\/2024\/01\/casa-gobierno-1024x614-1.jpg 1024w, https:\/\/radiofenix.com.ar\/2023\/wp-content\/uploads\/2024\/01\/casa-gobierno-1024x614-1-300x180.jpg 300w, https:\/\/radiofenix.com.ar\/2023\/wp-content\/uploads\/2024\/01\/casa-gobierno-1024x614-1-768x461.jpg 768w\" sizes=\"auto, (max-width: 1024px) 100vw, 1024px\" \/><\/a><\/figure>\n\n\n\n<h4 class=\"wp-block-heading\">Detalles de las deudas canceladas<\/h4>\n\n\n\n<p>Los conceptos de las deudas canceladas en general abarca los siguientes conceptos:&nbsp;<strong>Certificaciones de Obras varias, FAE, Movilidad Rural, Programa SUMAR, \u00c1rea Mujer y Ni\u00f1ez, Plan Incluir, Aportes no reintegrables varios, Red CASAS, PRO.SO.NUT, Obras Menores, Gastos Corrientes, AJUSTE COPA (Ajuste Inmobiliario), Prog. Punto Violeta, Prog. Accionar, Viviendas y subsidio Museo.<\/strong><\/p>\n\n\n\n<p>\u201cTan S\u00f3lo e<strong>n 45 d\u00edas con sentido de equidad y responsabilidad, sin distinci\u00f3n de signos partidarios se cumpli\u00f3 con el pago de todas esas deudas,<\/strong>&nbsp;al igual que con todas las localidades de la provincia por un monto superior a los 11 mil millones de pesos\u201d, acot\u00f3 el Senador Michlig.<\/p>\n\n\n\n<p><strong>Montos de Deudas<\/strong><\/p>\n\n\n\n<figure class=\"wp-block-table\"><table><thead><tr><th><strong>LOCALIDAD<\/strong><\/th><th><strong>MONTO PAGADO<\/strong><\/th><\/tr><\/thead><tbody><tr><td>Ceres<\/td><td>$ 30.197.028<\/td><\/tr><tr><td>San Crist\u00f3bal<\/td><td>$ 14.154.146<\/td><\/tr><tr><td>Colonia Bossi<\/td><td>$ 12.894.930<\/td><\/tr><tr><td>Dos Rosas y La Legua<\/td><td>$ 5.418.139<\/td><\/tr><tr><td>Soledad<\/td><td>$ 3.821.417<\/td><\/tr><tr><td>Portugalete<\/td><td>$ 3.881.354<\/td><\/tr><tr><td>Capivara<\/td><td>$ 5.165.512<\/td><\/tr><tr><td>Arruf\u00f3<\/td><td>$ 8.647.906<\/td><\/tr><tr><td>Colonia Ana<\/td><td>$ 6.591.293<\/td><\/tr><tr><td>Constanza<\/td><td>$ 2.654.491<\/td><\/tr><tr><td>Palacios<\/td><td>$ 392.485<\/td><\/tr><tr><td>Curupaity<\/td><td>$ 3.778.362<\/td><\/tr><tr><td>Colonia Rosa<\/td><td>$ 2.424.827<\/td><\/tr><tr><td>Monte Oscuridad<\/td><td>$ 4.623.073<\/td><\/tr><tr><td>Aguara Grande<\/td><td>$ 8.585.321<\/td><\/tr><tr><td>Colonia La Clara<\/td><td>$ 2.344.639<\/td><\/tr><tr><td>Villa Saralegui<\/td><td>$ 4.729.820<\/td><\/tr><tr><td>La Cabral<\/td><td>$ 2.954.614<\/td><\/tr><tr><td>Las Avispas<\/td><td>$ 4.429.877<\/td><\/tr><tr><td>Las Palmeras<\/td><td>$ 5.175.033<\/td><\/tr><tr><td>Mois\u00e9s Ville<\/td><td>$ 4.605.071<\/td><\/tr><tr><td>Huanqueros<\/td><td>$ 7.950.487<\/td><\/tr><tr><td>Hersilia<\/td><td>$ 21.928.095<\/td><\/tr><tr><td>Villa Trinidad<\/td><td>$ 10.645.668<\/td><\/tr><tr><td>Santurce<\/td><td>$ 820.100,00<\/td><\/tr><tr><td>\u00d1anducita<\/td><td>$ 2.514.215<\/td><\/tr><tr><td>La Lucila<\/td><td>$ 7.002.658<\/td><\/tr><tr><td>Ambrosetti<\/td><td>$ 17.617.706<\/td><\/tr><tr><td>Monigotes<\/td><td>$ 3.424.971<\/td><\/tr><tr><td>La Rubia<\/td><td>$ 1.891.705<\/td><\/tr><tr><td>Suardi<\/td><td>$ 9.360.192<\/td><\/tr><tr><td>San Guillermo<\/td><td>$ 13.126.426<\/td><\/tr><tr><td><strong>TOTAL<\/strong><\/td><td><strong>$ 233.751.559<\/strong><\/td><\/tr><\/tbody><\/table><\/figure>\n","protected":false},"excerpt":{"rendered":"<p>Las deudas incumplidas por la gesti\u00f3n Perotti -con los 32 distritos del departamento- ascend\u00edan a&#8230;<\/p>\n","protected":false},"author":3,"featured_media":192863,"comment_status":"open","ping_status":"open","sticky":true,"template":"","format":"standard","meta":{"footnotes":""},"categories":[12,5,2,6],"tags":[22,57,118,119,25,26],"class_list":["post-192862","post","type-post","status-publish","format-standard","has-post-thumbnail","hentry","category-destacado","category-economia","category-politica","category-ultimasnoticias","tag-felipe-michlig","tag-marcelo-gonzalez","tag-maximiliano-pullaro","tag-provincia-de-santa-fe","tag-san-cristobal-2","tag-senadores"],"featured_image_urls":{"full":["https:\/\/radiofenix.com.ar\/2023\/wp-content\/uploads\/2024\/01\/asuncion-pullaro.jpg",1200,720,false],"thumbnail":["https:\/\/radiofenix.com.ar\/2023\/wp-content\/uploads\/2024\/01\/asuncion-pullaro-150x150.jpg",150,150,true],"medium":["https:\/\/radiofenix.com.ar\/2023\/wp-content\/uploads\/2024\/01\/asuncion-pullaro-300x180.jpg",300,180,true],"medium_large":["https:\/\/radiofenix.com.ar\/2023\/wp-content\/uploads\/2024\/01\/asuncion-pullaro-768x461.jpg",640,384,true],"large":["https:\/\/radiofenix.com.ar\/2023\/wp-content\/uploads\/2024\/01\/asuncion-pullaro-1024x614.jpg",640,384,true],"1536x1536":["https:\/\/radiofenix.com.ar\/2023\/wp-content\/uploads\/2024\/01\/asuncion-pullaro.jpg",1200,720,false],"2048x2048":["https:\/\/radiofenix.com.ar\/2023\/wp-content\/uploads\/2024\/01\/asuncion-pullaro.jpg",1200,720,false],"newsium-slider-full":["https:\/\/radiofenix.com.ar\/2023\/wp-content\/uploads\/2024\/01\/asuncion-pullaro.jpg",1200,720,false],"newsium-featured":["https:\/\/radiofenix.com.ar\/2023\/wp-content\/uploads\/2024\/01\/asuncion-pullaro-1024x614.jpg",1024,614,true],"newsium-medium":["https:\/\/radiofenix.com.ar\/2023\/wp-content\/uploads\/2024\/01\/asuncion-pullaro-720x475.jpg",720,475,true]},"author_info":{"info":["Radio Fenix"]},"category_info":"<a href=\"https:\/\/radiofenix.com.ar\/2023\/category\/destacado\/\" rel=\"category tag\">Destacado<\/a> <a href=\"https:\/\/radiofenix.com.ar\/2023\/category\/economia\/\" rel=\"category tag\">Economia<\/a> <a href=\"https:\/\/radiofenix.com.ar\/2023\/category\/politica\/\" rel=\"category tag\">Pol\u00edtica<\/a> <a href=\"https:\/\/radiofenix.com.ar\/2023\/category\/ultimasnoticias\/\" rel=\"category tag\">Ultimas Noticias<\/a>","tag_info":"Ultimas Noticias","comment_count":"0","_links":{"self":[{"href":"https:\/\/radiofenix.com.ar\/2023\/wp-json\/wp\/v2\/posts\/192862","targetHints":{"allow":["GET"]}}],"collection":[{"href":"https:\/\/radiofenix.com.ar\/2023\/wp-json\/wp\/v2\/posts"}],"about":[{"href":"https:\/\/radiofenix.com.ar\/2023\/wp-json\/wp\/v2\/types\/post"}],"author":[{"embeddable":true,"href":"https:\/\/radiofenix.com.ar\/2023\/wp-json\/wp\/v2\/users\/3"}],"replies":[{"embeddable":true,"href":"https:\/\/radiofenix.com.ar\/2023\/wp-json\/wp\/v2\/comments?post=192862"}],"version-history":[{"count":1,"href":"https:\/\/radiofenix.com.ar\/2023\/wp-json\/wp\/v2\/posts\/192862\/revisions"}],"predecessor-version":[{"id":192865,"href":"https:\/\/radiofenix.com.ar\/2023\/wp-json\/wp\/v2\/posts\/192862\/revisions\/192865"}],"wp:featuredmedia":[{"embeddable":true,"href":"https:\/\/radiofenix.com.ar\/2023\/wp-json\/wp\/v2\/media\/192863"}],"wp:attachment":[{"href":"https:\/\/radiofenix.com.ar\/2023\/wp-json\/wp\/v2\/media?parent=192862"}],"wp:term":[{"taxonomy":"category","embeddable":true,"href":"https:\/\/radiofenix.com.ar\/2023\/wp-json\/wp\/v2\/categories?post=192862"},{"taxonomy":"post_tag","embeddable":true,"href":"https:\/\/radiofenix.com.ar\/2023\/wp-json\/wp\/v2\/tags?post=192862"}],"curies":[{"name":"wp","href":"https:\/\/api.w.org\/{rel}","templated":true}]}}