{"id":192973,"date":"2024-01-30T17:11:25","date_gmt":"2024-01-30T17:11:25","guid":{"rendered":"https:\/\/radiofenix.com.ar\/2023\/un-barco-cerealero-embistio-una-de-las-columnas-del-puente-zarate-brazo-largo\/"},"modified":"2024-01-30T17:11:25","modified_gmt":"2024-01-30T17:11:25","slug":"un-barco-cerealero-embistio-una-de-las-columnas-del-puente-zarate-brazo-largo","status":"publish","type":"post","link":"https:\/\/radiofenix.com.ar\/2023\/un-barco-cerealero-embistio-una-de-las-columnas-del-puente-zarate-brazo-largo\/","title":{"rendered":"Un barco cerealero embisti\u00f3 una de las columnas del puente Z\u00e1rate-Brazo Largo"},"content":{"rendered":"<div>\n<div class=\"video_repositive\"> <a class=\"video_sticky\" href=\"javascript:void();\" onclick=\"removeStuckVideo(true);\"><i class=\"far fa-window-close\"\/><\/a> <\/p>\n<div id=\"4FTAyX0GR4o\" class=\"video_telam\" style=\"background-image:url('https:\/\/img.youtube.com\/vi\/4FTAyX0GR4o\/hqdefault.jpg');background-position: center center;\">\n<div class=\"feature_article_inner\">\n<p><h2 class=\"text-center\">As\u00ed se vio desde el buque el choque contra el puente Z\u00e1rate Brazo Largo<\/h2>\n<\/p><\/div>\n<p>VER VIDEO <i class=\"fas fa-play\"\/><\/p>\n<\/p><\/div>\n<\/p><\/div>\n<p>Un buque carguero de gran porte, de bandera liberiana, colision\u00f3 el domingo por la tarde uno de los pilares del puente del complejo Z\u00e1rate-Brazo Largo, en el norte de la provincia de Buenos Aires, debido a un desperfecto en el tim\u00f3n, lo que oblig\u00f3 a interrumpir el tr\u00e1nsito en el r\u00edo Paran\u00e1 de Las Palmas, informaron fuentes oficiales.<\/p>\n<p><figure class=\"mb-3\"><img decoding=\"async\" src=\"https:\/\/www.telam.com.ar\/thumbs\/bluesteel\/advf\/imagenes\/2024\/01\/65b7d3599c7f0_1200.jpg\" class=\" lazy \" width=\"100%\" height=\"100%\" alt=\"El impacto abri un rumbo en la quilla del barco Foto Pablo Aeli\"\/><figcaption> El impacto abri\u00f3 un rumbo en la quilla del barco \/ Foto Pablo A\u00f1eli. <\/figcaption><\/figure>\n<p>El buque <strong>se dirig\u00eda aguas arriba hacia el puerto santafesino de San Lorenzo, sin carga y con tripulaci\u00f3n m\u00ednima<\/strong>, cuando el capit\u00e1n perdi\u00f3 el gobierno de la nave, debido a una falla en el tim\u00f3n, y \u00e9sta roz\u00f3 uno de los pilares del puente Z\u00e1rate Brazo Largo, lo que caus\u00f3 su detenci\u00f3n y una aver\u00eda en el casco, del lado de estribor.<\/p>\n<p><figure class=\"mb-3\"><img decoding=\"async\" src=\"https:\/\/www.telam.com.ar\/thumbs\/bluesteel\/advf\/imagenes\/2024\/01\/65b8186b27cf5.01.2024%20combo_1200.jpg\" class=\" lazy \" width=\"100%\" height=\"100%\" alt=\"Las roturas del barco por dentro\"\/><figcaption> Las roturas del barco por dentro. <\/figcaption><\/figure>\n<p><strong>\u00abSe trata de un buque de 228 metros de eslora (largo), 36,5 de manga (ancho), que ven\u00eda de Singapur con destino a San Lorenzo\u00bb<\/strong>, inform\u00f3 un comunicado de Prefectura Naval Argentina.<\/p>\n<p><figure class=\"mb-3\"><img decoding=\"async\" src=\"https:\/\/www.telam.com.ar\/thumbs\/bluesteel\/advf\/imagenes\/2024\/01\/65b704c1caa0a_1200.jpg\" class=\" lazy \" width=\"100%\" height=\"100%\" alt=\"El En May tiene 228 metros de eslora y 36 de manga \"\/><figcaption> El En May tiene 228 metros de eslora y 36 de manga. <\/figcaption><\/figure>\n<p>\u00abDel hecho se tom\u00f3 conocimiento a trav\u00e9s de una comunicaci\u00f3n recibida, en la que un pr\u00e1ctico informaba que, en el momento en que el buque se encontraba navegando aguas arriba, sufri\u00f3 problemas en el tim\u00f3n, por causas que a\u00fan se desconocen, y perdi\u00f3 el control, colisionando con la margen derecha del complejo\u00bb, inform\u00f3 esta noche Prefectura Naval Argentina.<\/p>\n<p>\u00abInmediatamente, Prefectura destac\u00f3 Guardacostas y personal especializado en este tipo de asistencias que se dirigieron al lugar y constataron que no hubo tripulantes lesionados ni derrames contaminantes\u00bb, agreg\u00f3 el comunicado de esa fuerza.<\/p>\n<p><figure class=\"mb-3\"><img decoding=\"async\" src=\"https:\/\/www.telam.com.ar\/thumbs\/bluesteel\/advf\/imagenes\/2024\/01\/65b704c1e0731_1200.jpg\" class=\" lazy \" width=\"100%\" height=\"100%\" alt=\"Vista satelital del lugar donde se encuentra el barco cerca de la medianoche del domingo\"\/><figcaption> Vista satelital del lugar donde se encuentra el barco cerca de la medianoche del domingo. <\/figcaption><\/figure>\n<p>Prefectura destac\u00f3 guardacostas y personal especializado en este tipo de asistencias, que \u00abse dirigieron al lugar y constataron que no hubo tripulantes lesionados ni derrames contaminantes\u00bb, abund\u00f3 PNA.<\/p>\n<p>\u00abLa Prefectura Naval Argentina trabaja intensamente para regular el tr\u00e1fico mar\u00edtimo tras la colisi\u00f3n de un buque de bandera de libera contra el pilar del Complejo Ferroviario Brazo Largo\u00bb, concluy\u00f3.<\/p>\n<p><figure class=\"mb-3\"><img decoding=\"async\" src=\"https:\/\/www.telam.com.ar\/thumbs\/bluesteel\/advf\/imagenes\/2024\/01\/65b7d3596c168_1200.jpg\" class=\" lazy \" width=\"100%\" height=\"100%\" alt=\"Se estn evaluando cmo sern la reparaciones Foto Pablo Aeli\"\/><figcaption> Se est\u00e1n evaluando c\u00f3mo ser\u00e1n la reparaciones \/ Foto: Pablo A\u00f1eli. <\/figcaption><\/figure>\n<p>Seg\u00fan informaron fuentes del municipio de Z\u00e1rate al canal TN, se aguardaba la llegada de dos remolcadores para liberar la hidrov\u00eda, a la altura del kil\u00f3metro 171 del Paran\u00e1 de Las Palmas.<\/p>\n<p><figure class=\"mb-3\"><img decoding=\"async\" src=\"https:\/\/www.telam.com.ar\/thumbs\/bluesteel\/advf\/imagenes\/2024\/01\/65b7d359b3d67_1200.jpg\" class=\" lazy \" width=\"100%\" height=\"100%\" alt=\"El En May viajaba casi sin carga a San Lorenzo Foto Pablo Aeli\"\/><figcaption> El En May viajaba casi sin carga a San Lorenzo \/ Foto Pablo A\u00f1eli. <\/figcaption><\/figure>\n<\/p>\n<\/div>\n<p><script async defer crossorigin=\"anonymous\" src=\"https:\/\/connect.facebook.net\/es_LA\/sdk.js#xfbml=1&#038;version=v12.0\" nonce=\"SBlHQzIF\"><\/script><br \/><a href=\"https:\/\/www.telam.com.ar\/notas\/202401\/653737-choque-barco-zarate-puente.html\">source<\/a><\/p>\n","protected":false},"excerpt":{"rendered":"<p>As\u00ed se vio desde el buque el choque contra el puente Z\u00e1rate Brazo Largo VER&#8230;<\/p>\n","protected":false},"author":0,"featured_media":192974,"comment_status":"open","ping_status":"open","sticky":false,"template":"","format":"standard","meta":{"footnotes":""},"categories":[7],"tags":[],"class_list":["post-192973","post","type-post","status-publish","format-standard","has-post-thumbnail","hentry","category-sociedad"],"featured_image_urls":{"full":["https:\/\/radiofenix.com.ar\/2023\/wp-content\/uploads\/2024\/01\/wp-header-logo-269.png",1200,675,false],"thumbnail":["https:\/\/radiofenix.com.ar\/2023\/wp-content\/uploads\/2024\/01\/wp-header-logo-269-150x150.png",150,150,true],"medium":["https:\/\/radiofenix.com.ar\/2023\/wp-content\/uploads\/2024\/01\/wp-header-logo-269-300x169.png",300,169,true],"medium_large":["https:\/\/radiofenix.com.ar\/2023\/wp-content\/uploads\/2024\/01\/wp-header-logo-269-768x432.png",640,360,true],"large":["https:\/\/radiofenix.com.ar\/2023\/wp-content\/uploads\/2024\/01\/wp-header-logo-269-1024x576.png",640,360,true],"1536x1536":["https:\/\/radiofenix.com.ar\/2023\/wp-content\/uploads\/2024\/01\/wp-header-logo-269.png",1200,675,false],"2048x2048":["https:\/\/radiofenix.com.ar\/2023\/wp-content\/uploads\/2024\/01\/wp-header-logo-269.png",1200,675,false],"newsium-slider-full":["https:\/\/radiofenix.com.ar\/2023\/wp-content\/uploads\/2024\/01\/wp-header-logo-269.png",1200,675,false],"newsium-featured":["https:\/\/radiofenix.com.ar\/2023\/wp-content\/uploads\/2024\/01\/wp-header-logo-269-1024x576.png",1024,576,true],"newsium-medium":["https:\/\/radiofenix.com.ar\/2023\/wp-content\/uploads\/2024\/01\/wp-header-logo-269-720x475.png",720,475,true]},"author_info":{"info":[""]},"category_info":"<a href=\"https:\/\/radiofenix.com.ar\/2023\/category\/sociedad\/\" rel=\"category tag\">Sociedad<\/a>","tag_info":"Sociedad","comment_count":"0","_links":{"self":[{"href":"https:\/\/radiofenix.com.ar\/2023\/wp-json\/wp\/v2\/posts\/192973","targetHints":{"allow":["GET"]}}],"collection":[{"href":"https:\/\/radiofenix.com.ar\/2023\/wp-json\/wp\/v2\/posts"}],"about":[{"href":"https:\/\/radiofenix.com.ar\/2023\/wp-json\/wp\/v2\/types\/post"}],"replies":[{"embeddable":true,"href":"https:\/\/radiofenix.com.ar\/2023\/wp-json\/wp\/v2\/comments?post=192973"}],"version-history":[{"count":0,"href":"https:\/\/radiofenix.com.ar\/2023\/wp-json\/wp\/v2\/posts\/192973\/revisions"}],"wp:featuredmedia":[{"embeddable":true,"href":"https:\/\/radiofenix.com.ar\/2023\/wp-json\/wp\/v2\/media\/192974"}],"wp:attachment":[{"href":"https:\/\/radiofenix.com.ar\/2023\/wp-json\/wp\/v2\/media?parent=192973"}],"wp:term":[{"taxonomy":"category","embeddable":true,"href":"https:\/\/radiofenix.com.ar\/2023\/wp-json\/wp\/v2\/categories?post=192973"},{"taxonomy":"post_tag","embeddable":true,"href":"https:\/\/radiofenix.com.ar\/2023\/wp-json\/wp\/v2\/tags?post=192973"}],"curies":[{"name":"wp","href":"https:\/\/api.w.org\/{rel}","templated":true}]}}