{"id":192989,"date":"2024-01-31T08:57:20","date_gmt":"2024-01-31T08:57:20","guid":{"rendered":"https:\/\/radiofenix.com.ar\/2023\/mas-de-la-mitad-de-la-argentina-con-temperaturas-superiores-a-los-34-grados\/"},"modified":"2024-01-31T08:57:20","modified_gmt":"2024-01-31T08:57:20","slug":"mas-de-la-mitad-de-la-argentina-con-temperaturas-superiores-a-los-34-grados","status":"publish","type":"post","link":"https:\/\/radiofenix.com.ar\/2023\/mas-de-la-mitad-de-la-argentina-con-temperaturas-superiores-a-los-34-grados\/","title":{"rendered":"M\u00e1s de la mitad de la Argentina, con temperaturas superiores a los 34 grados"},"content":{"rendered":"<div>\n<figure class=\"mb-3\"><img decoding=\"async\" src=\"https:\/\/www.telam.com.ar\/thumbs\/bluesteel\/advf\/imagenes\/2023\/12\/6576dd1abb454_1200.jpg\" class=\" lazy \" width=\"100%\" height=\"100%\" alt=\"Foto Gustavo Amarelle\"\/><figcaption> Foto: Gustavo Amarelle <\/figcaption><\/figure>\n<p>\u00a0<strong>M\u00e1s de la mitad del territorio nacional registraba temperaturas por encima de los 34 grados cent\u00edgrados a las 15, seg\u00fan el ranking del Servicio Meteorol\u00f3gico Nacional (SMN)<\/strong> que ubica a la localidad salte\u00f1a Rivadavia como aquella que soportaba el clima m\u00e1s t\u00f3rrido a esa hora, con 42.4, mientras que once provincias est\u00e1n bajo alerta por calor extremo para la jornada.<\/p>\n<p>Inmediatamente despu\u00e9s de Rivadavia, se ubicaron<strong> Las Lomitas <\/strong>en Formosa con 39.6 grados,<strong> Chepes <\/strong>en La Rioja con 38.8 y la ciudad de San Juan con 38.4.<\/p>\n<p><figure class=\"mb-3\"><img decoding=\"async\" src=\"https:\/\/www.telam.com.ar\/thumbs\/bluesteel\/advf\/imagenes\/2024\/01\/65a8491a2c1e4_1200.jpg\" class=\" lazy \" width=\"100%\" height=\"100%\" alt=\"Foto Nacho Snchez\"\/><figcaption> Foto: Nacho S\u00e1nchez <\/figcaption><\/figure>\n<p><\/p>\n<figure class=\"mb-3\"><img decoding=\"async\" src=\"https:\/\/www.telam.com.ar\/thumbs\/bluesteel\/advf\/imagenes\/2024\/01\/65b7e954bab1f.01.2024%20foto%20alejandra%20bartoliche_1200.jpg\" class=\" lazy \" width=\"100%\" height=\"100%\" alt=\"Foto Alejandra Bartoliche\"\/><figcaption> Foto: Alejandra Bartoliche. <\/figcaption><\/figure>\n<p>En tanto, once provincias de Cuyo y el norte de la Patagonia siguen bajo alerta del SMN por calor extremo: <strong>Mendoza, gran parte de Neuqu\u00e9n y R\u00edo Negro, localidades del este de La Pampa y de San Luis, y el sur de Buenos Aires.<\/strong><\/p>\n<p>La alerta de nivel rojo indica que las temperaturas pueden tener un \u201cefecto alto a extremo\u201d en la salud y ser \u201cmuy peligrosas\u201d afectando \u201ca todas las personas, incluso a las saludables\u201d, seg\u00fan la descripci\u00f3n del organismo meteorol\u00f3gico.<\/p>\n<div class=\"jumbotron pt-4 mt-3\">\n<h3 class=\"module-title\">Lunes soleado y con una m\u00e1xima de 30 grados en CABA y el conurbano bonaerense<\/h3>\n<p>Este lunes se presenta en la ciudad de Buenos Aires y alrededores soleado, con vientos del sector norte y con una temperatura estimada en 23 grados de m\u00ednima y 30 de m\u00e1xima, inform\u00f3 el Servicio Meteorol\u00f3gico Nacional (SMN).<\/p>\n<p>El martes se prev\u00e9 una jornada con cielo algo a parcialmente nublado y una temperatura que subir\u00e1 a 23 grados de m\u00ednima y 34 de m\u00e1xima.<\/p>\n<p>El mi\u00e9rcoles, en tanto, se espera cielo parcialmente nublado y una temperatura que se mantendr\u00e1 en 23 grados de m\u00ednima y 34 de m\u00e1xima.<\/p>\n<\/p><\/div>\n<p><figure class=\"mb-3\"><img decoding=\"async\" src=\"https:\/\/www.telam.com.ar\/thumbs\/bluesteel\/advf\/imagenes\/2024\/01\/65b7e9549c2a7.01.2024%20foto%20alejandra%20bartoliche_1200.jpg\" class=\" lazy \" width=\"100%\" height=\"100%\" alt=\"Foto Alejandra Bartoliche\"\/><figcaption> Foto: Alejandra Bartoliche. <\/figcaption><\/figure>\n<\/p>\n<p>En tanto, <strong>varios distritos de San Juan, R\u00edo Negro y Neuqu\u00e9n, as\u00ed como de la provincia de Buenos Aires (norte de Tres Arroyos, de Necochea, de Coronel Dorrego, entre otras) est\u00e1n bajo nivel naranja<\/strong> por temperaturas extremas, que pueden resultar peligrosas para los grupos de riesgo.<\/p>\n<p><figure class=\"mb-3\"><img decoding=\"async\" src=\"https:\/\/www.telam.com.ar\/thumbs\/bluesteel\/advf\/imagenes\/2024\/01\/65b7e9548014f.01.2024%20foto%20ramiro%20gomez_1200.jpg\" class=\" lazy \" width=\"100%\" height=\"100%\" alt=\"Ramiro Gmez\"\/><figcaption> Ramiro G\u00f3mez <\/figcaption><\/figure>\n<p><\/p>\n<figure class=\"mb-3\"><img decoding=\"async\" src=\"https:\/\/www.telam.com.ar\/thumbs\/bluesteel\/advf\/imagenes\/2024\/01\/65b7e954669aa.01.2024%20foto%20ramiro%20gomez_1200.jpg\" class=\" lazy \" width=\"100%\" height=\"100%\" alt=\"Ramiro Gmez\"\/><figcaption> Ramiro G\u00f3mez <\/figcaption><\/figure>\n<p><\/p>\n<figure class=\"mb-3\"><img decoding=\"async\" src=\"https:\/\/www.telam.com.ar\/thumbs\/bluesteel\/advf\/imagenes\/2024\/01\/65b7e9544e163.01.2024%20foto%20ramiro%20gomez_1200.jpg\" class=\" lazy \" width=\"100%\" height=\"100%\" alt=\"Ramiro Gmez\"\/><figcaption> Ramiro G\u00f3mez <\/figcaption><\/figure>\n<p>Adem\u00e1s, rige alerta amarilla para gran parte de <strong>Buenos Aires, La Pampa, San Luis, C\u00f3rdoba, Santiago del Estero, el sur de Santa Cruz y algunas zonas de Entre R\u00edos.<\/strong><\/p>\n<p>En este caso, las temperaturas tendr\u00e1n un efecto leve a moderado en la salud, pero pueden ser pueden ser peligrosas, sobre todo para los grupos de riesgo, como ni\u00f1os y ni\u00f1as, personas mayores de 65 a\u00f1os, con enfermedades cr\u00f3nicas.<\/p>\n<p>En la base del ranking, con la temperatura m\u00e1s baja a las 15 se ubic\u00f3 la capital fueguina con 13\u00b0, seguida por su vecina R\u00edo Grande (19.6\u00b0), la juje\u00f1a La Quiaca (20.5\u00b0) y la santacruce\u00f1a Puerto Deseado (20.8\u00b0).<\/p>\n<p><figure class=\"mb-3\"><img decoding=\"async\" src=\"https:\/\/www.telam.com.ar\/thumbs\/bluesteel\/advf\/imagenes\/2024\/01\/65b7e954187dd_1200.jpg\" class=\" lazy \" width=\"100%\" height=\"100%\" alt=\"Diego Izquierdo\"\/><figcaption> Diego Izquierdo <\/figcaption><\/figure>\n<p><\/p>\n<figure class=\"mb-3\"><img decoding=\"async\" src=\"https:\/\/www.telam.com.ar\/thumbs\/bluesteel\/advf\/imagenes\/2024\/01\/65b7e95435615_1200.jpg\" class=\" lazy \" width=\"100%\" height=\"100%\" alt=\"Diego Izquierdo\"\/><figcaption> Diego Izquierdo <\/figcaption><\/figure>\n<p><\/p>\n<figure class=\"mb-3\"><img decoding=\"async\" src=\"https:\/\/www.telam.com.ar\/thumbs\/bluesteel\/advf\/imagenes\/2024\/01\/65b7e953ed30c.01.2024%20foto%20diego%20izquierdo_1200.jpg\" class=\" lazy \" width=\"100%\" height=\"100%\" alt=\"Diego Izquierdo\"\/><figcaption> Diego Izquierdo <\/figcaption><\/figure>\n<\/p>\n<\/div>\n<p><script async defer crossorigin=\"anonymous\" src=\"https:\/\/connect.facebook.net\/es_LA\/sdk.js#xfbml=1&#038;version=v12.0\" nonce=\"SBlHQzIF\"><\/script><br \/><a href=\"https:\/\/www.telam.com.ar\/notas\/202401\/653743-calor-alerta-servicio-meteorologico-provincias.html\">source<\/a><\/p>\n","protected":false},"excerpt":{"rendered":"<p>Foto: Gustavo Amarelle \u00a0M\u00e1s de la mitad del territorio nacional registraba temperaturas por encima de&#8230;<\/p>\n","protected":false},"author":0,"featured_media":192990,"comment_status":"open","ping_status":"open","sticky":false,"template":"","format":"standard","meta":{"footnotes":""},"categories":[7],"tags":[],"class_list":["post-192989","post","type-post","status-publish","format-standard","has-post-thumbnail","hentry","category-sociedad"],"featured_image_urls":{"full":["https:\/\/radiofenix.com.ar\/2023\/wp-content\/uploads\/2024\/01\/wp-header-logo-277.png",1200,675,false],"thumbnail":["https:\/\/radiofenix.com.ar\/2023\/wp-content\/uploads\/2024\/01\/wp-header-logo-277-150x150.png",150,150,true],"medium":["https:\/\/radiofenix.com.ar\/2023\/wp-content\/uploads\/2024\/01\/wp-header-logo-277-300x169.png",300,169,true],"medium_large":["https:\/\/radiofenix.com.ar\/2023\/wp-content\/uploads\/2024\/01\/wp-header-logo-277-768x432.png",640,360,true],"large":["https:\/\/radiofenix.com.ar\/2023\/wp-content\/uploads\/2024\/01\/wp-header-logo-277-1024x576.png",640,360,true],"1536x1536":["https:\/\/radiofenix.com.ar\/2023\/wp-content\/uploads\/2024\/01\/wp-header-logo-277.png",1200,675,false],"2048x2048":["https:\/\/radiofenix.com.ar\/2023\/wp-content\/uploads\/2024\/01\/wp-header-logo-277.png",1200,675,false],"newsium-slider-full":["https:\/\/radiofenix.com.ar\/2023\/wp-content\/uploads\/2024\/01\/wp-header-logo-277.png",1200,675,false],"newsium-featured":["https:\/\/radiofenix.com.ar\/2023\/wp-content\/uploads\/2024\/01\/wp-header-logo-277-1024x576.png",1024,576,true],"newsium-medium":["https:\/\/radiofenix.com.ar\/2023\/wp-content\/uploads\/2024\/01\/wp-header-logo-277-720x475.png",720,475,true]},"author_info":{"info":[""]},"category_info":"<a href=\"https:\/\/radiofenix.com.ar\/2023\/category\/sociedad\/\" rel=\"category tag\">Sociedad<\/a>","tag_info":"Sociedad","comment_count":"0","_links":{"self":[{"href":"https:\/\/radiofenix.com.ar\/2023\/wp-json\/wp\/v2\/posts\/192989","targetHints":{"allow":["GET"]}}],"collection":[{"href":"https:\/\/radiofenix.com.ar\/2023\/wp-json\/wp\/v2\/posts"}],"about":[{"href":"https:\/\/radiofenix.com.ar\/2023\/wp-json\/wp\/v2\/types\/post"}],"replies":[{"embeddable":true,"href":"https:\/\/radiofenix.com.ar\/2023\/wp-json\/wp\/v2\/comments?post=192989"}],"version-history":[{"count":0,"href":"https:\/\/radiofenix.com.ar\/2023\/wp-json\/wp\/v2\/posts\/192989\/revisions"}],"wp:featuredmedia":[{"embeddable":true,"href":"https:\/\/radiofenix.com.ar\/2023\/wp-json\/wp\/v2\/media\/192990"}],"wp:attachment":[{"href":"https:\/\/radiofenix.com.ar\/2023\/wp-json\/wp\/v2\/media?parent=192989"}],"wp:term":[{"taxonomy":"category","embeddable":true,"href":"https:\/\/radiofenix.com.ar\/2023\/wp-json\/wp\/v2\/categories?post=192989"},{"taxonomy":"post_tag","embeddable":true,"href":"https:\/\/radiofenix.com.ar\/2023\/wp-json\/wp\/v2\/tags?post=192989"}],"curies":[{"name":"wp","href":"https:\/\/api.w.org\/{rel}","templated":true}]}}