{"id":192997,"date":"2024-01-31T08:57:29","date_gmt":"2024-01-31T08:57:29","guid":{"rendered":"https:\/\/radiofenix.com.ar\/2023\/por-la-crisis-la-matanza-debio-reforzar-asistencia-alimentaria-a-jubilados\/"},"modified":"2024-01-31T08:57:29","modified_gmt":"2024-01-31T08:57:29","slug":"por-la-crisis-la-matanza-debio-reforzar-asistencia-alimentaria-a-jubilados","status":"publish","type":"post","link":"https:\/\/radiofenix.com.ar\/2023\/por-la-crisis-la-matanza-debio-reforzar-asistencia-alimentaria-a-jubilados\/","title":{"rendered":"Por la crisis, La Matanza debi\u00f3 reforzar asistencia alimentaria a jubilados"},"content":{"rendered":"<div>\n<figure class=\"mb-3\"><img decoding=\"async\" src=\"https:\/\/www.telam.com.ar\/thumbs\/bluesteel\/advf\/imagenes\/2022\/08\/62f4d91b1d16a_1200.jpg\" class=\" lazy \" width=\"100%\" height=\"100%\" alt=\"La Matanza debi reforzar asistencia alimentaria a jubilados Foto archivo Tlam\"\/><figcaption> La Matanza debi\u00f3 reforzar asistencia alimentaria a jubilados. Foto: archivo T\u00e9lam <\/figcaption><\/figure>\n<p> La Municipalidad de La Matanza precis\u00f3 este martes que debi\u00f3 aumentar la <strong>ayuda alimentaria a las personas mayores<\/strong>, a trav\u00e9s de los centros de jubilados ubicados en las diecisiete ciudades del distrito, \u00abante el incremento de la demanda por la crisis que enfrenta el pa\u00eds, debido a las medidas del mega ajuste del Gobierno nacional\u00bb.<\/p>\n<p>En un comunicado, <strong>el intendente y presidente de la Federaci\u00f3n Argentina de Municipios (FAM), Fernando Espinoza, destac\u00f3 que en las \u00faltimas semanas visit\u00f3 varios centros de jubilados del distrito<\/strong> en los que adem\u00e1s de la realizaci\u00f3n de actividades recreativas y educativas, se asiste en forma alimentaria a 15.000 adultos mayores.<\/p>\n<p>\u00abEntre diciembre y enero la demanda de alimentos en la franja etaria de m\u00e1s de 60 a\u00f1os aument\u00f3 un 25% como parte de las consecuencias de las pol\u00edticas econ\u00f3micas que est\u00e1 tomando el nuevo gobierno y que tienen un impacto directo en la cotidianeidad de las jubiladas y jubilados\u00bb, se remarc\u00f3 en el texto.<\/p>\n<blockquote class=\"twitter-tweet\">\n<p lang=\"es\" dir=\"ltr\">Visitamos el centro de jubilados \u201cMiradas al futuro\u201d en Tapiales, con muchas ganas de seguir impulsando actividades recreativas que atiendan la salud f\u00edsica y mental en pos de una vida m\u00e1s saludable. <a href=\"https:\/\/t.co\/UBfcKDe2uY\">pic.twitter.com\/UBfcKDe2uY<\/a><\/p>\n<p>\u2014 Fernando Espinoza (@FerEspinozaOK) <a href=\"https:\/\/twitter.com\/FerEspinozaOK\/status\/1752359804658483267?ref_src=twsrc%5Etfw\">January 30, 2024<\/a><\/p><\/blockquote>\n<p> \u201cEn estos momentos tan dif\u00edciles y complejos que estamos viviendo en Argentina, nosotros acompa\u00f1amos mucho m\u00e1s de cerca a nuestros adultos mayores\u201d, expres\u00f3 el jefe comunal.<\/p>\n<p>Detall\u00f3 que <strong>en La Matanza existen m\u00e1s de 200 centros de jubilados<\/strong> y precis\u00f3 que se trabaja \u00abmancomunadamente con ellos todos los d\u00edas a trav\u00e9s de diferentes actividades culturales, recreativas y de aprendizaje para promover un espacio de encuentro entre nuestros adultos mayores\u201d.<\/p>\n<p>\u201cAdem\u00e1s, actualmente se increment\u00f3 la demanda alimentaria en un 25% durante los \u00faltimos dos meses como consecuencia de las acciones econ\u00f3micas que est\u00e1 tomando el nuevo gobierno nacional, por lo cual pasamos de asistir 12.000 abuelos y jubilados a brindar alimentos para 15.000 personas mayores\u201d, apunt\u00f3.<\/p>\n<p>En ese marco,<strong> el jefe comunal destac\u00f3: \u00abNosotros vamos a estar siempre al lado de nuestro pueblo, de nuestros jubilados y jubiladas, y de toda nuestra gente, para que no les quiten un solo derecho m\u00e1s\u201d.<\/strong> <\/p>\n<\/div>\n<p><script async src=\"\/\/platform.twitter.com\/widgets.js\" charset=\"utf-8\"><\/script><script async defer crossorigin=\"anonymous\" src=\"https:\/\/connect.facebook.net\/es_LA\/sdk.js#xfbml=1&#038;version=v12.0\" nonce=\"SBlHQzIF\"><\/script><br \/><a href=\"https:\/\/www.telam.com.ar\/notas\/202401\/653889-la-matanza-asistencia-alimentaria-jubilados.html\">source<\/a><\/p>\n","protected":false},"excerpt":{"rendered":"<p>La Matanza debi\u00f3 reforzar asistencia alimentaria a jubilados. Foto: archivo T\u00e9lam La Municipalidad de La&#8230;<\/p>\n","protected":false},"author":0,"featured_media":192998,"comment_status":"open","ping_status":"open","sticky":false,"template":"","format":"standard","meta":{"footnotes":""},"categories":[2],"tags":[],"class_list":["post-192997","post","type-post","status-publish","format-standard","has-post-thumbnail","hentry","category-politica"],"featured_image_urls":{"full":["https:\/\/radiofenix.com.ar\/2023\/wp-content\/uploads\/2024\/01\/wp-header-logo-281.png",1200,675,false],"thumbnail":["https:\/\/radiofenix.com.ar\/2023\/wp-content\/uploads\/2024\/01\/wp-header-logo-281-150x150.png",150,150,true],"medium":["https:\/\/radiofenix.com.ar\/2023\/wp-content\/uploads\/2024\/01\/wp-header-logo-281-300x169.png",300,169,true],"medium_large":["https:\/\/radiofenix.com.ar\/2023\/wp-content\/uploads\/2024\/01\/wp-header-logo-281-768x432.png",640,360,true],"large":["https:\/\/radiofenix.com.ar\/2023\/wp-content\/uploads\/2024\/01\/wp-header-logo-281-1024x576.png",640,360,true],"1536x1536":["https:\/\/radiofenix.com.ar\/2023\/wp-content\/uploads\/2024\/01\/wp-header-logo-281.png",1200,675,false],"2048x2048":["https:\/\/radiofenix.com.ar\/2023\/wp-content\/uploads\/2024\/01\/wp-header-logo-281.png",1200,675,false],"newsium-slider-full":["https:\/\/radiofenix.com.ar\/2023\/wp-content\/uploads\/2024\/01\/wp-header-logo-281.png",1200,675,false],"newsium-featured":["https:\/\/radiofenix.com.ar\/2023\/wp-content\/uploads\/2024\/01\/wp-header-logo-281-1024x576.png",1024,576,true],"newsium-medium":["https:\/\/radiofenix.com.ar\/2023\/wp-content\/uploads\/2024\/01\/wp-header-logo-281-720x475.png",720,475,true]},"author_info":{"info":[""]},"category_info":"<a href=\"https:\/\/radiofenix.com.ar\/2023\/category\/politica\/\" rel=\"category tag\">Pol\u00edtica<\/a>","tag_info":"Pol\u00edtica","comment_count":"0","_links":{"self":[{"href":"https:\/\/radiofenix.com.ar\/2023\/wp-json\/wp\/v2\/posts\/192997","targetHints":{"allow":["GET"]}}],"collection":[{"href":"https:\/\/radiofenix.com.ar\/2023\/wp-json\/wp\/v2\/posts"}],"about":[{"href":"https:\/\/radiofenix.com.ar\/2023\/wp-json\/wp\/v2\/types\/post"}],"replies":[{"embeddable":true,"href":"https:\/\/radiofenix.com.ar\/2023\/wp-json\/wp\/v2\/comments?post=192997"}],"version-history":[{"count":0,"href":"https:\/\/radiofenix.com.ar\/2023\/wp-json\/wp\/v2\/posts\/192997\/revisions"}],"wp:featuredmedia":[{"embeddable":true,"href":"https:\/\/radiofenix.com.ar\/2023\/wp-json\/wp\/v2\/media\/192998"}],"wp:attachment":[{"href":"https:\/\/radiofenix.com.ar\/2023\/wp-json\/wp\/v2\/media?parent=192997"}],"wp:term":[{"taxonomy":"category","embeddable":true,"href":"https:\/\/radiofenix.com.ar\/2023\/wp-json\/wp\/v2\/categories?post=192997"},{"taxonomy":"post_tag","embeddable":true,"href":"https:\/\/radiofenix.com.ar\/2023\/wp-json\/wp\/v2\/tags?post=192997"}],"curies":[{"name":"wp","href":"https:\/\/api.w.org\/{rel}","templated":true}]}}