{"id":193039,"date":"2024-02-02T08:57:28","date_gmt":"2024-02-02T08:57:28","guid":{"rendered":"https:\/\/radiofenix.com.ar\/2023\/los-rebeldes-de-yemen-reivindicaron-el-ataque-con-misiles-a-un-barco-estadounidense\/"},"modified":"2024-02-02T08:57:28","modified_gmt":"2024-02-02T08:57:28","slug":"los-rebeldes-de-yemen-reivindicaron-el-ataque-con-misiles-a-un-barco-estadounidense","status":"publish","type":"post","link":"https:\/\/radiofenix.com.ar\/2023\/los-rebeldes-de-yemen-reivindicaron-el-ataque-con-misiles-a-un-barco-estadounidense\/","title":{"rendered":"Los rebeldes de Yemen reivindicaron el ataque con misiles a un barco estadounidense"},"content":{"rendered":"<div>\n<figure class=\"mb-3\"><img decoding=\"async\" src=\"https:\/\/www.telam.com.ar\/thumbs\/bluesteel\/advf\/imagenes\/2024\/01\/65ba3fb0c5d73_1200.jpg\" class=\" lazy \" width=\"100%\" height=\"100%\" alt=\"Foto AFP\"\/><figcaption> Foto: AFP <\/figcaption><\/figure>\n<p> Rebeldes de Yemen alineados con Ir\u00e1n afirmaron haber disparado \u00abvarios\u00bb misiles contra un buque de guerra estadounidense en el mar Rojo, horas despu\u00e9s de que Washington report\u00f3 el derribo de un misil.<\/p>\n<p><strong>\u00abLa marina de las Fuerzas Armadas Yemen\u00edes, con ayuda de Dios Todopoderoso, dispar\u00f3 varios (&#8230;) misiles navales contra el destructor estadounidense USS Gravely en el mar Rojo\u00bb<\/strong>, indicaron los rebeldes hut\u00edes de Yemen en un comunicado.<\/p>\n<p>Horas antes, el Comando Central estadounidense (Centcom) dijo que el barco USS Gravely derrib\u00f3 un misil hut\u00ed en el mar Rojo<\/p>\n<p>\u00abRebeldes hut\u00edes apoyados por Ir\u00e1n dispararon un misil crucero antibuque al mar Rojo desde zonas de Yemen controladas por los hut\u00edes\u00bb, indic\u00f3 el Centcom en un comunicado, inform\u00f3 la agencia de noticias AFP<\/p>\n<p><figure class=\"mb-3\"><img decoding=\"async\" src=\"https:\/\/www.telam.com.ar\/thumbs\/bluesteel\/advf\/imagenes\/2024\/01\/65ba3fb0a6774_1200.jpg\" class=\" lazy \" width=\"100%\" height=\"100%\" alt=\"Foto AFP\"\/><figcaption> Foto: AFP <\/figcaption><\/figure>\n<\/p>\n<p>\u00abEl misil fue derribado por el USS Gravely. No se reportaron heridos o da\u00f1os\u00bb, agreg\u00f3.<\/p>\n<p>Los hut\u00edes anunciaron y lanzaron una campa\u00f1a de ataques contra intereses de Israel y Estados Unidos en Medio Oriente en rechazo a la ofensiva israel\u00ed contra el movimiento islamista Hamas en los territorios palestinos de la Franja de Gaza, que es apoyada por Washington.<\/p>\n<p><figure class=\"mb-3\"><img decoding=\"async\" src=\"https:\/\/www.telam.com.ar\/thumbs\/bluesteel\/advf\/imagenes\/2024\/01\/65ba3fb0d5758_1200.jpg\" class=\" lazy \" width=\"100%\" height=\"100%\" alt=\"Foto AFP\"\/><figcaption> Foto: AFP <\/figcaption><\/figure>\n<p>Los hut\u00edes, parte del llamado \u00abeje de resistencia\u00bb antioccidental y antiisrael\u00ed formado por grupos y milicias de Medio Oriente apoyados por Ir\u00e1n, hostigan desde hace meses la navegaci\u00f3n en el mar Rojo, lo que ha dado lugar a ataques de represalia de Estados Unidos y Reino Unido.<\/p>\n<p>Los hut\u00edes controlan extensas zonas de Yemen, donde libran una guerra contra el Gobierno y resisten una ofensiva de Arabia Saudita y otros pa\u00edses \u00e1rabes del golfo P\u00e9rsico que rivalizan con Ir\u00e1n en la regi\u00f3n.<\/p>\n<p><figure class=\"mb-3\"><img decoding=\"async\" src=\"https:\/\/www.telam.com.ar\/thumbs\/bluesteel\/advf\/imagenes\/2024\/01\/65ba3fb0b70d3_1200.jpg\" class=\" lazy \" width=\"100%\" height=\"100%\" alt=\"Foto AFP\"\/><figcaption> Foto: AFP <\/figcaption><\/figure>\n<\/p>\n<p><figure class=\"mb-3\"><img decoding=\"async\" src=\"https:\/\/www.telam.com.ar\/thumbs\/bluesteel\/advf\/imagenes\/2024\/01\/65ba3fb0e3c7b_1200.jpg\" class=\" lazy \" width=\"100%\" height=\"100%\" alt=\"Foto AFP\"\/><figcaption> Foto: AFP <\/figcaption><\/figure>\n<\/p>\n<\/div>\n<p><script async defer crossorigin=\"anonymous\" src=\"https:\/\/connect.facebook.net\/es_LA\/sdk.js#xfbml=1&#038;version=v12.0\" nonce=\"SBlHQzIF\"><\/script><br \/><a href=\"https:\/\/www.telam.com.ar\/notas\/202401\/653968-rebeldes-yemen.html\">source<\/a><\/p>\n","protected":false},"excerpt":{"rendered":"<p>Foto: AFP Rebeldes de Yemen alineados con Ir\u00e1n afirmaron haber disparado \u00abvarios\u00bb misiles contra un&#8230;<\/p>\n","protected":false},"author":0,"featured_media":193040,"comment_status":"open","ping_status":"open","sticky":false,"template":"","format":"standard","meta":{"footnotes":""},"categories":[60],"tags":[],"class_list":["post-193039","post","type-post","status-publish","format-standard","has-post-thumbnail","hentry","category-internacional"],"featured_image_urls":{"full":["https:\/\/radiofenix.com.ar\/2023\/wp-content\/uploads\/2024\/02\/wp-header-logo-18.png",1200,675,false],"thumbnail":["https:\/\/radiofenix.com.ar\/2023\/wp-content\/uploads\/2024\/02\/wp-header-logo-18-150x150.png",150,150,true],"medium":["https:\/\/radiofenix.com.ar\/2023\/wp-content\/uploads\/2024\/02\/wp-header-logo-18-300x169.png",300,169,true],"medium_large":["https:\/\/radiofenix.com.ar\/2023\/wp-content\/uploads\/2024\/02\/wp-header-logo-18-768x432.png",640,360,true],"large":["https:\/\/radiofenix.com.ar\/2023\/wp-content\/uploads\/2024\/02\/wp-header-logo-18-1024x576.png",640,360,true],"1536x1536":["https:\/\/radiofenix.com.ar\/2023\/wp-content\/uploads\/2024\/02\/wp-header-logo-18.png",1200,675,false],"2048x2048":["https:\/\/radiofenix.com.ar\/2023\/wp-content\/uploads\/2024\/02\/wp-header-logo-18.png",1200,675,false],"newsium-slider-full":["https:\/\/radiofenix.com.ar\/2023\/wp-content\/uploads\/2024\/02\/wp-header-logo-18.png",1200,675,false],"newsium-featured":["https:\/\/radiofenix.com.ar\/2023\/wp-content\/uploads\/2024\/02\/wp-header-logo-18-1024x576.png",1024,576,true],"newsium-medium":["https:\/\/radiofenix.com.ar\/2023\/wp-content\/uploads\/2024\/02\/wp-header-logo-18-720x475.png",720,475,true]},"author_info":{"info":[""]},"category_info":"<a href=\"https:\/\/radiofenix.com.ar\/2023\/category\/internacional\/\" rel=\"category tag\">Internacional<\/a>","tag_info":"Internacional","comment_count":"0","_links":{"self":[{"href":"https:\/\/radiofenix.com.ar\/2023\/wp-json\/wp\/v2\/posts\/193039","targetHints":{"allow":["GET"]}}],"collection":[{"href":"https:\/\/radiofenix.com.ar\/2023\/wp-json\/wp\/v2\/posts"}],"about":[{"href":"https:\/\/radiofenix.com.ar\/2023\/wp-json\/wp\/v2\/types\/post"}],"replies":[{"embeddable":true,"href":"https:\/\/radiofenix.com.ar\/2023\/wp-json\/wp\/v2\/comments?post=193039"}],"version-history":[{"count":0,"href":"https:\/\/radiofenix.com.ar\/2023\/wp-json\/wp\/v2\/posts\/193039\/revisions"}],"wp:featuredmedia":[{"embeddable":true,"href":"https:\/\/radiofenix.com.ar\/2023\/wp-json\/wp\/v2\/media\/193040"}],"wp:attachment":[{"href":"https:\/\/radiofenix.com.ar\/2023\/wp-json\/wp\/v2\/media?parent=193039"}],"wp:term":[{"taxonomy":"category","embeddable":true,"href":"https:\/\/radiofenix.com.ar\/2023\/wp-json\/wp\/v2\/categories?post=193039"},{"taxonomy":"post_tag","embeddable":true,"href":"https:\/\/radiofenix.com.ar\/2023\/wp-json\/wp\/v2\/tags?post=193039"}],"curies":[{"name":"wp","href":"https:\/\/api.w.org\/{rel}","templated":true}]}}