{"id":193041,"date":"2024-02-02T08:57:30","date_gmt":"2024-02-02T08:57:30","guid":{"rendered":"https:\/\/radiofenix.com.ar\/2023\/la-madre-de-tomas-tello-pide-una-condena-ejemplar-para-los-asesinos\/"},"modified":"2024-02-02T08:57:30","modified_gmt":"2024-02-02T08:57:30","slug":"la-madre-de-tomas-tello-pide-una-condena-ejemplar-para-los-asesinos","status":"publish","type":"post","link":"https:\/\/radiofenix.com.ar\/2023\/la-madre-de-tomas-tello-pide-una-condena-ejemplar-para-los-asesinos\/","title":{"rendered":"La madre de Tom\u00e1s Tello pide una &quot;condena ejemplar&quot; para los asesinos"},"content":{"rendered":"<div>\n<figure class=\"mb-3\"><img decoding=\"async\" src=\"https:\/\/www.telam.com.ar\/thumbs\/bluesteel\/advf\/imagenes\/2024\/01\/65948a0388c84_1200.jpg\" class=\" lazy \" width=\"100%\" height=\"100%\" alt=\"La vctima Foto Redes \"\/><figcaption> La v\u00edctima. \/Foto: Redes. <\/figcaption><\/figure>\n<p> La madre de Tom\u00e1s Tello, el joven de 18 a\u00f1os asesinado a pu\u00f1aladas por una patota durante los festejos en A\u00f1o Nuevo en la localidad balnearia de Santa Teresita, dijo este jueves, al cumplirse un mes del crimen, que <strong>espera una \u00abcondena ejemplar\u00bb para los responsables del homicidio por \u00abtodo el da\u00f1o\u00bb que causaron.<\/strong><\/p>\n<p>\u00abYo espero sea una condena ejemplar y que (los acusados) tengan la pena que realmente merecen, por todo el da\u00f1o que hicieron\u00bb, se\u00f1al\u00f3 esta tarde a T\u00e9lam Samanta Ferreira, quien, a su vez, <strong>aguarda que la Justicia se expida sobre el pedido de prisi\u00f3n preventiva para 14 de los 16 sospechosos detenidos.<\/strong><\/p>\n<p><strong>El requerimiento fue efectuado el lunes pasado por el fiscal de la causa, Pablo Gamaleri,<\/strong> de la Unidad Funcional de Instrucci\u00f3n (UFI) 1 de Mar de Aj\u00f3; al juez de Garant\u00edas 4 de Dolores, Diego Olivera Zapiola; quien esta tarde esta no lo hab\u00eda resuelto.<\/p>\n<p>\u00abLa investigaci\u00f3n va por buen camino y estamos esperando que el juez dicte la preventiva hasta el d\u00eda del juicio\u00bb, dijo la madre de Tom\u00e1s, quien cree que ya \u00abest\u00e1n todos\u00bb los responsables presos.<\/p>\n<p><strong>\u00abQuiero creer en la palabra de los testigos y en toda la prueba f\u00edlmica\u00bb<\/strong>, indic\u00f3 Samanta, que destac\u00f3 que el fiscal trabaj\u00f3 \u00abmuy bien\u00bb desde el primer d\u00eda, y que tanto \u00e9l como sus abogados avanzaron \u00abmuy r\u00e1pido\u00bb.<\/p>\n<h2 class=\"\">Una movlizaci\u00f3n<\/h2>\n<p>\u00a0La mujer hizo declaraciones a esta agencia antes de participar de una marcha convocada para esta tarde en memoria de su hijo y en demanda de justicia.<\/p>\n<p><figure class=\"mb-3\"><img decoding=\"async\" src=\"https:\/\/www.telam.com.ar\/thumbs\/bluesteel\/advf\/imagenes\/2024\/01\/65997dc28c222_1200.jpg\" class=\" lazy \" width=\"100%\" height=\"100%\" alt=\"Una de las detenciones \"\/><figcaption> Una de las detenciones. <\/figcaption><\/figure>\n<p>M\u00e1s temprano, <strong>la mujer public\u00f3 en la red social Facebook un mensaje dirigido a su hijo, junto a un par de fotograf\u00edas de \u00e9l.<\/strong><\/p>\n<p>\u00abY si alguien hoy me concediera un \u00fanico deseo, sin dudar pedir\u00eda que bajes todo un d\u00eda y lo compartas solo conmigo&#8230;Un mes sin vos, amor de madre&#8230;. Un mes&#8230;Sin un mensaje sin un abrazo de oso de esos grandes que dabas vos, un mes sin nuestra mateada y charlas\u00bb, expres\u00f3 en ese texto.<\/p>\n<p>Y continu\u00f3: \u00abTe extra\u00f1\u00e9 y te extra\u00f1o como jam\u00e1s imagin\u00e9 que se pod\u00eda extra\u00f1ar hijo&#8230; Espero que est\u00e9s donde est\u00e9s puedas descansar en paz amor m\u00edo, ac\u00e1 vamos a mover cielo y tierra para que vos tengas la justicia que te mereces y cada uno de los animales que te arrebataron la vida pague por todo el da\u00f1o y el sufrimiento que te caus\u00f3 vida m\u00eda.\u00bb<\/p>\n<p>\u00abEso te lo asegura mam\u00e1&#8230;Te amo y te llevo todos los d\u00edas conmigo hijo!!\u00bb, concluy\u00f3 Samanta, quien anunci\u00f3 para esta tarde a las 18 una marcha en memoria de Tom\u00e1s.<\/p>\n<p>La movilizaci\u00f3n se realizar\u00e1 en calle 32 y Costanera de Santa Teresita, y la madre de la v\u00edctima pidi\u00f3 que \u00abmuy pac\u00edfica\u00bb.<\/p>\n<h2 class=\"\">Los argumentos del fiscal<\/h2>\n<p>\u00a0De acuerdo con su requerimiento, <strong>el fiscal pidi\u00f3 la prisi\u00f3n preventiva para los cuatro acusados como \u00abcoautores\u00bb, entre ellos Dami\u00e1n \u00abKope\u00bb Kopelian (27)<\/strong>, presunto autor material de la pu\u00f1alada mortal; y para diez de los doce acusados como \u00abpart\u00edcipes necesarios\u00bb, mientras que pidi\u00f3 la excarcelaci\u00f3n de los otros dos.<\/p>\n<p>En un escrito de casi 280 p\u00e1ginas, Gamaleri consider\u00f3 que \u00abexisten elementos suficientes y motivos bastantes para sospechar\u00bb que Kopelian, Federico Gonzalo Brand\u00e1n (23), Roberto Nicol\u00e1s de Jes\u00fas Ochoa (27) y Carlos Amestoy (29), \u00abhan participado\u00bb como coautores del delito de \u00abhomicidio agravado por haber sido cometido con alevos\u00eda y por el concurso premeditado de dos o m\u00e1s personas\u00bb.<\/p>\n<p>El pedido alcanz\u00f3 tambi\u00e9n a Avedis Kopelian (57) -padre de \u00abEl Kope\u00bb-, Diego Roberto Cejas (30), Carlos Nahuel Flecha (28), Octavio Brian Cejas (23), Juli\u00e1n Agust\u00edn Cejas (24), Lucas Carrillo (18), Alexis Gonz\u00e1lez (18), Dylan Dami\u00e1n Morel (18), Dylan Agust\u00edn Ch\u00e1vez (18) e Iv\u00e1n Ezequiel Canaveri (25); respecto de quienes sostuvo que \u00abhan participado en la comisi\u00f3n\u00bb del crimen \u00aben car\u00e1cter de participes necesarios\u00bb.<\/p>\n<p>En los casos de los restantes dos detenidos, Aram Kopeli\u00e1n (27), hermano del principal acusado; y Dar\u00edo Espinosa (33), el fiscal solicit\u00f3 al juez Olivera Zapiola que disponga su libertad, aunque aclar\u00f3 que la \u00abimputaci\u00f3n se ha de sostener, y que el presente no ha de implicar sobreseimiento alguno de los nombrados\u00bb.<\/p>\n<p>En ese sentido, <strong>Gamaleri consider\u00f3 que \u00ablos elementos probatorios aunados en la presente en funci\u00f3n\u00bb de esos dos imputados \u00abno han de ser suficientes\u00bb para solicitar su prisi\u00f3n preventiva.<\/strong><\/p>\n<p>En cuanto al resto de los detenidos, entendi\u00f3 que la \u00abmedida resulta proporcionada con fundamento en la existencia de los riesgos procesales\u00bb, por tratarse de un delito penado con prisi\u00f3n perpetua, y que \u00aben relaci\u00f3n a los elementos probatorios habidos en contra\u00bb de ellos, \u00abclaramente se ha de ver un profundo incremento en los riesgos de elusi\u00f3n\u00bb.<\/p>\n<p>Y subray\u00f3 \u00ablas caracter\u00edsticas del hecho atribuido\u00bb, \u00ablos v\u00ednculos habidos entre los imputados, sus condiciones personales y las circunstancias particulares de la presente investigaci\u00f3n\u00bb, as\u00ed como \u00abla fuga emprendida por la totalidad\u00bb de los acusados tras el crimen, \u00abcuyo extremo ha de demostrar claramente la involuntariedad de someterse al proceso penal intentando eludir el accionar de la justicia\u00bb.<\/p>\n<p><figure class=\"mb-3\"><img decoding=\"async\" src=\"https:\/\/www.telam.com.ar\/thumbs\/bluesteel\/advf\/imagenes\/2024\/01\/659493a6a52ad_1200.jpg\" class=\" lazy \" width=\"100%\" height=\"100%\" alt=\"Los padres de Toms Foto Diego Izquierdo \"\/><figcaption> Los padres de Tom\u00e1s. \/Foto: Diego Izquierdo. <\/figcaption><\/figure>\n<p>De acuerdo con el pedido presentado por el fiscal, <strong>Tello (18) fue atacado a las 7.10 del 1 de enero en la zona de playas de Santa Teresita, en Costanera y calle 38, por \u00abEl Kope\u00bb, Brand\u00e1n, Ochoa y Amestoy.<\/strong><\/p>\n<p>Para la fiscal\u00eda, <strong>esos cuatro acusados actuaron luego de \u00aburdir un plan de antemano con el fin de dar muerte\u00bb a la v\u00edctima, a ra\u00edz de \u00abuna disputa previa ocurrida el d\u00eda 23 de diciembre del 2023\u00bb.<\/strong><\/p>\n<p>Seg\u00fan la instrucci\u00f3n, los acusados actuaron \u00abcontando para ello con la colaboraci\u00f3n de al menos otros doce sujetos adultos\u00bb.<\/p>\n<p>Gamaleri precis\u00f3 que los acusados \u00abincreparon\u00bb a Tello en la playa mientras estaba con su novia y un amigo, con expresiones como \u00abp\u00e1rense de mano, vamos a pelear hijos de puta, los vamos a cagar a trompadas, parate de mano\u00bb y \u00abmir\u00e1 c\u00f3mo te regal\u00e1s\u00bb.<\/p>\n<p>A su vez, al menos uno de los acusados exhibi\u00f3 \u00abun arma blanca\u00bb y en ese momento la v\u00edctima trat\u00f3 de escapar, pero fue perseguido seis cuadras, hasta que fue acorralada y atacada nuevamente en el porche de ingreso de una vivienda sobre la calle 44 al 100.<\/p>\n<p>\u00abAcorralaron a la v\u00edctima en el pasillo de entrada de la vivienda sita en dicho numeral, y se turnaron para atacarlo a golpes de puntapi\u00e9s, pu\u00f1os, piedras y botellazos, en la cabeza y en el cuerpo, mientras que a su vez imped\u00edan simult\u00e1neamente que sus amigos pudieran socorrerlo\u00bb, describi\u00f3 el fiscal.<\/p>\n<p>De acuerdo a esa secuencia, el principal acusado le provoc\u00f3 a Tello \u00abuna herida fatal corto punzante a la altura del estern\u00f3n con un arma blanca\u00bb. <\/p>\n<\/div>\n<p><script async defer crossorigin=\"anonymous\" src=\"https:\/\/connect.facebook.net\/es_LA\/sdk.js#xfbml=1&#038;version=v12.0\" nonce=\"SBlHQzIF\"><\/script><br \/><a href=\"https:\/\/www.telam.com.ar\/notas\/202402\/654134-crimen-tomas-tello-santa-teresita.html\">source<\/a><\/p>\n","protected":false},"excerpt":{"rendered":"<p>La v\u00edctima. \/Foto: Redes. La madre de Tom\u00e1s Tello, el joven de 18 a\u00f1os asesinado&#8230;<\/p>\n","protected":false},"author":0,"featured_media":193042,"comment_status":"open","ping_status":"open","sticky":false,"template":"","format":"standard","meta":{"footnotes":""},"categories":[64],"tags":[],"class_list":["post-193041","post","type-post","status-publish","format-standard","has-post-thumbnail","hentry","category-policiales"],"featured_image_urls":{"full":["https:\/\/radiofenix.com.ar\/2023\/wp-content\/uploads\/2024\/02\/wp-header-logo-19.png",1200,675,false],"thumbnail":["https:\/\/radiofenix.com.ar\/2023\/wp-content\/uploads\/2024\/02\/wp-header-logo-19-150x150.png",150,150,true],"medium":["https:\/\/radiofenix.com.ar\/2023\/wp-content\/uploads\/2024\/02\/wp-header-logo-19-300x169.png",300,169,true],"medium_large":["https:\/\/radiofenix.com.ar\/2023\/wp-content\/uploads\/2024\/02\/wp-header-logo-19-768x432.png",640,360,true],"large":["https:\/\/radiofenix.com.ar\/2023\/wp-content\/uploads\/2024\/02\/wp-header-logo-19-1024x576.png",640,360,true],"1536x1536":["https:\/\/radiofenix.com.ar\/2023\/wp-content\/uploads\/2024\/02\/wp-header-logo-19.png",1200,675,false],"2048x2048":["https:\/\/radiofenix.com.ar\/2023\/wp-content\/uploads\/2024\/02\/wp-header-logo-19.png",1200,675,false],"newsium-slider-full":["https:\/\/radiofenix.com.ar\/2023\/wp-content\/uploads\/2024\/02\/wp-header-logo-19.png",1200,675,false],"newsium-featured":["https:\/\/radiofenix.com.ar\/2023\/wp-content\/uploads\/2024\/02\/wp-header-logo-19-1024x576.png",1024,576,true],"newsium-medium":["https:\/\/radiofenix.com.ar\/2023\/wp-content\/uploads\/2024\/02\/wp-header-logo-19-720x475.png",720,475,true]},"author_info":{"info":[""]},"category_info":"<a href=\"https:\/\/radiofenix.com.ar\/2023\/category\/policiales\/\" rel=\"category tag\">Policiales<\/a>","tag_info":"Policiales","comment_count":"0","_links":{"self":[{"href":"https:\/\/radiofenix.com.ar\/2023\/wp-json\/wp\/v2\/posts\/193041","targetHints":{"allow":["GET"]}}],"collection":[{"href":"https:\/\/radiofenix.com.ar\/2023\/wp-json\/wp\/v2\/posts"}],"about":[{"href":"https:\/\/radiofenix.com.ar\/2023\/wp-json\/wp\/v2\/types\/post"}],"replies":[{"embeddable":true,"href":"https:\/\/radiofenix.com.ar\/2023\/wp-json\/wp\/v2\/comments?post=193041"}],"version-history":[{"count":0,"href":"https:\/\/radiofenix.com.ar\/2023\/wp-json\/wp\/v2\/posts\/193041\/revisions"}],"wp:featuredmedia":[{"embeddable":true,"href":"https:\/\/radiofenix.com.ar\/2023\/wp-json\/wp\/v2\/media\/193042"}],"wp:attachment":[{"href":"https:\/\/radiofenix.com.ar\/2023\/wp-json\/wp\/v2\/media?parent=193041"}],"wp:term":[{"taxonomy":"category","embeddable":true,"href":"https:\/\/radiofenix.com.ar\/2023\/wp-json\/wp\/v2\/categories?post=193041"},{"taxonomy":"post_tag","embeddable":true,"href":"https:\/\/radiofenix.com.ar\/2023\/wp-json\/wp\/v2\/tags?post=193041"}],"curies":[{"name":"wp","href":"https:\/\/api.w.org\/{rel}","templated":true}]}}