{"id":193055,"date":"2024-02-02T20:32:08","date_gmt":"2024-02-02T20:32:08","guid":{"rendered":"https:\/\/radiofenix.com.ar\/2023\/detuvieron-a-dos-personas-por-el-crimen-de-un-hombre-en-lujan-de-cuyo\/"},"modified":"2024-02-02T20:32:08","modified_gmt":"2024-02-02T20:32:08","slug":"detuvieron-a-dos-personas-por-el-crimen-de-un-hombre-en-lujan-de-cuyo","status":"publish","type":"post","link":"https:\/\/radiofenix.com.ar\/2023\/detuvieron-a-dos-personas-por-el-crimen-de-un-hombre-en-lujan-de-cuyo\/","title":{"rendered":"Detuvieron a dos personas por el crimen de un hombre en Luj\u00e1n de Cuyo"},"content":{"rendered":"<div>\n<figure class=\"mb-3\"><img decoding=\"async\" src=\"https:\/\/www.telam.com.ar\/thumbs\/bluesteel\/advf\/imagenes\/2021\/05\/60afdaded27e3_1200.jpg\" class=\" lazy \" width=\"100%\" height=\"100%\" alt=\"Foto Archivo\"\/><figcaption> Foto: Archivo. <\/figcaption><\/figure>\n<p>Dos hermanos fueron detenidos como acusados de participar del crimen de N\u00e9stor Ezequiel Magallanes Aguirre (33), asesinado a balazos el pasado mi\u00e9rcoles en una calle de la localidad mendocina de Lujan de Cuyo, hecho por el cual ya hab\u00eda otro apresado, informaron hoy fuentes policiales y judiciales.<\/p>\n<p>Se trata de <strong>Jorge (25) y Antonio Palma (24)<\/strong>, sospechosos del<strong> ataque a balazos cometido contra Ezequiel Magallanes. <\/strong>Ambos<strong>\u00a0<\/strong>fueron detenidos el lunes durante un operativo en el distrito El Carrizal, de la localidad de Lujan de Cuyo, a unos 60 kil\u00f3metros de la capital provincial.<\/p>\n<p>Por el hecho, la polic\u00eda de Investigaciones detuvo el pasado viernes en la localidad mendocina de Maip\u00fa a <strong>Agust\u00edn Lucero (19), cu\u00f1ado de los hermanos Palma<\/strong> y se\u00f1alado como autor de los disparos.<\/p>\n<p>Los tres detenidos quedaron a disposici\u00f3n de la fiscal\u00eda de Homicidios y<strong> se espera que en las pr\u00f3ximas horas sean imputados por la fiscal Claudia R\u00edos<\/strong> por el delito de \u00abhomicidio agravado por el uso de arma de fuego\u00bb, indicaron las fuentes.<\/p>\n<h2 class=\"\">El crimen de Ezequiel Magallanes<\/h2>\n<p>El hecho ocurri\u00f3 la noche del mi\u00e9rcoles 24 de enero, en el interior del barrio Las Margaritas, de Lujan de Cuyo, cuando la v\u00edctima y su hermano salieron de la vivienda 5, de la manzana E, con direcci\u00f3n a una despensa cercana.<\/p>\n<p>En este escenario fue que<strong> ambos fueron interceptados por los hermanos Palma y el cu\u00f1ado de estos con quienes manten\u00edan problemas de vieja data<\/strong>, por lo que comenz\u00f3 una discusi\u00f3n que desencaden\u00f3 en una balacera que termin\u00f3 con los hermanos Magallanes heridos a balazos en el suelo.<\/p>\n<p>En tanto,<strong> los atacantes escaparon del lugar en un autom\u00f3vil Peugeot 504 bord\u00f3<\/strong>, seg\u00fan arrojaron las averiguaciones llevadas a cabo en ese momento.<\/p>\n<p>Un llamado a la l\u00ednea de emergencia alert\u00f3 sobre el hecho a la polic\u00eda y una ambulancia del Servicio de Emergencia Coordinado (SEC) lleg\u00f3 al lugar y asisti\u00f3 a los Magallanes.<\/p>\n<p><strong>El m\u00e9dico le realiz\u00f3 maniobras de RCP a Ezequiel, pero a pesar del esfuerzo falleci\u00f3 a causa de un balazo en el t\u00f3rax<\/strong>, mientras que su hermano fue trasladado a un hospital y asistido por una herida en una de sus piernas.<\/p>\n<p>Los investigadores, a base de las pericias preliminares en el lugar y el relato de testigos, dieron el viernes con el primer sospechoso del crimen, hasta que este lunes fueron detenidos los otros dos acusados. <\/p>\n<\/div>\n<p><script async defer crossorigin=\"anonymous\" src=\"https:\/\/connect.facebook.net\/es_LA\/sdk.js#xfbml=1&#038;version=v12.0\" nonce=\"SBlHQzIF\"><\/script><br \/><a href=\"https:\/\/www.telam.com.ar\/notas\/202401\/653878-balacera-mendoza-lujan-de-cuyo.html\">source<\/a><\/p>\n","protected":false},"excerpt":{"rendered":"<p>Foto: Archivo. Dos hermanos fueron detenidos como acusados de participar del crimen de N\u00e9stor Ezequiel&#8230;<\/p>\n","protected":false},"author":0,"featured_media":193056,"comment_status":"open","ping_status":"open","sticky":false,"template":"","format":"standard","meta":{"footnotes":""},"categories":[64],"tags":[],"class_list":["post-193055","post","type-post","status-publish","format-standard","has-post-thumbnail","hentry","category-policiales"],"featured_image_urls":{"full":["https:\/\/radiofenix.com.ar\/2023\/wp-content\/uploads\/2024\/02\/wp-header-logo-26.png",1004,565,false],"thumbnail":["https:\/\/radiofenix.com.ar\/2023\/wp-content\/uploads\/2024\/02\/wp-header-logo-26-150x150.png",150,150,true],"medium":["https:\/\/radiofenix.com.ar\/2023\/wp-content\/uploads\/2024\/02\/wp-header-logo-26-300x169.png",300,169,true],"medium_large":["https:\/\/radiofenix.com.ar\/2023\/wp-content\/uploads\/2024\/02\/wp-header-logo-26-768x432.png",640,360,true],"large":["https:\/\/radiofenix.com.ar\/2023\/wp-content\/uploads\/2024\/02\/wp-header-logo-26.png",640,360,false],"1536x1536":["https:\/\/radiofenix.com.ar\/2023\/wp-content\/uploads\/2024\/02\/wp-header-logo-26.png",1004,565,false],"2048x2048":["https:\/\/radiofenix.com.ar\/2023\/wp-content\/uploads\/2024\/02\/wp-header-logo-26.png",1004,565,false],"newsium-slider-full":["https:\/\/radiofenix.com.ar\/2023\/wp-content\/uploads\/2024\/02\/wp-header-logo-26.png",1004,565,false],"newsium-featured":["https:\/\/radiofenix.com.ar\/2023\/wp-content\/uploads\/2024\/02\/wp-header-logo-26.png",1004,565,false],"newsium-medium":["https:\/\/radiofenix.com.ar\/2023\/wp-content\/uploads\/2024\/02\/wp-header-logo-26-720x475.png",720,475,true]},"author_info":{"info":[""]},"category_info":"<a href=\"https:\/\/radiofenix.com.ar\/2023\/category\/policiales\/\" rel=\"category tag\">Policiales<\/a>","tag_info":"Policiales","comment_count":"0","_links":{"self":[{"href":"https:\/\/radiofenix.com.ar\/2023\/wp-json\/wp\/v2\/posts\/193055","targetHints":{"allow":["GET"]}}],"collection":[{"href":"https:\/\/radiofenix.com.ar\/2023\/wp-json\/wp\/v2\/posts"}],"about":[{"href":"https:\/\/radiofenix.com.ar\/2023\/wp-json\/wp\/v2\/types\/post"}],"replies":[{"embeddable":true,"href":"https:\/\/radiofenix.com.ar\/2023\/wp-json\/wp\/v2\/comments?post=193055"}],"version-history":[{"count":0,"href":"https:\/\/radiofenix.com.ar\/2023\/wp-json\/wp\/v2\/posts\/193055\/revisions"}],"wp:featuredmedia":[{"embeddable":true,"href":"https:\/\/radiofenix.com.ar\/2023\/wp-json\/wp\/v2\/media\/193056"}],"wp:attachment":[{"href":"https:\/\/radiofenix.com.ar\/2023\/wp-json\/wp\/v2\/media?parent=193055"}],"wp:term":[{"taxonomy":"category","embeddable":true,"href":"https:\/\/radiofenix.com.ar\/2023\/wp-json\/wp\/v2\/categories?post=193055"},{"taxonomy":"post_tag","embeddable":true,"href":"https:\/\/radiofenix.com.ar\/2023\/wp-json\/wp\/v2\/tags?post=193055"}],"curies":[{"name":"wp","href":"https:\/\/api.w.org\/{rel}","templated":true}]}}