{"id":193057,"date":"2024-02-02T20:32:09","date_gmt":"2024-02-02T20:32:09","guid":{"rendered":"https:\/\/radiofenix.com.ar\/2023\/massa-y-bordet-advirtieron-que-la-ley-bases-afectara-los-recursos-de-las-provincias\/"},"modified":"2024-02-02T20:32:09","modified_gmt":"2024-02-02T20:32:09","slug":"massa-y-bordet-advirtieron-que-la-ley-bases-afectara-los-recursos-de-las-provincias","status":"publish","type":"post","link":"https:\/\/radiofenix.com.ar\/2023\/massa-y-bordet-advirtieron-que-la-ley-bases-afectara-los-recursos-de-las-provincias\/","title":{"rendered":"Massa y Bordet advirtieron que la ley &quot;Bases&quot; afectar\u00e1 los recursos de las provincias"},"content":{"rendered":"<div>\n<figure class=\"mb-3\"><img decoding=\"async\" src=\"https:\/\/www.telam.com.ar\/thumbs\/bluesteel\/advf\/imagenes\/2024\/02\/65bc1276c91d3_1200.jpg\" class=\" lazy \" width=\"100%\" height=\"100%\" alt=\"El exministro de Economa y excandidato presidencial del FdT Sergio Massa se reunin con el diputado Gustavo Bordet para analizar la ley Bases Foto Xbordet\"\/><figcaption> El exministro de Econom\u00eda y excandidato presidencial del FdT, Sergio Massa, se reuni\u00f3n con el diputado Gustavo Bordet para analizar la ley \u00abBases\u00bb \/ Foto: X@bordet. <\/figcaption><\/figure>\n<p><strong>El exministro de Econom\u00eda y excandidato presidencial del Frente de Todos (FdT), Sergio Massa, se reuni\u00f3 este jueves con el diputado peronista Gustavo Bordet,<\/strong> en medio del debate en el Congreso por la ley \u00abBases\u00bb, y advirtieron sobre la \u00abfalta de definiciones\u00bb de esa normativa en materia de recursos para las provincias.<\/p>\n<p><strong>\u00abNos preocupa la falta de definiciones del Gobierno nacional sobre los recursos a las provincias<\/strong> para la salud, los programas alimentarios y la obra p\u00fablica, propio de un presidente que desconoce el federalismo\u00bb, expres\u00f3 Bordet en sus cr\u00edticas al mandatario Javier Milei.<\/p>\n<p>El legislador, exgobernador de Entre R\u00edos, fue el encargado de difundir el encuentro, <strong>del que tambi\u00e9n participaron Guillermo Michel y Juan Jos\u00e9 Bahillo, extitulares de la Aduana y de la Secretar\u00eda de Agricultura, Ganader\u00eda y Pesca, respectivamente, durante la gesti\u00f3n de Massa en el Ministerio de Econom\u00eda.<\/strong><\/p>\n<p>Desde las redes sociales, Bordet plante\u00f3 que <strong>\u00abla coparticipaci\u00f3n del impuesto PAIS es una alternativa v\u00e1lida para recuperar fondos\u00bb, por lo que el peronismo conf\u00eda<\/strong>, dijo, en el \u00abapoyo de legisladores y gobernadores de todas las fuerzas pol\u00edticas para darle a las provincias un alivio en medio de este ajuste brutal sobre la clase media y los trabajadores\u00bb.<\/p>\n<blockquote class=\"twitter-tweet\">\n<p lang=\"es\" dir=\"ltr\">Analizamos hoy con <a href=\"https:\/\/twitter.com\/SergioMassa?ref_src=twsrc%5Etfw\">@SergioMassa<\/a>, <a href=\"https:\/\/twitter.com\/MichelGuilleOK?ref_src=twsrc%5Etfw\">@michelguilleok<\/a> y <a href=\"https:\/\/twitter.com\/JuanjoBahillo?ref_src=twsrc%5Etfw\">@juanjobahillo<\/a> el proyecto de ley \u00f3mnibus que estamos debatiendo en la C\u00e1mara de Diputados. <a href=\"https:\/\/t.co\/r8mTWPmvL3\">pic.twitter.com\/r8mTWPmvL3<\/a><\/p>\n<p>\u2014 Gustavo Bordet (@bordet) <a href=\"https:\/\/twitter.com\/bordet\/status\/1753127594399023294?ref_src=twsrc%5Etfw\">February 1, 2024<\/a><\/p><\/blockquote>\n<p>Y advirti\u00f3 tambi\u00e9n que <strong>\u00abquienes voten esta ley le dar\u00e1n tambi\u00e9n el aval a Milei para incrementar los derechos de exportaci\u00f3n a las econom\u00edas regionales y el agro\u00bb.<\/strong><\/p>\n<p>En un respaldo a Massa, Bordet record\u00f3 que \u00abdurante la peor sequ\u00eda de la historia\u00bb el entonces ministro de Econom\u00eda \u00abredujo a cero las retenciones a la mayor\u00eda de las econom\u00edas\u00bb.<\/p>\n<p>\u00abHoy, con una gran cosecha y una megadevaluaci\u00f3n. quieren esos recursos que les reclama del FMI. No van a dudar en hacerlo\u00bb, concluy\u00f3 Bordet. <\/p>\n<\/div>\n<p><script async src=\"\/\/platform.twitter.com\/widgets.js\" charset=\"utf-8\"><\/script><script async defer crossorigin=\"anonymous\" src=\"https:\/\/connect.facebook.net\/es_LA\/sdk.js#xfbml=1&#038;version=v12.0\" nonce=\"SBlHQzIF\"><\/script><br \/><a href=\"https:\/\/www.telam.com.ar\/notas\/202402\/654153-massa-bordet-reunion-provincias-ley-bases.html\">source<\/a><\/p>\n","protected":false},"excerpt":{"rendered":"<p>El exministro de Econom\u00eda y excandidato presidencial del FdT, Sergio Massa, se reuni\u00f3n con el&#8230;<\/p>\n","protected":false},"author":0,"featured_media":193058,"comment_status":"open","ping_status":"open","sticky":false,"template":"","format":"standard","meta":{"footnotes":""},"categories":[2],"tags":[],"class_list":["post-193057","post","type-post","status-publish","format-standard","has-post-thumbnail","hentry","category-politica"],"featured_image_urls":{"full":["https:\/\/radiofenix.com.ar\/2023\/wp-content\/uploads\/2024\/02\/wp-header-logo-27.png",1200,675,false],"thumbnail":["https:\/\/radiofenix.com.ar\/2023\/wp-content\/uploads\/2024\/02\/wp-header-logo-27-150x150.png",150,150,true],"medium":["https:\/\/radiofenix.com.ar\/2023\/wp-content\/uploads\/2024\/02\/wp-header-logo-27-300x169.png",300,169,true],"medium_large":["https:\/\/radiofenix.com.ar\/2023\/wp-content\/uploads\/2024\/02\/wp-header-logo-27-768x432.png",640,360,true],"large":["https:\/\/radiofenix.com.ar\/2023\/wp-content\/uploads\/2024\/02\/wp-header-logo-27-1024x576.png",640,360,true],"1536x1536":["https:\/\/radiofenix.com.ar\/2023\/wp-content\/uploads\/2024\/02\/wp-header-logo-27.png",1200,675,false],"2048x2048":["https:\/\/radiofenix.com.ar\/2023\/wp-content\/uploads\/2024\/02\/wp-header-logo-27.png",1200,675,false],"newsium-slider-full":["https:\/\/radiofenix.com.ar\/2023\/wp-content\/uploads\/2024\/02\/wp-header-logo-27.png",1200,675,false],"newsium-featured":["https:\/\/radiofenix.com.ar\/2023\/wp-content\/uploads\/2024\/02\/wp-header-logo-27-1024x576.png",1024,576,true],"newsium-medium":["https:\/\/radiofenix.com.ar\/2023\/wp-content\/uploads\/2024\/02\/wp-header-logo-27-720x475.png",720,475,true]},"author_info":{"info":[""]},"category_info":"<a href=\"https:\/\/radiofenix.com.ar\/2023\/category\/politica\/\" rel=\"category tag\">Pol\u00edtica<\/a>","tag_info":"Pol\u00edtica","comment_count":"0","_links":{"self":[{"href":"https:\/\/radiofenix.com.ar\/2023\/wp-json\/wp\/v2\/posts\/193057","targetHints":{"allow":["GET"]}}],"collection":[{"href":"https:\/\/radiofenix.com.ar\/2023\/wp-json\/wp\/v2\/posts"}],"about":[{"href":"https:\/\/radiofenix.com.ar\/2023\/wp-json\/wp\/v2\/types\/post"}],"replies":[{"embeddable":true,"href":"https:\/\/radiofenix.com.ar\/2023\/wp-json\/wp\/v2\/comments?post=193057"}],"version-history":[{"count":0,"href":"https:\/\/radiofenix.com.ar\/2023\/wp-json\/wp\/v2\/posts\/193057\/revisions"}],"wp:featuredmedia":[{"embeddable":true,"href":"https:\/\/radiofenix.com.ar\/2023\/wp-json\/wp\/v2\/media\/193058"}],"wp:attachment":[{"href":"https:\/\/radiofenix.com.ar\/2023\/wp-json\/wp\/v2\/media?parent=193057"}],"wp:term":[{"taxonomy":"category","embeddable":true,"href":"https:\/\/radiofenix.com.ar\/2023\/wp-json\/wp\/v2\/categories?post=193057"},{"taxonomy":"post_tag","embeddable":true,"href":"https:\/\/radiofenix.com.ar\/2023\/wp-json\/wp\/v2\/tags?post=193057"}],"curies":[{"name":"wp","href":"https:\/\/api.w.org\/{rel}","templated":true}]}}