{"id":193059,"date":"2024-02-02T20:32:11","date_gmt":"2024-02-02T20:32:11","guid":{"rendered":"https:\/\/radiofenix.com.ar\/2023\/la-mona-jimenez-y-l-gante-confirmaron-la-llegada-de-muchachos-de-barrio\/"},"modified":"2024-02-02T20:32:11","modified_gmt":"2024-02-02T20:32:11","slug":"la-mona-jimenez-y-l-gante-confirmaron-la-llegada-de-muchachos-de-barrio","status":"publish","type":"post","link":"https:\/\/radiofenix.com.ar\/2023\/la-mona-jimenez-y-l-gante-confirmaron-la-llegada-de-muchachos-de-barrio\/","title":{"rendered":"La Mona Jimenez y L-Gante confirmaron la llegada de &quot;Muchachos de Barrio&quot;"},"content":{"rendered":"<div>\n<figure class=\"mb-3\"><img decoding=\"async\" src=\"https:\/\/www.telam.com.ar\/thumbs\/bluesteel\/advf\/imagenes\/2024\/01\/65bade6c19bfc_1200.jpg\" class=\" lazy \" width=\"100%\" height=\"100%\" alt=\"La Mona y LGante poyecto en comn\"\/><figcaption> La \u00abMona\u00bb y L-Gante, poyecto en com\u00fan. <\/figcaption><\/figure>\n<p><strong>Carlos \u00abLa Mona\u00bb Jimenez<\/strong> y <strong>L-Gante <\/strong>confirmaron la pronta llegada de <strong>\u00abMuchachos de Barrio\u00bb<\/strong>, una colaboraci\u00f3n que tuvo como punto de partida hace dos a\u00f1os la invitaci\u00f3n de la leyenda del cuarteto cordob\u00e9s para con el referente del RKT.<\/p>\n<p><strong>\u00abHola L-Gante \u00bfHacemos algo juntos?\u00bb<\/strong>, escribi\u00f3 el veterano artista tropical desde su cuenta oficial de Instagram acompa\u00f1ado de una serie de fotograf\u00edas que confirman la complicidad y buena sinton\u00eda entre los artistas.<\/p>\n<blockquote class=\"instagram-media\" data-instgrm-captioned=\"\" data-instgrm-permalink=\"https:\/\/www.instagram.com\/p\/C2sVtOzOzzN\/?utm_source=ig_embed&amp;utm_campaign=loading\" data-instgrm-version=\"14\" style=\" background:#FFF; border:0; border-radius:3px; box-shadow:0 0 1px 0 rgba(0,0,0,0.5),0 1px 10px 0 rgba(0,0,0,0.15); margin: 1px; max-width:540px; min-width:326px; padding:0; width:99.375%; width:-webkit-calc(100% - 2px); width:calc(100% - 2px);\"\/>\n<p>Por su parte, el cantante Eli\u00e1n Valenzuela hizo su propia publicaci\u00f3n en su cuenta oficial y comparti\u00f3 algunos detalles: <strong>\u00ab&#8216;La Mona&#8217; me invit\u00f3 hace dos a\u00f1os a hacer una canci\u00f3n que \u00a1se va escuchar para siempre! Por fin la terminamos\u00bb.<\/strong><\/p>\n<p><strong>\u00abGracias, Don Carlos. Estoy emocionado de colaborar con la leyenda, con el Mandam\u00e1s. C\u00f3rdoba al ritmo. Cuarteto 420. Cumbia 420. RKT\u00bb<\/strong>, se\u00f1al\u00f3 sobre esta alianza.<\/p>\n<\/div>\n<p><script async defer crossorigin=\"anonymous\" src=\"https:\/\/connect.facebook.net\/es_LA\/sdk.js#xfbml=1&#038;version=v12.0\" nonce=\"SBlHQzIF\"><\/script><br \/><a href=\"https:\/\/www.telam.com.ar\/notas\/202401\/654060-la-mona-jimenez-y-l-gante-confirmaron-la-llegada-de-muchachos-de-barrio.html\">source<\/a><\/p>\n","protected":false},"excerpt":{"rendered":"<p>La \u00abMona\u00bb y L-Gante, poyecto en com\u00fan. Carlos \u00abLa Mona\u00bb Jimenez y L-Gante confirmaron la&#8230;<\/p>\n","protected":false},"author":0,"featured_media":193060,"comment_status":"open","ping_status":"open","sticky":false,"template":"","format":"standard","meta":{"footnotes":""},"categories":[4],"tags":[],"class_list":["post-193059","post","type-post","status-publish","format-standard","has-post-thumbnail","hentry","category-espectaculos"],"featured_image_urls":{"full":["https:\/\/radiofenix.com.ar\/2023\/wp-content\/uploads\/2024\/02\/wp-header-logo-28.png",1200,675,false],"thumbnail":["https:\/\/radiofenix.com.ar\/2023\/wp-content\/uploads\/2024\/02\/wp-header-logo-28-150x150.png",150,150,true],"medium":["https:\/\/radiofenix.com.ar\/2023\/wp-content\/uploads\/2024\/02\/wp-header-logo-28-300x169.png",300,169,true],"medium_large":["https:\/\/radiofenix.com.ar\/2023\/wp-content\/uploads\/2024\/02\/wp-header-logo-28-768x432.png",640,360,true],"large":["https:\/\/radiofenix.com.ar\/2023\/wp-content\/uploads\/2024\/02\/wp-header-logo-28-1024x576.png",640,360,true],"1536x1536":["https:\/\/radiofenix.com.ar\/2023\/wp-content\/uploads\/2024\/02\/wp-header-logo-28.png",1200,675,false],"2048x2048":["https:\/\/radiofenix.com.ar\/2023\/wp-content\/uploads\/2024\/02\/wp-header-logo-28.png",1200,675,false],"newsium-slider-full":["https:\/\/radiofenix.com.ar\/2023\/wp-content\/uploads\/2024\/02\/wp-header-logo-28.png",1200,675,false],"newsium-featured":["https:\/\/radiofenix.com.ar\/2023\/wp-content\/uploads\/2024\/02\/wp-header-logo-28-1024x576.png",1024,576,true],"newsium-medium":["https:\/\/radiofenix.com.ar\/2023\/wp-content\/uploads\/2024\/02\/wp-header-logo-28-720x475.png",720,475,true]},"author_info":{"info":[""]},"category_info":"<a href=\"https:\/\/radiofenix.com.ar\/2023\/category\/espectaculos\/\" rel=\"category tag\">Espectaculos<\/a>","tag_info":"Espectaculos","comment_count":"0","_links":{"self":[{"href":"https:\/\/radiofenix.com.ar\/2023\/wp-json\/wp\/v2\/posts\/193059","targetHints":{"allow":["GET"]}}],"collection":[{"href":"https:\/\/radiofenix.com.ar\/2023\/wp-json\/wp\/v2\/posts"}],"about":[{"href":"https:\/\/radiofenix.com.ar\/2023\/wp-json\/wp\/v2\/types\/post"}],"replies":[{"embeddable":true,"href":"https:\/\/radiofenix.com.ar\/2023\/wp-json\/wp\/v2\/comments?post=193059"}],"version-history":[{"count":0,"href":"https:\/\/radiofenix.com.ar\/2023\/wp-json\/wp\/v2\/posts\/193059\/revisions"}],"wp:featuredmedia":[{"embeddable":true,"href":"https:\/\/radiofenix.com.ar\/2023\/wp-json\/wp\/v2\/media\/193060"}],"wp:attachment":[{"href":"https:\/\/radiofenix.com.ar\/2023\/wp-json\/wp\/v2\/media?parent=193059"}],"wp:term":[{"taxonomy":"category","embeddable":true,"href":"https:\/\/radiofenix.com.ar\/2023\/wp-json\/wp\/v2\/categories?post=193059"},{"taxonomy":"post_tag","embeddable":true,"href":"https:\/\/radiofenix.com.ar\/2023\/wp-json\/wp\/v2\/tags?post=193059"}],"curies":[{"name":"wp","href":"https:\/\/api.w.org\/{rel}","templated":true}]}}