{"id":193071,"date":"2024-02-03T08:57:34","date_gmt":"2024-02-03T08:57:34","guid":{"rendered":"https:\/\/radiofenix.com.ar\/2023\/se-iba-de-vacaciones-y-lo-mataron-para-robarle-la-camioneta-en-la-puerta-de-su-casa\/"},"modified":"2024-02-03T08:57:34","modified_gmt":"2024-02-03T08:57:34","slug":"se-iba-de-vacaciones-y-lo-mataron-para-robarle-la-camioneta-en-la-puerta-de-su-casa","status":"publish","type":"post","link":"https:\/\/radiofenix.com.ar\/2023\/se-iba-de-vacaciones-y-lo-mataron-para-robarle-la-camioneta-en-la-puerta-de-su-casa\/","title":{"rendered":"Se iba de vacaciones y lo mataron para robarle la camioneta en la puerta de su casa"},"content":{"rendered":"<div>\n<figure class=\"mb-3\"><img decoding=\"async\" src=\"https:\/\/www.telam.com.ar\/thumbs\/bluesteel\/advf\/imagenes\/2024\/01\/65ba93c11eb61_1200.jpg\" class=\" lazy \" width=\"100%\" height=\"100%\" alt=\"Foto Street View\"\/><figcaption> Foto: Street View. <\/figcaption><\/figure>\n<p> Un hombre de 49 a\u00f1os y due\u00f1o de un frigor\u00edfico en el partido bonaerense de La Matanza, fue asesinado de un balazo en el pecho por delincuentes que le robaron la camioneta en la puerta de su casa de la localidad de Pontevedra, Merlo, horas antes de salir de vacaciones con su familia, informaron fuentes policiales y judiciales.<\/p>\n<p>El hecho ocurri\u00f3 la ma\u00f1ana de este mi\u00e9rcoles frente a la casaquinta situada en <strong>Otamendi y Olaya<\/strong>, donde la v\u00edctima, identificada como <strong>Leonardo Antonio Quinteros <\/strong>(49), fue ejecutada de al menos un tiro por delincuentes que, tras el ataque, escaparon con su camioneta Volkswagen Amarok color azul, que m\u00e1s tarde fue hallada abandonada en la localidad de Virrey del Pino, La Matanza, detallaron los voceros.<\/p>\n<p>Debido a que el lugar donde se produjo el crimen es una zona descampada, se dificultaba la identificaci\u00f3n de los atacantes mediante im\u00e1genes de c\u00e1maras de seguridad, por lo que la pesquisa para determinar la cantidad de autores y c\u00f3mo llegaron al lugar se centraba en la <strong>b\u00fasqueda de testigos<\/strong>, explicaron los voceros.<\/p>\n<p>De los datos recabados hasta el momento surgi\u00f3 que Quinteros era padre de cuatro hijos -dos varones y dos mujeres- y que ten\u00eda previsto salir hoy de vacaciones junto a la menor de las hijas y su actual pareja, madre de \u00e9sta \u00faltima.<\/p>\n<blockquote class=\"\"><p>Los investigadores detallaron que\u00a0existen evidencias para sospechar que los delincuentes estaban esperando a Quinteros\u00a0para robarle.<\/p><\/blockquote>\n<p> Uno de los hijos de la v\u00edctima dijo al canal TN que, al momento de ser interceptado, su pap\u00e1 sal\u00eda de su casa rumbo a su frigor\u00edfico, llamado <strong>\u00abEl Progreso\u00bb<\/strong> y ubicado en la zona de Rafael Castillo, para dejar unas llaves que se hab\u00eda olvidado en la camioneta y que deb\u00eda entregar antes de irse de vacaciones.<\/p>\n<p>Para el joven, identificado como Mat\u00edas Quinteros, <strong>a su pap\u00e1 \u00ablo ven\u00edan siguiendo hace rato, porque le pasaron muchas cosas\u00bb<\/strong>.<\/p>\n<p>\u00ab<strong>Le quisieron entrar al frigor\u00edfico un par de veces<\/strong>. Fueron diez segundos, le dieron el tiro y se llevaron la camioneta. Iba a dejar unas llaves al frigor\u00edfico, que se las hab\u00eda olvidado ayer dentro de la camioneta, y se iba con su familia de vacaciones\u00bb, relat\u00f3 el joven visiblemente conmocionado.<\/p>\n<p>Mat\u00edas dijo que <strong>la actual pareja de su padre escuch\u00f3 tres detonaciones<\/strong>, aunque aclar\u00f3 que s\u00f3lo fue alcanzado por un proyectil, lo cual se aguarda que sea confirmado por la autopsia que se realizar\u00e1 durante esta jornada.<\/p>\n<p>\u00abSolo pido justicia para mi viejo. \u00c9l se habr\u00e1 intentando defender, y en ese momento le habr\u00e1n disparado\u00bb, a\u00f1adi\u00f3 Mat\u00edas.<\/p>\n<p><figure class=\"mb-3\"><img decoding=\"async\" src=\"https:\/\/www.telam.com.ar\/thumbs\/bluesteel\/advf\/imagenes\/2024\/01\/65ba93c13ba98_1200.jpg\" class=\" lazy \" width=\"100%\" height=\"100%\" alt=\"Quinteros sala de su casa rumbo a su frigorfico El Progreso Foto Street View\"\/><figcaption> Quinteros sal\u00eda de su casa rumbo a su frigor\u00edfico \u00abEl Progreso\u00bb \/ Foto: Street View. <\/figcaption><\/figure>\n<p>Para los pesquisas el robo que termin\u00f3 con el asesinato tampoco fue al voleo, sino que <strong>existen evidencias para sospechar que los delincuentes estaban esperando a Quinteros<\/strong> para robarle.<\/p>\n<p>Es que \u00faltimamente <strong>la v\u00edctima y su familia hab\u00edan sido v\u00edctimas de otros hechos de robo<\/strong>.<\/p>\n<p>De hecho, en un posteo realizado por su pareja meses atr\u00e1s en la red social Facebook, la mujer pidi\u00f3 ayuda para recuperar dos autos, uno que le robaron a ella y otro a uno de sus hijos.<\/p>\n<p>En la \u00faltima publicaci\u00f3n, realizada el pasado 2 de noviembre, la pareja de Quinteros subi\u00f3 una fotograf\u00eda de un veh\u00edculo Fiat Argos color negro, que -seg\u00fan denunci\u00f3- delincuentes robaron de su vivienda durante un asalto.<\/p>\n<p>\u00abEsta madrugada ingresaron cuatro ladrones a mi casa (\u2026) revolvieron toda mi casa y se dieron a la fuga en mi auto Fiat Argo negro\u00bb, escribi\u00f3 la mujer, quien aparece en la foto junto al veh\u00edculo.<\/p>\n<p>Un d\u00eda antes, el 1 de noviembre pasado, en la misma red social, la mujer public\u00f3 tres im\u00e1genes en las que se ve a uno de sus hijos junto a un Fiat Punto: \u00abSe lo robaron en Montt y Aguirre, Rafael Castillo\u00bb, dice el texto que acompa\u00f1a las fotos.<\/p>\n<p>Tambi\u00e9n Dami\u00e1n, un amigo y empleado de la v\u00edctima, dijo que <strong>Quinteros \u00abya hab\u00eda sufrido robos\u00bb y que era un hombre que \u00abno hac\u00eda otra cosa que laburar\u00bb<\/strong>.<\/p>\n<p>\u00abNo sabemos cu\u00e1ntos delincuentes (lo interceptaron); le pegaron un tiro y qued\u00f3 en la puerta de la casa. No sabemos m\u00e1s nada, est\u00e1 la (Polic\u00eda) Cient\u00edfica y est\u00e1n investigando\u00bb, dijo el hombre.<\/p>\n<blockquote class=\"\"><p>\u00abSolo pido justicia para mi viejo\u00bb<cite class=\"author\">Mat\u00edas Quinteros<\/cite><\/p><\/blockquote>\n<p>Adem\u00e1s, al referirse a Quinteros, Dami\u00e1n agreg\u00f3:<strong> \u00abEra un chab\u00f3n laburador, que le dio laburo a mucha gente, todo el barrio laburaba con \u00e9l, no s\u00e9 cu\u00e1ntos empleados ten\u00eda, como 40\u00bb<\/strong>.<\/p>\n<p>En el lugar del crimen trabajaron efectivos policiales de la zona y los fiscales Fernando Capello y Pablo Masferrere, a cargo de la Unidad Funcional de Instrucci\u00f3n (UFI) 2 de Mor\u00f3n, quienes procuraban dar con testigos.<\/p>\n<p>En tanto, efectivos de la comisar\u00eda 5ta. de Pontevedra realizaban tareas de campo en distintos barrios de Merlo con el fin de identificar a los asesinos. <\/p>\n<\/div>\n<p><script async defer crossorigin=\"anonymous\" src=\"https:\/\/connect.facebook.net\/es_LA\/sdk.js#xfbml=1&#038;version=v12.0\" nonce=\"SBlHQzIF\"><\/script><br \/><a href=\"https:\/\/www.telam.com.ar\/notas\/202401\/654019-pontevedra-robo-homicidio.html\">source<\/a><\/p>\n","protected":false},"excerpt":{"rendered":"<p>Foto: Street View. Un hombre de 49 a\u00f1os y due\u00f1o de un frigor\u00edfico en el&#8230;<\/p>\n","protected":false},"author":0,"featured_media":193072,"comment_status":"open","ping_status":"open","sticky":false,"template":"","format":"standard","meta":{"footnotes":""},"categories":[64],"tags":[],"class_list":["post-193071","post","type-post","status-publish","format-standard","has-post-thumbnail","hentry","category-policiales"],"featured_image_urls":{"full":["https:\/\/radiofenix.com.ar\/2023\/wp-content\/uploads\/2024\/02\/wp-header-logo-34.png",1200,675,false],"thumbnail":["https:\/\/radiofenix.com.ar\/2023\/wp-content\/uploads\/2024\/02\/wp-header-logo-34-150x150.png",150,150,true],"medium":["https:\/\/radiofenix.com.ar\/2023\/wp-content\/uploads\/2024\/02\/wp-header-logo-34-300x169.png",300,169,true],"medium_large":["https:\/\/radiofenix.com.ar\/2023\/wp-content\/uploads\/2024\/02\/wp-header-logo-34-768x432.png",640,360,true],"large":["https:\/\/radiofenix.com.ar\/2023\/wp-content\/uploads\/2024\/02\/wp-header-logo-34-1024x576.png",640,360,true],"1536x1536":["https:\/\/radiofenix.com.ar\/2023\/wp-content\/uploads\/2024\/02\/wp-header-logo-34.png",1200,675,false],"2048x2048":["https:\/\/radiofenix.com.ar\/2023\/wp-content\/uploads\/2024\/02\/wp-header-logo-34.png",1200,675,false],"newsium-slider-full":["https:\/\/radiofenix.com.ar\/2023\/wp-content\/uploads\/2024\/02\/wp-header-logo-34.png",1200,675,false],"newsium-featured":["https:\/\/radiofenix.com.ar\/2023\/wp-content\/uploads\/2024\/02\/wp-header-logo-34-1024x576.png",1024,576,true],"newsium-medium":["https:\/\/radiofenix.com.ar\/2023\/wp-content\/uploads\/2024\/02\/wp-header-logo-34-720x475.png",720,475,true]},"author_info":{"info":[""]},"category_info":"<a href=\"https:\/\/radiofenix.com.ar\/2023\/category\/policiales\/\" rel=\"category tag\">Policiales<\/a>","tag_info":"Policiales","comment_count":"0","_links":{"self":[{"href":"https:\/\/radiofenix.com.ar\/2023\/wp-json\/wp\/v2\/posts\/193071","targetHints":{"allow":["GET"]}}],"collection":[{"href":"https:\/\/radiofenix.com.ar\/2023\/wp-json\/wp\/v2\/posts"}],"about":[{"href":"https:\/\/radiofenix.com.ar\/2023\/wp-json\/wp\/v2\/types\/post"}],"replies":[{"embeddable":true,"href":"https:\/\/radiofenix.com.ar\/2023\/wp-json\/wp\/v2\/comments?post=193071"}],"version-history":[{"count":0,"href":"https:\/\/radiofenix.com.ar\/2023\/wp-json\/wp\/v2\/posts\/193071\/revisions"}],"wp:featuredmedia":[{"embeddable":true,"href":"https:\/\/radiofenix.com.ar\/2023\/wp-json\/wp\/v2\/media\/193072"}],"wp:attachment":[{"href":"https:\/\/radiofenix.com.ar\/2023\/wp-json\/wp\/v2\/media?parent=193071"}],"wp:term":[{"taxonomy":"category","embeddable":true,"href":"https:\/\/radiofenix.com.ar\/2023\/wp-json\/wp\/v2\/categories?post=193071"},{"taxonomy":"post_tag","embeddable":true,"href":"https:\/\/radiofenix.com.ar\/2023\/wp-json\/wp\/v2\/tags?post=193071"}],"curies":[{"name":"wp","href":"https:\/\/api.w.org\/{rel}","templated":true}]}}