{"id":193097,"date":"2024-02-04T08:57:24","date_gmt":"2024-02-04T08:57:24","guid":{"rendered":"https:\/\/radiofenix.com.ar\/2023\/la-asociacion-bancaria-afirmo-que-nada-esta-definido-sobre-la-ley-bases\/"},"modified":"2024-02-04T08:57:24","modified_gmt":"2024-02-04T08:57:24","slug":"la-asociacion-bancaria-afirmo-que-nada-esta-definido-sobre-la-ley-bases","status":"publish","type":"post","link":"https:\/\/radiofenix.com.ar\/2023\/la-asociacion-bancaria-afirmo-que-nada-esta-definido-sobre-la-ley-bases\/","title":{"rendered":"La Asociaci\u00f3n Bancaria afirm\u00f3 que &quot;nada est\u00e1 definido&quot; sobre la ley &quot;Bases&quot;"},"content":{"rendered":"<div>\n<figure class=\"mb-3\"><img decoding=\"async\" src=\"https:\/\/www.telam.com.ar\/thumbs\/bluesteel\/advf\/imagenes\/2023\/12\/658ddc5a19b83_1200.jpg\" class=\" lazy \" width=\"100%\" height=\"100%\" alt=\"Palazzo advirti que resta el tratamiento en particular de la Ley Bases \"\/><figcaption> Palazzo advirti\u00f3 que resta el tratamiento en particular de la Ley \u00abBases\u00bb. <\/figcaption><\/figure>\n<p> La <strong>Asociaci\u00f3n Bancaria (AB) <\/strong>que encabeza el diputado nacional <strong>Sergio Palazzo<\/strong> afirm\u00f3 que <strong>\u00abnada est\u00e1 definido\u00bb<\/strong> y convoc\u00f3 a su sector a \u00abseguir luchando con m\u00e1s fuerza que nunca\u00bb, tras la media sanci\u00f3n en general que la C\u00e1mara baja le dio al <strong>proyecto de ley \u00abBases\u00bb.<\/strong><\/p>\n<p>\u00abHace instantes se aprob\u00f3 en general en la C\u00e1mara de Diputados de la Naci\u00f3n el proyecto de ley presentado por el Poder Ejecutivo, conocido como <strong>Ley \u00d3mnibus<\/strong>. Caber aclarar que corresponde solo a la votaci\u00f3n por el despacho general, a partir del martes pr\u00f3ximo empieza a tratarse art\u00edculo por art\u00edculo dentro de la misma C\u00e1mara, pasando de esta manera a un cuarto intermedio hasta dicha fecha\u00bb, se\u00f1al\u00f3 el gremio en un comunicado difundido tras la sesi\u00f3n de este viernes.\u00a0<\/p>\n<p>En ese sentido, la <strong>AB <\/strong>sostuvo en este documento que \u00abentre todos los temas que deben considerarse en esa discusi\u00f3n, est\u00e1n puntos importantes como por ejemplo el otorgamiento de facultades delegadas al <strong>Presidente de la Naci\u00f3n (Javier Milei)<\/strong>, o si los trabajadores\/as volvemos a pagar impuesto a las ganancias o se coparticipa el impuesto pa\u00eds, y todas las privatizaciones de las empresas del estado\u00bb.<\/p>\n<p>Al respecto, se afirm\u00f3 que <strong>Palazzo<\/strong> y el dirigente bancario <strong>Carlos Cisneros<\/strong> -tambi\u00e9n diputado nacional-, \u00abhan mantenido numerosas reuniones con distintos bloques y representantes parlamentarios, donde han obtenido compromisos de diversos legisladores\/as para que acompa\u00f1en el rechazo a las privatizaciones, y en particular el de la Banca P\u00fablica, como as\u00ed tambi\u00e9n rechazar la vuelta del impuesto a las ganancias para los trabajadores\/as\u00bb.<\/p>\n<p>\u00abHay que estar m\u00e1s atentos que nunca, porque la presencia de los<strong> fondos BlackRock<\/strong> con el presidente <strong>Javier Milei<\/strong>, significa que quieren quedarse con nuestros recursos naturales, el <strong>Arsat y el Banco Naci\u00f3n<\/strong> entre otros atractivos negocios, desde su perspectiva \u00fanicamente comercial en desmedro de todo el pueblo argentino\u00bb, puntualiz\u00f3.<\/p>\n<\/div>\n<p><script async defer crossorigin=\"anonymous\" src=\"https:\/\/connect.facebook.net\/es_LA\/sdk.js#xfbml=1&#038;version=v12.0\" nonce=\"SBlHQzIF\"><\/script><br \/><a href=\"https:\/\/www.telam.com.ar\/notas\/202402\/654251-la-asociacion-bancaria-afirmo-que-nada-esta-definido-sobre-la-ley-bases.html\">source<\/a><\/p>\n","protected":false},"excerpt":{"rendered":"<p>Palazzo advirti\u00f3 que resta el tratamiento en particular de la Ley \u00abBases\u00bb. La Asociaci\u00f3n Bancaria&#8230;<\/p>\n","protected":false},"author":0,"featured_media":193098,"comment_status":"open","ping_status":"open","sticky":false,"template":"","format":"standard","meta":{"footnotes":""},"categories":[2],"tags":[],"class_list":["post-193097","post","type-post","status-publish","format-standard","has-post-thumbnail","hentry","category-politica"],"featured_image_urls":{"full":["https:\/\/radiofenix.com.ar\/2023\/wp-content\/uploads\/2024\/02\/wp-header-logo-47.png",1200,675,false],"thumbnail":["https:\/\/radiofenix.com.ar\/2023\/wp-content\/uploads\/2024\/02\/wp-header-logo-47-150x150.png",150,150,true],"medium":["https:\/\/radiofenix.com.ar\/2023\/wp-content\/uploads\/2024\/02\/wp-header-logo-47-300x169.png",300,169,true],"medium_large":["https:\/\/radiofenix.com.ar\/2023\/wp-content\/uploads\/2024\/02\/wp-header-logo-47-768x432.png",640,360,true],"large":["https:\/\/radiofenix.com.ar\/2023\/wp-content\/uploads\/2024\/02\/wp-header-logo-47-1024x576.png",640,360,true],"1536x1536":["https:\/\/radiofenix.com.ar\/2023\/wp-content\/uploads\/2024\/02\/wp-header-logo-47.png",1200,675,false],"2048x2048":["https:\/\/radiofenix.com.ar\/2023\/wp-content\/uploads\/2024\/02\/wp-header-logo-47.png",1200,675,false],"newsium-slider-full":["https:\/\/radiofenix.com.ar\/2023\/wp-content\/uploads\/2024\/02\/wp-header-logo-47.png",1200,675,false],"newsium-featured":["https:\/\/radiofenix.com.ar\/2023\/wp-content\/uploads\/2024\/02\/wp-header-logo-47-1024x576.png",1024,576,true],"newsium-medium":["https:\/\/radiofenix.com.ar\/2023\/wp-content\/uploads\/2024\/02\/wp-header-logo-47-720x475.png",720,475,true]},"author_info":{"info":[""]},"category_info":"<a href=\"https:\/\/radiofenix.com.ar\/2023\/category\/politica\/\" rel=\"category tag\">Pol\u00edtica<\/a>","tag_info":"Pol\u00edtica","comment_count":"0","_links":{"self":[{"href":"https:\/\/radiofenix.com.ar\/2023\/wp-json\/wp\/v2\/posts\/193097","targetHints":{"allow":["GET"]}}],"collection":[{"href":"https:\/\/radiofenix.com.ar\/2023\/wp-json\/wp\/v2\/posts"}],"about":[{"href":"https:\/\/radiofenix.com.ar\/2023\/wp-json\/wp\/v2\/types\/post"}],"replies":[{"embeddable":true,"href":"https:\/\/radiofenix.com.ar\/2023\/wp-json\/wp\/v2\/comments?post=193097"}],"version-history":[{"count":0,"href":"https:\/\/radiofenix.com.ar\/2023\/wp-json\/wp\/v2\/posts\/193097\/revisions"}],"wp:featuredmedia":[{"embeddable":true,"href":"https:\/\/radiofenix.com.ar\/2023\/wp-json\/wp\/v2\/media\/193098"}],"wp:attachment":[{"href":"https:\/\/radiofenix.com.ar\/2023\/wp-json\/wp\/v2\/media?parent=193097"}],"wp:term":[{"taxonomy":"category","embeddable":true,"href":"https:\/\/radiofenix.com.ar\/2023\/wp-json\/wp\/v2\/categories?post=193097"},{"taxonomy":"post_tag","embeddable":true,"href":"https:\/\/radiofenix.com.ar\/2023\/wp-json\/wp\/v2\/tags?post=193097"}],"curies":[{"name":"wp","href":"https:\/\/api.w.org\/{rel}","templated":true}]}}