{"id":193114,"date":"2024-02-05T17:57:15","date_gmt":"2024-02-05T17:57:15","guid":{"rendered":"https:\/\/radiofenix.com.ar\/2023\/?p=193114"},"modified":"2024-02-05T17:57:15","modified_gmt":"2024-02-05T17:57:15","slug":"comunicado","status":"publish","type":"post","link":"https:\/\/radiofenix.com.ar\/2023\/comunicado\/","title":{"rendered":"COMUNICADO"},"content":{"rendered":"\n<p><strong>DEL CUERPO DE DELEGADOS<\/strong> <strong>DEL PERSONAL DE SANCOR C.U.L.<\/strong><\/p>\n\n\n\n<p>ENTRE LA DESESPERACI\u00d3N Y LA MENTIRA-<\/p>\n\n\n\n<p><em>\u201cSi no fueran tan da\u00f1inos, nos dar\u00edan l\u00e1stima\u201d<\/em><\/p>\n\n\n\n<p><em>\u201cSon la salsa de la farsa, el meollo del mal rollo\u201d<\/em><\/p>\n\n\n\n<p>J.M. SERRAT<\/p>\n\n\n\n<p>En un comunicado desopilante que pretende \u201cresaltar ciertos logros\u201d (sic) el Consejo de Administraci\u00f3n de SanCor realiza el balance de&#8230; \u00a1Un mes de gesti\u00f3n!<\/p>\n\n\n\n<p>Los denunciados por evasi\u00f3n fiscal afirman que enero ha sido un mes maravilloso, y que no fue perfecto por acci\u00f3n del demonio personificado en el Cuerpo de Delegados del Personal que insiste con medidas de acci\u00f3n gremial.<\/p>\n\n\n\n<p>Los investigados por evasi\u00f3n fiscal sostienen adem\u00e1s que cumplieron estrictamente con el cronograma de pagos que fijaron de manera unilateral (es decir, te pago lo que quiero y cuando quiero, esto es, por debajo de la escala salarial y fuera del t\u00e9rmino legal), y con los planes de producci\u00f3n y distribuci\u00f3n previstos, que no se sabe cu\u00e1les son.<\/p>\n\n\n\n<p>Los investigados por estafas contra las y los trabajadores declaran tambi\u00e9n que el personal sigue prestando servicios a pesar de las presiones del Cuerpo de Delegados; que eval\u00faan alternativas para resolver la situaci\u00f3n de la cooperativa, y que tienen toda la capacidad para cumplir con las metas que se han propuesto, que tampoco se sabe cu\u00e1les son, salvo el desguace evidente y la quiebra inminente.<\/p>\n\n\n\n<p>No solo se trata de afirmaciones falaces, sino que, adem\u00e1s,<\/p>\n\n\n\n<p><strong><u>OMITEN DELIBERADAMENTE CONSIDERAR:<\/u><\/strong><\/p>\n\n\n\n<p>*. Que de procesar m\u00e1s de CUATRO MILLONES DE LITROS DIARIOS de leche, hoy por hoy la empresa solo procesa menos de QUINIENTOS MIL.<\/p>\n\n\n\n<p>*.- Que, producto de una mala administraci\u00f3n y de malas decisiones, de CATORCE plantas industriales que tuvo, hoy solo le quedan SEIS, desprendi\u00e9ndose tambi\u00e9n de l\u00edneas enteras de productos y marcas.<\/p>\n\n\n\n<p>*- Que ni los trabajadores ni la sociedad sabemos d\u00f3nde fue a parar la enorme masa de dinero de los activos que enajenaron. \u00bfQu\u00e9 hicieron con tanto dinero? \u00bfQui\u00e9n lo tiene? \u00bfD\u00f3nde est\u00e1?<\/p>\n\n\n\n<p>*. Que SanCor registra una deuda global de casi CUATROCIENTOS MILLONES DE D\u00d3LARES, que la torna inviable y los directivos de la empresa lo saben y planean la retirada.<\/p>\n\n\n\n<p>*.- Que desde hace siete a\u00f1os mantienen una deuda salarial, de Obra Social, Mutual y Sindical que supera largamente los VEINTE MIL MILLONES DE PESOS.<\/p>\n\n\n\n<p><strong>Las decisiones que llevaron a semejante cat\u00e1strofe irreversible fueron tomadas por los \u201cexitosos\u201d directivos de SanCor.<\/strong>&nbsp;<strong>Ni los Delegados del Personal ni el Sindicato vendimos las plantas industriales, las l\u00edneas de productos ni las marcas de la empresa.<\/strong><\/p>\n\n\n\n<p>En el colmo del disparate y la mentira, ahora este \u201ccomunicado\u201d de los directivos de SanCor pretende demonizar a nuestro Cuerpo de Delegados del Personal, haci\u00e9ndonos aparecer como los responsables de la situaci\u00f3n de la empresa.<\/p>\n\n\n\n<p><strong>Se trata de otro acto desesperado y fallido de estos grandes caraduras mentirosos. Y no lo vamos a permitir.<\/strong><\/p>\n\n\n\n<p>El Cuerpo de Delegados del Personal, repudia el comunicado de los directivos de la empresa que pretende responsabilizarnos del estado actual de SanCor, reafirmando hoy y siempre nuestro compromiso en defensa de los derechos laborales de nuestras compa\u00f1eras y compa\u00f1eros.<\/p>\n","protected":false},"excerpt":{"rendered":"<p>DEL CUERPO DE DELEGADOS DEL PERSONAL DE SANCOR C.U.L. ENTRE LA DESESPERACI\u00d3N Y LA MENTIRA-&#8230;<\/p>\n","protected":false},"author":3,"featured_media":0,"comment_status":"open","ping_status":"open","sticky":true,"template":"","format":"standard","meta":{"footnotes":""},"categories":[12,18,7,6],"tags":[8,172],"class_list":["post-193114","post","type-post","status-publish","format-standard","hentry","category-destacado","category-regionales","category-sociedad","category-ultimasnoticias","tag-atilra","tag-sancor"],"featured_image_urls":{"full":"","thumbnail":"","medium":"","medium_large":"","large":"","1536x1536":"","2048x2048":"","newsium-slider-full":"","newsium-featured":"","newsium-medium":""},"author_info":{"info":["Radio Fenix"]},"category_info":"<a href=\"https:\/\/radiofenix.com.ar\/2023\/category\/destacado\/\" rel=\"category tag\">Destacado<\/a> <a href=\"https:\/\/radiofenix.com.ar\/2023\/category\/regionales\/\" rel=\"category tag\">Regionales<\/a> <a href=\"https:\/\/radiofenix.com.ar\/2023\/category\/sociedad\/\" rel=\"category tag\">Sociedad<\/a> <a href=\"https:\/\/radiofenix.com.ar\/2023\/category\/ultimasnoticias\/\" rel=\"category tag\">Ultimas Noticias<\/a>","tag_info":"Ultimas Noticias","comment_count":"0","_links":{"self":[{"href":"https:\/\/radiofenix.com.ar\/2023\/wp-json\/wp\/v2\/posts\/193114","targetHints":{"allow":["GET"]}}],"collection":[{"href":"https:\/\/radiofenix.com.ar\/2023\/wp-json\/wp\/v2\/posts"}],"about":[{"href":"https:\/\/radiofenix.com.ar\/2023\/wp-json\/wp\/v2\/types\/post"}],"author":[{"embeddable":true,"href":"https:\/\/radiofenix.com.ar\/2023\/wp-json\/wp\/v2\/users\/3"}],"replies":[{"embeddable":true,"href":"https:\/\/radiofenix.com.ar\/2023\/wp-json\/wp\/v2\/comments?post=193114"}],"version-history":[{"count":1,"href":"https:\/\/radiofenix.com.ar\/2023\/wp-json\/wp\/v2\/posts\/193114\/revisions"}],"predecessor-version":[{"id":193115,"href":"https:\/\/radiofenix.com.ar\/2023\/wp-json\/wp\/v2\/posts\/193114\/revisions\/193115"}],"wp:attachment":[{"href":"https:\/\/radiofenix.com.ar\/2023\/wp-json\/wp\/v2\/media?parent=193114"}],"wp:term":[{"taxonomy":"category","embeddable":true,"href":"https:\/\/radiofenix.com.ar\/2023\/wp-json\/wp\/v2\/categories?post=193114"},{"taxonomy":"post_tag","embeddable":true,"href":"https:\/\/radiofenix.com.ar\/2023\/wp-json\/wp\/v2\/tags?post=193114"}],"curies":[{"name":"wp","href":"https:\/\/api.w.org\/{rel}","templated":true}]}}