{"id":193120,"date":"2024-02-06T08:57:20","date_gmt":"2024-02-06T08:57:20","guid":{"rendered":"https:\/\/radiofenix.com.ar\/2023\/tevez-el-pibe-de-fuerte-apache-que-nacio-para-jugar-en-boca-cumple-40-anos\/"},"modified":"2024-02-06T08:57:20","modified_gmt":"2024-02-06T08:57:20","slug":"tevez-el-pibe-de-fuerte-apache-que-nacio-para-jugar-en-boca-cumple-40-anos","status":"publish","type":"post","link":"https:\/\/radiofenix.com.ar\/2023\/tevez-el-pibe-de-fuerte-apache-que-nacio-para-jugar-en-boca-cumple-40-anos\/","title":{"rendered":"Tevez, el pibe de Fuerte Apache que naci\u00f3 para jugar en Boca, cumple 40 a\u00f1os"},"content":{"rendered":"<div>\n<figure class=\"mb-3\"><img decoding=\"async\" src=\"https:\/\/www.telam.com.ar\/thumbs\/bluesteel\/advf\/imagenes\/2015\/09\/55fdce6a185f6_1200.jpg\" class=\" lazy \" width=\"100%\" height=\"100%\" alt=\"Tevez en un festejo de gol contra Argentinos en su primera vuelta a Boca en el ao 2015 Foto Archivo\"\/><figcaption> Tevez en un festejo de gol contra Argentinos, en su primera vuelta a Boca, en el a\u00f1o 2015 \/ Foto: Archivo. <\/figcaption><\/figure>\n<p><strong>Carlos Alberto Tevez, desde el 5 de febrero de 1984, emprendi\u00f3 una vida que no le fue f\u00e1cil de sobrellevar<\/strong>, a punto tal que muchos lo definen como un \u00abluchador de la vida\u00bb.<\/p>\n<p>Tanto es as\u00ed que <strong>naci\u00f3 como Carlos Mart\u00ednez, pero no fue criado por sus padres biol\u00f3gicos, Juan Alberto Cabral y Fabiana Trina Mart\u00ednez. Su madre lo abandon\u00f3 a los seis meses y su pap\u00e1 muri\u00f3 en un tiroteo cuando ten\u00eda cinco a\u00f1os.<\/strong><\/p>\n<p><strong>\u00abLito\u00bb creci\u00f3 junto a sus t\u00edos: Segundo Raimundo Tevez y Adriana Noem\u00ed Mart\u00ednez. <\/strong>Esa es la raz\u00f3n por la que el luego consagrado futbolista lleva el apellido Tevez. Creci\u00f3 bajo la tutela de Segundo, como \u00e9l siempre lo dice \u00absu primer hincha\u00bb, y Adriana, <strong>en uno de los barrios m\u00e1s peligrosos del conurbano bonaerense: Fuerte Apache.<\/strong><\/p>\n<p>\u00abTuve la suerte de ser un ganador en la vida, no solamente en el f\u00fatbol. No es normal que un pibe de barrio salga de un barrio tan humilde como el Fuerte Apache. <strong>Ah\u00ed est\u00e1 el partido m\u00e1s dif\u00edcil que yo jugu\u00e9 desde chico\u00bb<\/strong>, se sincer\u00f3 el actual DT de Independiente en el umbral de cumplir los 40.<\/p>\n<p><strong>Otro golpe que le dio la vida ocurri\u00f3 a los 10 meses, cuando sufri\u00f3 un accidente dom\u00e9stico con agua hirviendo<\/strong>, que le provoc\u00f3 quemaduras de tercer grado en el rostro, cuello y parte del pecho.<\/p>\n<p><figure class=\"mb-3\"><img decoding=\"async\" src=\"https:\/\/www.telam.com.ar\/thumbs\/bluesteel\/advf\/imagenes\/2022\/08\/62fd8c4dcc45d_1200.jpg\" class=\" lazy \" width=\"100%\" height=\"100%\" alt=\"Carlos Tevez recibe de mano de Chicho Serna la distincin y el afecto del Mundo Boca un club hecho a medida del Apache Foto Maximiliano Luna\"\/><figcaption> Carlos Tevez recibe de mano de \u00abChicho\u00bb Serna la distinci\u00f3n y el afecto del Mundo Boca, un club hecho a medida del \u00abApache\u00bb \/ Foto: Maximiliano Luna. <\/figcaption><\/figure>\n<p><strong>Hizo divisiones infantiles en All Boys y debut\u00f3 en Primera Divisi\u00f3n, con Boca, a los 17 a\u00f1os, el 21 de octubre de 2001<\/strong>, ante Talleres de C\u00f3rdoba (0-1), en el estadio Mario Kempes.<\/p>\n<p>\u00abTodav\u00eda no se sab\u00eda si jugaba Roberto Colautti o yo. Yo estaba meando, Carlos (Bianchi) se pone al lado m\u00edo y me dice: &#8216;Carlos, mir\u00e1 que vas a jugar vos&#8217;. Me empez\u00f3 a temblar todo, te juro\u00bb, coment\u00f3 el entonces delantero sobre lo que fue la antesala de su estreno, justo un \u00abD\u00eda de la Madre\u00bb.<\/p>\n<p><strong>En mayo de 2002 convirti\u00f3 su primer gol, ante Olimpia de Paraguay por Copa Libertadores<\/strong> y el cari\u00f1o de la gente fue en aumento.<\/p>\n<p><strong>En 2003, Carlitos se consagr\u00f3 en Boca y con la vuelta de Bianchi al banco del club de la Ribera obtuvo su primer t\u00edtulo oficial, la Libertadores 2003<\/strong>. Tevez marc\u00f3 un gol en el partido de vuelta de la final frente al Santos, de Brasil (3-1). Tambi\u00e9n logr\u00f3 el Torneo Apertura y cerr\u00f3 el a\u00f1o ganando la Copa Intercontinental frente al Milan de Italia, en recordada definici\u00f3n por penales.<\/p>\n<p>El a\u00f1o siguiente dej\u00f3 un sabor agridulce. Porque <strong>Boca perdi\u00f3 la Recopa Sudamericana (ante Cienciano de Cusco) y fue subcampe\u00f3n en la Libertadores (perdi\u00f3 por penales con Once Caldas en Colombia)<\/strong>. Lo cierto es que ante River, en las semifinales del certamen continental, Tevez marc\u00f3 uno de sus tantos m\u00e1s festejados.<\/p>\n<p>Fue el 1-1 parcial del encuentro jugado en el estadio Monumental, cuando se sac\u00f3 la remera, hizo un aleteo y patent\u00f3 la &#8216;Gallinita&#8217; para cargar a los hinchas riverplatenses.<\/p>\n<p><figure class=\"mb-3\"><img decoding=\"async\" src=\"https:\/\/www.telam.com.ar\/thumbs\/bluesteel\/advf\/imagenes\/2022\/08\/6303ef56c8766_1200.jpg\" class=\" lazy \" width=\"100%\" height=\"100%\" alt=\"Tevez retirado del ftbol inici su carrera como DT en Central Foto Sebastin Granata\"\/><figcaption> Tevez, retirado del f\u00fatbol, inici\u00f3 su carrera como DT en Central \/ Foto: Sebasti\u00e1n Granata. <\/figcaption><\/figure>\n<p><strong>El atacante cerr\u00f3 su etapa en el club xeneize, antes de ser transferido al Corinthians de Brasil,<\/strong> con la conquista de la Copa Sudamericana, tras vencer en la definici\u00f3n al Bol\u00edvar de La Paz, con un marcador global 2-1. Hubo un gol suyo y otro de Mart\u00edn Palermo.<\/p>\n<p><strong>En el exterior, el \u00eddolo jug\u00f3 en el elenco paulista, West Ham, Manchester United, Manchester City y Juventus<\/strong>. Rechaz\u00f3 ofrecimientos de Atl\u00e9tico Madrid y Par\u00eds Saint Germain para retornar, una d\u00e9cada despu\u00e9s, al club de sus amores.<\/p>\n<p><strong>Fue presentado el 13 de julio del 2015 en La Bombonera, <\/strong>con 60.000 personas en las tribunas.<\/p>\n<p><strong>\u00abRom\u00e1n es el m\u00e1ximo \u00eddolo. No vengo a superarlo. Vengo a hacer mi propia historia. <\/strong>A los 20 a\u00f1os, el Mundo Boca me devor\u00f3. Ahora estoy m\u00e1s preparado. Ahora me siento preparado para el Mundo Boca\u00bb, dijo el \u00abApache\u00bb ese d\u00eda de su presentaci\u00f3n.<\/p>\n<p>El domingo 18, en otra Bombonera llena, Boca super\u00f3 a Quilmes por 2-1 por la fecha 17 del Campeonato Argentino 2015 y Tevez produjo su reaparici\u00f3n.<\/p>\n<p>Una mueca de desencanto represent\u00f3 para \u00e9l y para todo el club, la eliminaci\u00f3n prematura en semifinales ante Independiente del Valle (3-5 en el global), con Guillermo Barros Schelotto como DT.<\/p>\n<p><figure class=\"mb-3\"><img decoding=\"async\" src=\"https:\/\/www.telam.com.ar\/thumbs\/bluesteel\/advf\/imagenes\/2022\/08\/62fd89b4e3e47_1200.jpg\" class=\" lazy \" width=\"100%\" height=\"100%\" alt=\"Carlitos siempre recibe agasajos cuando vuelve a La Bombonera donde sus gambetas de potrero quedaron grabadas para siempre Foto Twitter\"\/><figcaption> \u00abCarlitos\u00bb siempre recibe agasajos cuando vuelve a La Bombonera, donde sus gambetas de potrero quedaron grabadas para siempre \/ Foto Twitter. <\/figcaption><\/figure>\n<p>Tras quedar en el ojo de la tormenta<strong>, Tevez tom\u00f3 la pol\u00e9mica decisi\u00f3n de irse a jugar al Shanghai Shenhua, de China, <\/strong>en lo que fue quiz\u00e1s la etapa m\u00e1s negativa de su carrera.<\/p>\n<p>Tras pasar un a\u00f1o en Asia y no poder asentarse tom\u00f3 la decisi\u00f3n de regresar al \u00abXeneize\u00bb.<\/p>\n<p>Al llegar no hall\u00f3 continuidad con el mellizo Barros Schelotto y fue suplente en el desquite, jugado en Madrid, cuando River gan\u00f3 3-1 y se llev\u00f3 la Libertadores 2018.<\/p>\n<p>Con el cambio de entrenadores, Tevez empezar\u00eda a jugar m\u00e1s<strong> y ser\u00eda titular indiscutible en 2020 de la mano de Miguel \u00c1ngel Russo.<\/strong><\/p>\n<p>Obtuvo algunos t\u00edtulos locales, pero en el que m\u00e1s se destac\u00f3 y a\u00fan queda el recuerdo de los hinchas,<strong> marcado a fuego result\u00f3 esa Superliga 2020.<\/strong><\/p>\n<p><strong>Un 7 de marzo, Boca se consagr\u00f3 campe\u00f3n arrebat\u00e1ndole el torneo a River Plate al ganarle a Gimnasia y Esgrima La Plata por 1 a 0, con un golazo de Tevez.<\/strong><\/p>\n<p>Ese d\u00eda fue muy especial para \u00e9l y para los hinchas, ya que Maradona volver\u00eda por \u00faltima vez a la Bombonera, en esa oportunidad como entrenador del \u00abLobo\u00bb.<\/p>\n<p>La posterior pandemia del Covid-19 cambi\u00f3 la vida de todos y en la reanudaci\u00f3n, a principios de 2021, Boca gan\u00f3 la Copa Diego Maradona (que hab\u00eda fallecido unos meses antes), tras derrotar a Banfield en la final.<\/p>\n<p><figure class=\"mb-3\"><img decoding=\"async\" src=\"https:\/\/www.telam.com.ar\/thumbs\/bluesteel\/advf\/imagenes\/2024\/02\/65bff9bc97b4e_1200.jpg\" class=\" lazy \" width=\"100%\" height=\"100%\" alt=\"Tevez y Maradona desarrollaron una relacin afectiva muy particular en la Seleccin Argentina y tambin en el mundo del ftbol Foto Archivo Tlam\"\/><figcaption> Tevez y Maradona desarrollaron una relaci\u00f3n afectiva muy particular en la Selecci\u00f3n Argentina y tambi\u00e9n en el mundo del f\u00fatbol \/ Foto: Archivo T\u00e9lam. <\/figcaption><\/figure>\n<p>El contexto no era el mejor para el crack boquense, porque Segundo, su padre, estuvo internado en terapia intensiva y falleci\u00f3 en febrero de 2021. Meses despu\u00e9s, en junio, resolvi\u00f3 alejarse del club xeneize.<\/p>\n<p>\u00abEs un d\u00eda muy triste para m\u00ed. Como jugador, no voy a poder ponerme m\u00e1s la camiseta de Boca. Voy a estar para el hincha, para el pueblo boquense\u00bb, confirm\u00f3 Carlitos que dejar\u00eda el club de la \u00abRibera\u00bb.<\/p>\n<p><strong>\u00abNecesito estar con mi mam\u00e1, necesito ser hijo. Hace tres meses se fue mi viejo. Quiero ser padre, hijo y hermano<\/strong>. Es lo \u00fanico que tengo en mi cabeza\u00bb, justific\u00f3.<\/p>\n<p><strong>A mediados de 2022, en una entrevista con el periodista Alejandro Fantino, Tevez confirm\u00f3 oficialmente su retiro del f\u00fatbol.<\/strong><\/p>\n<p>\u00abEn mi \u00faltimo cumplea\u00f1os, ped\u00ed el micr\u00f3fono. Mis t\u00edos y primos quer\u00edan que vuelva a jugar y estaba toda mi familia. Primero ped\u00ed algo especial, una foto con Vane, mi hermana, mi mam\u00e1 y mi mejor amigo. Y despu\u00e9s empec\u00e9 a explicarle a mi familia por qu\u00e9 (se hab\u00eda retirado), porque todos me lo preguntaban todo el tiempo, hasta que les dije, &#8216;dej\u00e9 de jugar porque perd\u00ed a mi fan n\u00famero uno\u2032\u00bb, expres\u00f3 emocionado.<\/p>\n<p>Tras el mal trago el jugador le dio paso al entrenador: <strong>\u00abVoy a ser director t\u00e9cnico, estoy muy entusiasmado\u00bb, dijo.<\/strong> Y su primera experiencia la cumpli\u00f3 en Rosario Central.<\/p>\n<p>Tevez tuvo una carrera envidiable como futbolista, con 721 partidos, marc\u00f3 291 goles y asisti\u00f3 en 120 oportunidades. A nivel clubes logr\u00f3 26 trofeos, 21 locales y cinco internacionales.<\/p>\n<p>Con el seleccionado argentino, en tanto, logr\u00f3 en las juveniles el Sudamericano Sub-20 2003, el Preol\u00edmpico Sub-23 de 2004 y la medalla de oro en los Juegos Ol\u00edmpicos de Atenas 2004.<\/p>\n<div class=\"jumbotron pt-4 mt-3\">\n<h3 class=\"module-title\">Tevez y Maradona, un amor de \u00abpadre e hijo\u00bb que fue reflejo en la Selecci\u00f3n argentina<\/h3>\n<p>La historia de Carlos Tevez en el seleccionado argentino no trascendi\u00f3 por t\u00edtulos, ya que nunca pudo ser campe\u00f3n, m\u00e1s all\u00e1 de haber estado en tres finales de Copa Am\u00e9rica: 2004, 2007 y 2015.<\/p>\n<p>Es cierto, el otrora delantero de Boca, que este lunes festejar\u00e1 sus 40 a\u00f1os, gan\u00f3 el Sudamericano Sub-20 de 2003, el Preol\u00edmpico Sub-23 de 2004 y la medalla de oro en los Juegos Ol\u00edmpicos de Atenas 2004.<\/p>\n<p>El \u00abApache\u00bb tuvo buenos y malos momentos en la \u00abalbiceleste\u00bb, pero para \u00e9l los mejores recuerdos los vivi\u00f3 al lado de Diego Armando Maradona, a quien siempre lo consider\u00f3 como un padre.<\/p>\n<p>\u00abSoy agradecido de que me eligi\u00f3 toda la vida. Porque \u00e9l, como te amaba, si le hac\u00edas alguna te odiaba. Fui elegido de principio a fin y eso es lo que m\u00e1s valoro. Sab\u00e9s que Diego no era f\u00e1cil, pero siempre lo tom\u00e9 como que era mi segundo pap\u00e1 porque siempre me aconsej\u00f3\u00bb, manifest\u00f3 Carlitos sobre como era su v\u00ednculo el eterno &#8217;10&#8217;.<\/p>\n<p>Tevez complet\u00f3 en total 76 partidos en el seleccionado argentino, con 13 goles y 13 asistencias. Fue parte del plantel en el Mundial Sud\u00e1frica 2010, donde Diego estuvo al frente del equipo como DT.<\/p>\n<p>\u00abEl Mundial de Sud\u00e1frica la pas\u00e9 maravillosamente bien. Las noches eran eternas, \u00e9l (por Maradona) no se pod\u00eda dormir a la noche, ven\u00eda a mi habitaci\u00f3n porque yo me concentraba solo y la pas\u00e1bamos tan bien juntos que era incre\u00edble. Son cosas que a uno le quedan para siempre\u00bb, evoc\u00f3.<\/p>\n<p>\u00abPasaba 6 horas a solas con \u00e9l en el Mundial. Con mate, hablando de esto y lo otro, me contaba de todos los quilombos que ten\u00eda y todas sus cosas y yo tambi\u00e9n. Es como si te estuviera dirigiendo tu pap\u00e1 en un Mundial\u00bb, coment\u00f3 Tevez, quien en esa Copa del Mundo marc\u00f3 un doblete ante M\u00e9xico (3-1) para avanzar a los cuartos de final.<\/p>\n<p>Esa afectuosa relaci\u00f3n entre ambos se traslad\u00f3 en declaraciones tambi\u00e9n. Carlos defendi\u00f3 a Diego en momentos en que Julio Grondona, en ese entonces presidente de AFA, quer\u00eda eyectar del cargo al mejor futbolista de todos los tiempos.<\/p>\n<p>\u00abEn ning\u00fan momento me arrepiento de bancarlo en la Selecci\u00f3n, dije lo que sent\u00eda, habl\u00e9 con Julio (Grondona), los dos nos ten\u00edamos cari\u00f1o, y si fuese otro jugador creo que no volv\u00eda m\u00e1s a la Selecci\u00f3n. S\u00e9 muchas cosas m\u00e1s de lo que la gente sabe de lo que hac\u00eda Diego por la Selecci\u00f3n\u00bb, confes\u00f3.<\/p>\n<p>El debut del nacido en Fuerte Apache con la camiseta celeste y blanca se dio en 2004 frente a Ecuador por las Eliminatorias Sudamericanas bajo las \u00f3rdenes de Marcelo Bielsa. Fue parte de la Copa Am\u00e9rica 2004, en donde se gan\u00f3 la titularidad en las instancias finales de la competencia, ganada por Brasil en los penales a una Argentina que estuvo a minutos de levantar el cetro en el estadio Nacional de Lima.<\/p>\n<p>Tevez padeci\u00f3 tambi\u00e9n al seleccionado de Alemania en los dos Mundiales que jug\u00f3: 2006 y 2010, ya que los germanos eliminaron a la Argentina en cuartos de final de ambas competencias.<\/p>\n<p>Sin esperarlo o sin previo aviso, la \u00faltima convocatoria de Tevez al seleccionado se dio en las Eliminatorias mundialistas para el Mundial Rusia 2018. As\u00ed un 14 de octubre de 2015, el atacante jug\u00f3 sus \u00faltimos minutos con el combinado nacional en un duelo con Paraguay.<\/p>\n<\/p><\/div>\n<p><\/div>\n<p><script async defer crossorigin=\"anonymous\" src=\"https:\/\/connect.facebook.net\/es_LA\/sdk.js#xfbml=1&#038;version=v12.0\" nonce=\"SBlHQzIF\"><\/script><br \/><a href=\"https:\/\/www.telam.com.ar\/notas\/202402\/654341-tevez-cumpleanios.html\">source<\/a><\/p>\n","protected":false},"excerpt":{"rendered":"<p>Tevez en un festejo de gol contra Argentinos, en su primera vuelta a Boca, en&#8230;<\/p>\n","protected":false},"author":0,"featured_media":193121,"comment_status":"open","ping_status":"open","sticky":false,"template":"","format":"standard","meta":{"footnotes":""},"categories":[3],"tags":[],"class_list":["post-193120","post","type-post","status-publish","format-standard","has-post-thumbnail","hentry","category-deportes"],"featured_image_urls":{"full":["https:\/\/radiofenix.com.ar\/2023\/wp-content\/uploads\/2024\/02\/wp-header-logo-57.png",1004,669,false],"thumbnail":["https:\/\/radiofenix.com.ar\/2023\/wp-content\/uploads\/2024\/02\/wp-header-logo-57-150x150.png",150,150,true],"medium":["https:\/\/radiofenix.com.ar\/2023\/wp-content\/uploads\/2024\/02\/wp-header-logo-57-300x200.png",300,200,true],"medium_large":["https:\/\/radiofenix.com.ar\/2023\/wp-content\/uploads\/2024\/02\/wp-header-logo-57-768x512.png",640,427,true],"large":["https:\/\/radiofenix.com.ar\/2023\/wp-content\/uploads\/2024\/02\/wp-header-logo-57.png",640,426,false],"1536x1536":["https:\/\/radiofenix.com.ar\/2023\/wp-content\/uploads\/2024\/02\/wp-header-logo-57.png",1004,669,false],"2048x2048":["https:\/\/radiofenix.com.ar\/2023\/wp-content\/uploads\/2024\/02\/wp-header-logo-57.png",1004,669,false],"newsium-slider-full":["https:\/\/radiofenix.com.ar\/2023\/wp-content\/uploads\/2024\/02\/wp-header-logo-57.png",1004,669,false],"newsium-featured":["https:\/\/radiofenix.com.ar\/2023\/wp-content\/uploads\/2024\/02\/wp-header-logo-57.png",1004,669,false],"newsium-medium":["https:\/\/radiofenix.com.ar\/2023\/wp-content\/uploads\/2024\/02\/wp-header-logo-57-720x475.png",720,475,true]},"author_info":{"info":[""]},"category_info":"<a href=\"https:\/\/radiofenix.com.ar\/2023\/category\/deportes\/\" rel=\"category tag\">Deportes<\/a>","tag_info":"Deportes","comment_count":"0","_links":{"self":[{"href":"https:\/\/radiofenix.com.ar\/2023\/wp-json\/wp\/v2\/posts\/193120","targetHints":{"allow":["GET"]}}],"collection":[{"href":"https:\/\/radiofenix.com.ar\/2023\/wp-json\/wp\/v2\/posts"}],"about":[{"href":"https:\/\/radiofenix.com.ar\/2023\/wp-json\/wp\/v2\/types\/post"}],"replies":[{"embeddable":true,"href":"https:\/\/radiofenix.com.ar\/2023\/wp-json\/wp\/v2\/comments?post=193120"}],"version-history":[{"count":0,"href":"https:\/\/radiofenix.com.ar\/2023\/wp-json\/wp\/v2\/posts\/193120\/revisions"}],"wp:featuredmedia":[{"embeddable":true,"href":"https:\/\/radiofenix.com.ar\/2023\/wp-json\/wp\/v2\/media\/193121"}],"wp:attachment":[{"href":"https:\/\/radiofenix.com.ar\/2023\/wp-json\/wp\/v2\/media?parent=193120"}],"wp:term":[{"taxonomy":"category","embeddable":true,"href":"https:\/\/radiofenix.com.ar\/2023\/wp-json\/wp\/v2\/categories?post=193120"},{"taxonomy":"post_tag","embeddable":true,"href":"https:\/\/radiofenix.com.ar\/2023\/wp-json\/wp\/v2\/tags?post=193120"}],"curies":[{"name":"wp","href":"https:\/\/api.w.org\/{rel}","templated":true}]}}