{"id":193124,"date":"2024-02-06T08:57:24","date_gmt":"2024-02-06T08:57:24","guid":{"rendered":"https:\/\/radiofenix.com.ar\/2023\/juzgan-a-tres-policias-por-el-homicidio-de-un-joven-que-sufrio-un-episodio-psicotico\/"},"modified":"2024-02-06T08:57:24","modified_gmt":"2024-02-06T08:57:24","slug":"juzgan-a-tres-policias-por-el-homicidio-de-un-joven-que-sufrio-un-episodio-psicotico","status":"publish","type":"post","link":"https:\/\/radiofenix.com.ar\/2023\/juzgan-a-tres-policias-por-el-homicidio-de-un-joven-que-sufrio-un-episodio-psicotico\/","title":{"rendered":"Juzgan a tres polic\u00edas por el homicidio de un joven que sufri\u00f3 un &quot;episodio psic\u00f3tico&quot;"},"content":{"rendered":"<div>\n<figure class=\"mb-3\"><img decoding=\"async\" src=\"https:\/\/www.telam.com.ar\/thumbs\/bluesteel\/advf\/imagenes\/2024\/02\/65bfbc139559a_1200.jpg\" class=\" lazy \" width=\"100%\" height=\"100%\" alt=\"Diego Barreto \"\/><figcaption> Diego Barreto. <\/figcaption><\/figure>\n<p> Un jurado popular juzgar\u00e1 desde ma\u00f1ana a tres polic\u00edas chaque\u00f1os acusados por la muerte de un joven de 25 a\u00f1os, quien en febrero de 2020 fue golpeado y asfixiado tras caer desde un primer piso luego de sufrir un \u00abepisodio psic\u00f3tico\u00bb, informaron hoy fuentes judiciales.<\/p>\n<p>Se trata del <strong>subcomisario Armando Diego Barbona (44), el agente Esteban Francisco Campos (29 y el oficial ayudante Gast\u00f3n Iv\u00e1n Delfino (35), imputados por el delito de \u00abhomicidio preterintencional\u00bb de Diego Emanuel Barreto<\/strong>, que prev\u00e9 una pena de entre 3 y 6 a\u00f1os de prisi\u00f3n.<\/p>\n<p>Fuentes judiciales informaron que <strong>los tres acusados, integrantes de la comisar\u00eda s\u00e9ptima de Resistencia, llegan al juicio en libertad.<\/strong><\/p>\n<p>El juez t\u00e9cnico que dirigir\u00e1 el debate ser\u00e1 Ernesto Azcona, de la C\u00e1mara Tercera en lo Criminal, y el fiscal encargado de llevar adelante la acusaci\u00f3n ser\u00e1 Francisco Turraca, mientras que la familia de la v\u00edctima estar\u00e1 representada por la abogada Daniela Calvo y por el Comit\u00e9 Provincial de Prevenci\u00f3n de la Tortura (CNPT), que tambi\u00e9n se constituy\u00f3 como querellante.<\/p>\n<p>\u00abDe los ex\u00e1menes m\u00e9dicos e interdisciplinarios realizados, se ha podido establecer que<strong> el personal policial que intervino en la reducci\u00f3n y aprehensi\u00f3n de Diego Emanuel Barreto, ejerci\u00f3 un exceso de fuerza sobre el cuerpo del nombrado<\/strong>, comprimiendo as\u00ed el lado izquierdo del cuello de \u00e9ste,<strong> lo que le provoc\u00f3 la muerte por asfixia mec\u00e1nica por compresi\u00f3n extr\u00ednseca del cuello\u00bb,<\/strong> asegur\u00f3 el fiscal en el requerimiento de elevaci\u00f3n a juicio -al que T\u00e9lam tuvo acceso-.<\/p>\n<p>El funcionario judicial indic\u00f3 que<strong> la autopsia fue realizada \u00abaplicando el Protocolo de Minnessota, el cual es un modelo para la investigaci\u00f3n legal de ejecuciones extralegales, arbitrarias y sumarias<\/strong> es un procedimiento modelo recomendado por el Alto Comisionado de las Naciones Unidas para los Derechos Humanos para investigar cr\u00edmenes de lesa humanidad en los que se hubieran cometido ejecuciones ilegales\u00bb.<\/p>\n<p>\u00abEl patr\u00f3n de lesiones externas corporales que fueron halladas en Barreto es compatible con agresi\u00f3n, lucha, defensa y sujeci\u00f3n manual, as\u00ed como de ca\u00edda de altura, arrastres e impacto directo de objetos, contra objetos y superficies, observ\u00e1ndose equimosis, excoriaciones, abrasiones, lesiones cortantes y combinadas en todos los segmentos corporales, lesiones compresivas en cuello, miembros superiores y genitales, impactos localizados sobre el t\u00f3rax y signos claros de intervenci\u00f3n m\u00e9dica para reanimaci\u00f3n inicial y avanzada\u00bb, se\u00f1al\u00f3.<\/p>\n<p>Adem\u00e1s, Turraca explic\u00f3 que \u00abla ausencia de lesiones externas en el cuello con infiltraciones y hemorragias en sus tejidos profundos, base de la boca, laringe, es\u00f3fago, tr\u00e1quea y elementos vasculares y nerviosos, indica que<strong> existi\u00f3 maniobra compresiva con energ\u00eda y duraci\u00f3n suficiente para lesionar e interrumpir la circulaci\u00f3n a\u00e9rea y sangu\u00ednea\u00bb.<\/strong><\/p>\n<p>\u00abHabitualmente se encuentra el mismo patr\u00f3n de lesiones y efectos durante la aplicaci\u00f3n de la estrangulaci\u00f3n antebraquial o armada para contenci\u00f3n y reducci\u00f3n de individuos no cooperativos, violentos y\/o agitados, lo cual se condice con los relatos obrantes en autos respecto a c\u00f3mo se encontraba Barreto al momento de su aprehensi\u00f3n\u00bb, dijo.<\/p>\n<p>Para la fiscal\u00eda, \u00abde los hallazgos se infiere que la sujeci\u00f3n pudo ocurrir con la persona inmovilizada boca abajo y la cabeza volteada a la derecha, con el reducidor pasando su antebrazo derecho o arma (tonfa o similar) por el cuello con bloqueo a la izquierda a nivel de la base del cuello; o pudo haber ocurrido con la persona inmovilizada boca arriba, con el reductor presionando su codo o extremo del elemento en la base izquierda del cuello y el resto del antebrazo o arma continuando la presi\u00f3n sobre la regi\u00f3n central\u00bb.<\/p>\n<p>\u00abEsto se condice con los relatos de testigos que aseguran que <strong>Diego Barrero, luego de ser extra\u00eddo de la parte inferior del autom\u00f3vil del que se encontraba sujetado, fue colocado en la vereda, en el c\u00e9sped, boca abajo y esposado.<\/strong> Adem\u00e1s, la probable compresi\u00f3n del t\u00f3rax contra el piso, ejercida por el peso corporal del reducidor u otras personas, pudo coadyuvar como mecanismo asf\u00edctico, empeorando la injuria an\u00f3xica de los pulmones por sofocaci\u00f3n\u00bb, sostuvo.<\/p>\n<p>Seg\u00fan el fiscal, \u00abdados los diversos puntos de presi\u00f3n que revelan las hemorragias y lesiones, tambi\u00e9n se considera posible que m\u00e1s de una persona realizara maniobras de reducci\u00f3n y contenci\u00f3n sobre el fallecido\u00bb.<\/p>\n<p>\u00abEsto se ratifica con el relato de testigos que detallaron como el personal policial redujo a Barreto, siendo que uno de ellos apoy\u00f3 su rodilla en la espalda del reducido para sostenerlo, mientras que otros lo sosten\u00edan de pies y manos\u00bb, expres\u00f3 Turraca en el escrito.<\/p>\n<p>En tanto, el representante del Ministerio P\u00fablico dijo que \u00abrespecto a la causa de la excitaci\u00f3n psicomotora que presentaba antes de morir, no se debi\u00f3 a intoxicaci\u00f3n, pero tampoco a efectos del trauma cr\u00e1neo-encef\u00e1lico detectado, ya que consta que fue una conducta percibida en el fallecido con anterioridad a la ca\u00edda\u00bb.<\/p>\n<p>\u00abTampoco se hallaron otras condiciones patol\u00f3gicas durante la autopsia y microscop\u00eda que pudieran generarla, y, conforme la toxicolog\u00eda, no se habr\u00eda tratado de s\u00edndrome de abstinencia\u00bb, confirm\u00f3 el fiscal, quien a\u00f1adi\u00f3 que, teniendo en cuenta la opini\u00f3n m\u00e9dica, \u00abes probable que se debiera a alguna clase de episodio psic\u00f3tico\u00bb.<\/p>\n<h2 class=\"\">El hecho<\/h2>\n<p>\u00a0El hecho ocurri\u00f3 el 13 de febrero de 2020, alrededor de las 7.50 de la ma\u00f1ana, en avenida Edison al 1300, casi esquina Ernesto Duvivier, donde<strong> el joven cay\u00f3 de un primer piso.<\/strong><\/p>\n<p>Tras ello, los polic\u00edas de la comisar\u00eda s\u00e9ptima fueron alertados por lo ocurrido y al llegar al lugar redujeron a Barreto, quien ten\u00eda algunas lesiones por la ca\u00edda.<\/p>\n<p>Para la acusaci\u00f3n<strong>, \u00abDelfino le propin\u00f3 golpes con su rodilla en las costillas a Barreto, dobl\u00e1ndole los brazos, Campos lo agarr\u00f3 fuertemente del cabello y Barbona lo tom\u00f3 fuertemente de los genitales y de las piernas para que \u00e9ste soltara el autom\u00f3vil<\/strong> estacionado en el mismo lugar\u00bb.<\/p>\n<p>\u00abUna vez cumplida dicha finalidad lo colocaron boca abajo espos\u00e1ndolo, manteni\u00e9ndolo sostenido en el suelo para inmovilizarlo, provoc\u00e1ndole con tales actos de sujeci\u00f3n y compresi\u00f3n la muerte por asfixia mec\u00e1nica\u00bb, concluyeron los investigadores.<\/p>\n<h2 class=\"\">El reclamo de la madre<\/h2>\n<p>\u00a0La madre de <strong>Diego Emanuel Barreto, quien en 2020 muri\u00f3 tras ser asfixiado presuntamente por polic\u00edas que lo redujeron tras caer de un primer piso, pidi\u00f3 que \u00abel caso no quede impune\u00bb<\/strong> y que condenen a los acusados que lo \u00abtorturaron y lo maltrataron por nada\u00bb.<\/p>\n<p>\u00abEspero justicia para que la sociedad quede limpia de personas as\u00ed que obran de mala manera porque yo no creo en la polic\u00eda, no siento que estoy cuidada, al contrario, siento miedo\u00bb, dijo a T\u00e9lam Anal\u00eda Ojeda, madre del joven.<\/p>\n<p>La mujer asegur\u00f3 que necesita \u00abcerrar este ciclo de duelo de todos los d\u00edas, m\u00e1s sabiendo que esta gente est\u00e1 en la calle\u00bb.<\/p>\n<p>\u00abPido que el caso de Ema no quede impune y que se tome conciencia para ver qui\u00e9nes son las personas que tenemos en las calles y qui\u00e9nes nos cuidan\u00bb, expres\u00f3 la madre de Barreto, quien ten\u00eda un hijo de cuatro a\u00f1os y trabajaba en un supermercado.<\/p>\n<p>Por \u00faltimo, Anal\u00eda afirm\u00f3 que \u00abnadie est\u00e1 exento de que te arrebaten un hijo de un d\u00eda para el otro y con tantos sue\u00f1os como \u00e9l ten\u00eda\u00bb.<\/p>\n<p>\u00abEstos polic\u00edas lo torturaron y lo maltrataron por nada porque \u00e9l no agredi\u00f3 a nadie. Cuesta verlos sueltos porque es como que te est\u00e1n matando en vida\u00bb, concluy\u00f3. <\/p>\n<\/div>\n<p><script async defer crossorigin=\"anonymous\" src=\"https:\/\/connect.facebook.net\/es_LA\/sdk.js#xfbml=1&#038;version=v12.0\" nonce=\"SBlHQzIF\"><\/script><br \/><a href=\"https:\/\/www.telam.com.ar\/notas\/202402\/654326-policias-chaco-joven-episodio-psicotico.html\">source<\/a><\/p>\n","protected":false},"excerpt":{"rendered":"<p>Diego Barreto. Un jurado popular juzgar\u00e1 desde ma\u00f1ana a tres polic\u00edas chaque\u00f1os acusados por la&#8230;<\/p>\n","protected":false},"author":0,"featured_media":193125,"comment_status":"open","ping_status":"open","sticky":false,"template":"","format":"standard","meta":{"footnotes":""},"categories":[64],"tags":[],"class_list":["post-193124","post","type-post","status-publish","format-standard","has-post-thumbnail","hentry","category-policiales"],"featured_image_urls":{"full":["https:\/\/radiofenix.com.ar\/2023\/wp-content\/uploads\/2024\/02\/wp-header-logo-59.png",343,373,false],"thumbnail":["https:\/\/radiofenix.com.ar\/2023\/wp-content\/uploads\/2024\/02\/wp-header-logo-59-150x150.png",150,150,true],"medium":["https:\/\/radiofenix.com.ar\/2023\/wp-content\/uploads\/2024\/02\/wp-header-logo-59-276x300.png",276,300,true],"medium_large":["https:\/\/radiofenix.com.ar\/2023\/wp-content\/uploads\/2024\/02\/wp-header-logo-59.png",343,373,false],"large":["https:\/\/radiofenix.com.ar\/2023\/wp-content\/uploads\/2024\/02\/wp-header-logo-59.png",343,373,false],"1536x1536":["https:\/\/radiofenix.com.ar\/2023\/wp-content\/uploads\/2024\/02\/wp-header-logo-59.png",343,373,false],"2048x2048":["https:\/\/radiofenix.com.ar\/2023\/wp-content\/uploads\/2024\/02\/wp-header-logo-59.png",343,373,false],"newsium-slider-full":["https:\/\/radiofenix.com.ar\/2023\/wp-content\/uploads\/2024\/02\/wp-header-logo-59.png",343,373,false],"newsium-featured":["https:\/\/radiofenix.com.ar\/2023\/wp-content\/uploads\/2024\/02\/wp-header-logo-59.png",343,373,false],"newsium-medium":["https:\/\/radiofenix.com.ar\/2023\/wp-content\/uploads\/2024\/02\/wp-header-logo-59.png",343,373,false]},"author_info":{"info":[""]},"category_info":"<a href=\"https:\/\/radiofenix.com.ar\/2023\/category\/policiales\/\" rel=\"category tag\">Policiales<\/a>","tag_info":"Policiales","comment_count":"0","_links":{"self":[{"href":"https:\/\/radiofenix.com.ar\/2023\/wp-json\/wp\/v2\/posts\/193124","targetHints":{"allow":["GET"]}}],"collection":[{"href":"https:\/\/radiofenix.com.ar\/2023\/wp-json\/wp\/v2\/posts"}],"about":[{"href":"https:\/\/radiofenix.com.ar\/2023\/wp-json\/wp\/v2\/types\/post"}],"replies":[{"embeddable":true,"href":"https:\/\/radiofenix.com.ar\/2023\/wp-json\/wp\/v2\/comments?post=193124"}],"version-history":[{"count":0,"href":"https:\/\/radiofenix.com.ar\/2023\/wp-json\/wp\/v2\/posts\/193124\/revisions"}],"wp:featuredmedia":[{"embeddable":true,"href":"https:\/\/radiofenix.com.ar\/2023\/wp-json\/wp\/v2\/media\/193125"}],"wp:attachment":[{"href":"https:\/\/radiofenix.com.ar\/2023\/wp-json\/wp\/v2\/media?parent=193124"}],"wp:term":[{"taxonomy":"category","embeddable":true,"href":"https:\/\/radiofenix.com.ar\/2023\/wp-json\/wp\/v2\/categories?post=193124"},{"taxonomy":"post_tag","embeddable":true,"href":"https:\/\/radiofenix.com.ar\/2023\/wp-json\/wp\/v2\/tags?post=193124"}],"curies":[{"name":"wp","href":"https:\/\/api.w.org\/{rel}","templated":true}]}}