{"id":193140,"date":"2024-02-06T15:18:04","date_gmt":"2024-02-06T15:18:04","guid":{"rendered":"https:\/\/radiofenix.com.ar\/2023\/acuerdo-con-estados-unidos-para-profundizar-y-diversificar-las-relaciones-bilaterales\/"},"modified":"2024-02-06T15:18:04","modified_gmt":"2024-02-06T15:18:04","slug":"acuerdo-con-estados-unidos-para-profundizar-y-diversificar-las-relaciones-bilaterales","status":"publish","type":"post","link":"https:\/\/radiofenix.com.ar\/2023\/acuerdo-con-estados-unidos-para-profundizar-y-diversificar-las-relaciones-bilaterales\/","title":{"rendered":"Acuerdo con Estados Unidos para profundizar y diversificar las relaciones bilaterales"},"content":{"rendered":"<div>\n<figure class=\"mb-3\"><img decoding=\"async\" src=\"https:\/\/www.telam.com.ar\/thumbs\/bluesteel\/advf\/imagenes\/2024\/02\/65c10fa64cf03_1200.jpg\" class=\" lazy \" width=\"100%\" height=\"100%\" alt=\"Foto X Cancillera\"\/><figcaption> Foto: X Canciller\u00eda <\/figcaption><\/figure>\n<p> La canciller <strong>Diana Mondino<\/strong> se reuni\u00f3 este lunes con el secretario adjunto para Asuntos del Hemisferio Occidental del Departamento de Estado de los Estados Unidos, <strong>Brian Nichols<\/strong>, con quien coincidi\u00f3 en <strong>\u00abel inter\u00e9s de profundizar, ampliar y diversificar a\u00fan m\u00e1s la relaci\u00f3n bilateral\u00bb<\/strong> entre ambos pa\u00edses, informaron fuentes oficiales.<\/p>\n<p>Ambos funcionarios destacaron el <strong>\u00abtrabajo conjunto y en beneficio de los dos pa\u00edses\u00bb <\/strong>que llevan adelante los gobiernos como parte de un v\u00ednculo que lleva 201 a\u00f1os de vigencia, indic\u00f3 un comunicado de prensa difundido por la Canciller\u00eda.<\/p>\n<p>El texto oficial se\u00f1al\u00f3 que Mondino le reiter\u00f3 a Nichols que la Argentina \u00abaspira a fortalecer el v\u00ednculo con Estados Unidos a trav\u00e9s de una <strong>alianza estrat\u00e9gica<\/strong> que gire alrededor de varios ejes\u00bb, entre ellos la \u00abpromoci\u00f3n del desarrollo econ\u00f3mico, la democracia en la regi\u00f3n y en el mundo, y el respeto de la libertad de las personas\u00bb.<\/p>\n<p>Para la canciller, seg\u00fan el comunicado de prensa, \u00abEstados Unidos es un socio fundamental en materia de inversiones\u00bb, y en ese sentido \u00abpuso de relieve que el programa de reformas del Estado\u00bb, lanzado por el presidente Javier Milei, \u00abcontribuir\u00e1 a lograr el equilibrio fiscal, la transparencia, la previsibilidad, la estabilidad macroecon\u00f3mica, el crecimiento y una mejor definici\u00f3n de nuestra situaci\u00f3n financiera internacional\u00bb.<\/p>\n<blockquote class=\"twitter-tweet\">\n<p lang=\"es\" dir=\"ltr\">Argentina &#8211; Estados Unidos &#x1f1e6;&#x1f1f7;&#x1f1fa;&#x1f1f8;<\/p>\n<p>La Canciller y el Secretario Adjunto para el Hemisferio Occidental coincidieron en el inter\u00e9s de profundizar, ampliar y diversificar la relaci\u00f3n bilateral a trav\u00e9s del trabajo conjunto y en beneficio de los dos pa\u00edses.<\/p>\n<p>&#x1f4ce; <a href=\"https:\/\/t.co\/1BB6cnFbQU\">https:\/\/t.co\/1BB6cnFbQU<\/a> <a href=\"https:\/\/t.co\/0SN4rdSj9e\">pic.twitter.com\/0SN4rdSj9e<\/a><\/p>\n<p>\u2014 Canciller\u00eda Argentina &#x1f1e6;&#x1f1f7; (@CancilleriaARG) <a href=\"https:\/\/twitter.com\/CancilleriaARG\/status\/1754521338213990639?ref_src=twsrc%5Etfw\">February 5, 2024<\/a><\/p><\/blockquote>\n<p> Nichols, por su parte, indic\u00f3 que Estados Unidos espera trabajar conjuntamente con la Argentina, al que consider\u00f3 <strong>\u00abun pa\u00eds aliado, tanto en el \u00e1mbito bilateral como en la coordinaci\u00f3n de posiciones en el plano multilateral\u00bb.<\/strong><\/p>\n<p>El funcionario del Gobierno de Joe Biden arrib\u00f3 al pa\u00eds una semana despu\u00e9s de que el jefe de Gabinete, Nicol\u00e1s Posse, mantuviera en el pa\u00eds norteamericano una serie de reuniones, entre ellas con el subsecretario de Asuntos Internacionales del Tesoro, Jay Shambaugh; y con autoridades de la CIA y el Comando Sur.<\/p>\n<p>Estados Unidos es para el Gobierno nacional un aliado estrat\u00e9gico en materia de pol\u00edtica internacional; hacia all\u00ed viaj\u00f3 el presidente Milei d\u00edas antes de asumir la presidencia, en lo que el primer periplo internacional tras ser electo al frente de la Argentina. <\/p>\n<\/div>\n<p><script async src=\"\/\/platform.twitter.com\/widgets.js\" charset=\"utf-8\"><\/script><script async defer crossorigin=\"anonymous\" src=\"https:\/\/connect.facebook.net\/es_LA\/sdk.js#xfbml=1&#038;version=v12.0\" nonce=\"SBlHQzIF\"><\/script><br \/><a href=\"https:\/\/www.telam.com.ar\/notas\/202402\/654394-mondino-eeuu-alianza-estrategica.html\">source<\/a><\/p>\n","protected":false},"excerpt":{"rendered":"<p>Foto: X Canciller\u00eda La canciller Diana Mondino se reuni\u00f3 este lunes con el secretario adjunto&#8230;<\/p>\n","protected":false},"author":0,"featured_media":193141,"comment_status":"open","ping_status":"open","sticky":false,"template":"","format":"standard","meta":{"footnotes":""},"categories":[2],"tags":[],"class_list":["post-193140","post","type-post","status-publish","format-standard","has-post-thumbnail","hentry","category-politica"],"featured_image_urls":{"full":["https:\/\/radiofenix.com.ar\/2023\/wp-content\/uploads\/2024\/02\/wp-header-logo-67.png",1200,675,false],"thumbnail":["https:\/\/radiofenix.com.ar\/2023\/wp-content\/uploads\/2024\/02\/wp-header-logo-67-150x150.png",150,150,true],"medium":["https:\/\/radiofenix.com.ar\/2023\/wp-content\/uploads\/2024\/02\/wp-header-logo-67-300x169.png",300,169,true],"medium_large":["https:\/\/radiofenix.com.ar\/2023\/wp-content\/uploads\/2024\/02\/wp-header-logo-67-768x432.png",640,360,true],"large":["https:\/\/radiofenix.com.ar\/2023\/wp-content\/uploads\/2024\/02\/wp-header-logo-67-1024x576.png",640,360,true],"1536x1536":["https:\/\/radiofenix.com.ar\/2023\/wp-content\/uploads\/2024\/02\/wp-header-logo-67.png",1200,675,false],"2048x2048":["https:\/\/radiofenix.com.ar\/2023\/wp-content\/uploads\/2024\/02\/wp-header-logo-67.png",1200,675,false],"newsium-slider-full":["https:\/\/radiofenix.com.ar\/2023\/wp-content\/uploads\/2024\/02\/wp-header-logo-67.png",1200,675,false],"newsium-featured":["https:\/\/radiofenix.com.ar\/2023\/wp-content\/uploads\/2024\/02\/wp-header-logo-67-1024x576.png",1024,576,true],"newsium-medium":["https:\/\/radiofenix.com.ar\/2023\/wp-content\/uploads\/2024\/02\/wp-header-logo-67-720x475.png",720,475,true]},"author_info":{"info":[""]},"category_info":"<a href=\"https:\/\/radiofenix.com.ar\/2023\/category\/politica\/\" rel=\"category tag\">Pol\u00edtica<\/a>","tag_info":"Pol\u00edtica","comment_count":"0","_links":{"self":[{"href":"https:\/\/radiofenix.com.ar\/2023\/wp-json\/wp\/v2\/posts\/193140","targetHints":{"allow":["GET"]}}],"collection":[{"href":"https:\/\/radiofenix.com.ar\/2023\/wp-json\/wp\/v2\/posts"}],"about":[{"href":"https:\/\/radiofenix.com.ar\/2023\/wp-json\/wp\/v2\/types\/post"}],"replies":[{"embeddable":true,"href":"https:\/\/radiofenix.com.ar\/2023\/wp-json\/wp\/v2\/comments?post=193140"}],"version-history":[{"count":0,"href":"https:\/\/radiofenix.com.ar\/2023\/wp-json\/wp\/v2\/posts\/193140\/revisions"}],"wp:featuredmedia":[{"embeddable":true,"href":"https:\/\/radiofenix.com.ar\/2023\/wp-json\/wp\/v2\/media\/193141"}],"wp:attachment":[{"href":"https:\/\/radiofenix.com.ar\/2023\/wp-json\/wp\/v2\/media?parent=193140"}],"wp:term":[{"taxonomy":"category","embeddable":true,"href":"https:\/\/radiofenix.com.ar\/2023\/wp-json\/wp\/v2\/categories?post=193140"},{"taxonomy":"post_tag","embeddable":true,"href":"https:\/\/radiofenix.com.ar\/2023\/wp-json\/wp\/v2\/tags?post=193140"}],"curies":[{"name":"wp","href":"https:\/\/api.w.org\/{rel}","templated":true}]}}