{"id":193236,"date":"2024-02-11T01:04:55","date_gmt":"2024-02-11T01:04:55","guid":{"rendered":"https:\/\/radiofenix.com.ar\/2023\/para-el-futuro-imagino-una-mar-del-plata-instalada-en-el-mundo\/"},"modified":"2024-02-11T01:04:55","modified_gmt":"2024-02-11T01:04:55","slug":"para-el-futuro-imagino-una-mar-del-plata-instalada-en-el-mundo","status":"publish","type":"post","link":"https:\/\/radiofenix.com.ar\/2023\/para-el-futuro-imagino-una-mar-del-plata-instalada-en-el-mundo\/","title":{"rendered":"&quot;Para el futuro imagino una Mar del Plata instalada en el mundo&quot;"},"content":{"rendered":"<div>\n<figure class=\"mb-3\"><img decoding=\"async\" src=\"https:\/\/www.telam.com.ar\/thumbs\/bluesteel\/advf\/imagenes\/2024\/02\/65c79518485c1_1200.jpg\" class=\" lazy \" width=\"100%\" height=\"100%\" alt=\"Guillermo Montenegro intendente de Mar del Plata foto Diego Izquierdo\"\/><figcaption> Guillermo Montenegro intendente de Mar del Plata. foto Diego Izquierdo <\/figcaption><\/figure>\n<p> A los 11 a\u00f1os, festej\u00f3 con sus compa\u00f1eros del colegio primario el centenario de Mar del Plata, y medio siglo m\u00e1s tarde, a Guillermo Montenegro le toca celebrar desde el lugar de intendente el aniversario 150 de la fundaci\u00f3n de la que para \u00e9l es \u00abla mejor ciudad de mundo\u00bb, y mientras recuerda a aquellos \u00abamigos de verano con los que te carteabas dos o tres veces por a\u00f1o\u00bb, subraya los desaf\u00edos actuales de un distrito que supera en poblaci\u00f3n a muchas provincias y es siete veces m\u00e1s grande que la Ciudad de Buenos Aires.<\/p>\n<p>De cara a un <strong>fin de semana largo<\/strong> que incluir\u00e1 una gran cantidad de actividades por los festejos -desde recitales de La Joaqui y Los Totora hasta la presencia de La Fragata Libertad y shows de acrobacias a\u00e9reas o una torta gigante de 150 kilos-, Montenegro remarc\u00f3 en una entrevista con T\u00e9lam el impacto que tuvo en la ciudad el cambio en las formas de vacaciones en los \u00faltimos a\u00f1os, que \u00abla obliga\u00bb a adaptar su perfil productivo: \u00abDe aquellos veraneos de cuatro meses pasamos a los 15 d\u00edas como mucho, y hoy son cuatro o cinco d\u00edas, pero mirando c\u00f3mo est\u00e1 el clima y qu\u00e9 hay para hacer en esos d\u00edas\u00bb.<\/p>\n<p>\u00abHoy el ciento por ciento de los argentinos conoce Mar del Plata, yo me imagino para el futuro una ciudad instalada en el mundo\u00bb, asegur\u00f3.<\/p>\n<p><strong>&#8211; La \u00abCiudad Feliz\u00bb, el sue\u00f1o de todo argentino despu\u00e9s de jubilarse, una megaciudad, la \u00abCapital nacional del pul\u00f3ver\u00bb. \u00bfQu\u00e9 es exactamente Mar del Plata?<\/strong><br \/><strong>&#8211;\u00a0<\/strong>Cuando yo era chico y festejamos los 100 a\u00f1os, claramente la potencia de Mar del Plata ven\u00eda por dos lugares: el turismo y la pesca. Y en los \u00faltimos 50 a\u00f1os hubo una evoluci\u00f3n desde lo comercial, industrial, tecnol\u00f3gico, y en ser una ciudad de doce meses. Cambi\u00f3 la forma de vacacionar. Yo de chico ten\u00eda amigos de verano, que te escrib\u00edan una carta en noviembre para avisar que ven\u00edan con su familia en diciembre y se quedaban hasta marzo. Eran amigos con los que te carteabas dos o tres veces por a\u00f1o como mucho. Hoy es la principal ciudad industrial de la provincia de Buenos Aires, uno de los cordones frutihort\u00edcolas m\u00e1s importantes de Argentina, y el lugar de descarga de casi el 50 por ciento de lo que se pesca en el Mar Argentino. Y adem\u00e1s es una ciudad con turismo, con la costa, las sierras, y tambi\u00e9n un polo atractivo a la hora de generar inversiones.<\/p>\n<p><strong>&#8211; \u00bfQu\u00e9 tiene de particular la gente de Mar del Plata?<\/strong><br \/>&#8211; Cuando vos vas al Parque Industrial y ves que casi el ciento por ciento de las empresas que est\u00e1n ah\u00ed arranc\u00f3 en un garage -Cabrales, Havanna, Lucciano\u00b4s, Antares- ves una potencia que tiene que ver con los marplatenses. Y eso creo es lo que m\u00e1s se visualiza en estos 50 a\u00f1os que a m\u00ed me toc\u00f3 verla moverse y crecer.<\/p>\n<p><strong>&#8211; \u00bfQu\u00e9 Mar del Plata sobresale en sus recuerdos?<\/strong><br \/>&#8211; De chico, para mi la ciudad era lo mismo que es hoy: mis amigos, el colegio, mi club, mis viejos. Es muy fuerte ahora acordarse de aquellos festejos, de la foto nuestra en el colegio teniendo el cartel por los 100 a\u00f1os. Es muy fuerte hoy como intendente estar en los 150. Y me viene a la cabeza la permanente solidaridad en la ciudad, el mirar al otro. Eso lo dej\u00f3 a flor de piel la pandemia, en la que hubo una reacci\u00f3n muy importante de todos los marplatenses. Por eso la idea de estos festejos es que no sea solo para los que vienen, sino para los marplatenses, para los que hicieron esta ciudad y les metieron todo lo que tuvieron que meter.<\/p>\n<p><strong>&#8211; \u00bfQu\u00e9 m\u00e1s cambi\u00f3 desde el centenario hasta hoy?<\/strong><br \/><strong>&#8211; <\/strong>Cambi\u00f3 todo. Hab\u00eda gente que laburaba cuatro meses, muy intensivo, 24 horas, toda la familia trabajando en la helader\u00eda, en el hotel que despu\u00e9s cerraba en el invierno. Cambi\u00f3 la gastronom\u00eda, donde ten\u00edas restaurantes que tambi\u00e9n cerraban. Ahora se mantiene todo, por esfuerzo del privado y con nosotros generando los eventos para que eso ocurra. Hoy hablamos de que en el distrito tecnol\u00f3gico que hasta hace pocos a\u00f1os no exist\u00eda hay 2.000 puestos de trabajo, y creemos que tiene que haber 5.000, o que el primer parque industrial est\u00e1 lleno y vamos por el segundo. Y en lo que dec\u00edamos de la forma de vacacionar, de aquellos cuatro meses pasamos a los 15 d\u00edas hace diez a\u00f1os, y hoy son cuatro y cinco d\u00edas pero miro c\u00f3mo est\u00e1 el clima y qu\u00e9 hay para hacer en esos d\u00edas. Hoy se busca la experiencia: venir a hacer algo, no solo a la playa.<\/p>\n<p><strong>&#8211; \u00bfQu\u00e9 impacta del hecho de ser una ciudad que constantemente recibe a miles de personas?<\/strong><br \/>&#8211; Es un ciudad tan linda que es raro que no pienses \u00abyo me vendr\u00eda\u00bb. Est\u00e1 todav\u00eda esa cercan\u00eda, m\u00e1s all\u00e1 de que tiene obviamente las caracter\u00edsticas de una ciudad con casi un mill\u00f3n de habitantes. Y ah\u00ed est\u00e1 la complejidad de generar oportunidades para toda esa gente. Con la particularidad de que Mar del Plata no es capital de provincia, y m\u00e1s del 90 por ciento del empleo en la ciudad es privado. Entonces desde el lugar del Estado ten\u00e9s que ver c\u00f3mo ayudar a generar empleo de calidad, c\u00f3mo intervenir en eso de la estacionalidad de muchos empleos, c\u00f3mo darle contenido m\u00e1s all\u00e1 del verano. Por eso aquello de la Mar del Plata de doce meses no tiene que ver con una frase hecha, sino con pensar todo el tiempo c\u00f3mo generar oportunidades para que haya inversiones, con polos gastron\u00f3micos, cerveceros, de gin. Yo como intendente tengo tanto al marplatense como a un mont\u00f3n de gente que viene, y complementar eso a veces es dif\u00edcil, pero tengo una responsabilidad con mi ciudad y con que haya trabajo la mayor parte de tiempo posible.<\/p>\n<p><figure class=\"mb-3\"><img decoding=\"async\" src=\"https:\/\/www.telam.com.ar\/thumbs\/bluesteel\/advf\/imagenes\/2024\/02\/65c64b3c766b2_1200.jpg\" class=\" lazy \" width=\"100%\" height=\"100%\" alt=\"Mar del Plata celebra su 150 Aniversario Foto Diego Izquierdo\"\/><figcaption> Mar del Plata celebra su 150 Aniversario. Foto Diego Izquierdo <\/figcaption><\/figure>\n<p><strong>&#8211; Durante muchos a\u00f1os fue una ciudad que expulsaba a muchos j\u00f3venes. \u00bfSigue siendo un desaf\u00edo retener a ese sector?<\/strong><br \/>&#8211; S\u00ed, sobre todo cuando ten\u00e9s la base objetiva que son las universidades en Mar del Plata. El desaf\u00edo es qu\u00e9 hago para que el que estudia, se recibe o genera un oficio tenga un lugar ac\u00e1. Que si vos tom\u00e1s la decisi\u00f3n de irte no sea porque las circunstancias te obligan a irte, que no te expulse. Y creo que ah\u00ed una de las patas m\u00e1s importantes que trabajamos tiene que ver con el desarrollo industrial y con c\u00f3mo la tecnolog\u00eda se aplica en todas las industrias. Y aparece tambi\u00e9n esto de que hay gente que elige la ciudad y que puede hacer laburo home office, entonces est\u00e1n cuatro d\u00edas ac\u00e1 y uno en Buenos Aires. Por eso ese es nuestro desaf\u00edo, y no tiene que ver solo con el Gobierno, sino tambi\u00e9n con los privados que apuestan. Porque vos pod\u00e9s generar las facilidades, pero si los privados no te acompa\u00f1an no se genera empleo.<\/p>\n<p><strong>&#8211; En los \u00faltimos 50 a\u00f1os la ciudad duplic\u00f3 su poblaci\u00f3n. \u00bfQu\u00e9 frentes nuevos abri\u00f3 ese dato?<\/strong><br \/>&#8211; Muchos. En seguridad por ejemplo hab\u00eda quiz\u00e1s un lugar donde vos ten\u00edas una subcomisar\u00eda o una comisar\u00eda rural, y por como creci\u00f3 demogr\u00e1ficamente la ciudad eso cambi\u00f3. Hay que pensar c\u00f3mo se generan las posibilidades para que la ciudad crezca bien y no de manera desordenada. El tema de los servicios y de llegar a todos lados lo m\u00e1s r\u00e1pido posible es una complejidad. Una de las deudas que yo siento tiene que ver con el asfalto y con el estado de las calles. \u00bfEsto es una prioridad? S\u00ed, y una prioridad que me sale lo mismo que una ruta a Salta ida y vuelta. Entonces hay que planificar viendo c\u00f3mo complementarlo con los recursos propios. Pensemos que es un partido que es siete veces y medio m\u00e1s grande que CABA. Tiene 1.420 kil\u00f3metros cuadrados, con lo cu\u00e1l es un desaf\u00edo permanente ver para qu\u00e9 lado crece y con qu\u00e9 tipo de servicios.<\/p>\n<p><strong>&#8211; \u00bfQu\u00e9 ciudad imagina para las pr\u00f3ximas d\u00e9cadas o para el segundo centenario?<\/strong><br \/>&#8211; Hoy el ciento por ciento de los argentinos conoce Mar del Plata, y la gran mayor\u00eda ha venido y tiene un recuerdo, una an\u00e9cdota, o alguna imagen ten\u00e9s o viste alguna pel\u00edcula. Lo que yo me imagino para el futuro es una Mar del Plata instalada en el mundo. La potencia la tenemos, no solamente por lo linda que es, sino por lo que se genera. Cuando empez\u00e1s a ver las industrias que tenemos, yo quiero productos marplatenses en todo el mundo, que mi ciudad sea vista como un faro, que nos miren de todos lados. Tenemos esa potencia y creo que la tenemos que aprovechar. <\/p>\n<\/div>\n<p><script async defer crossorigin=\"anonymous\" src=\"https:\/\/connect.facebook.net\/es_LA\/sdk.js#xfbml=1&#038;version=v12.0\" nonce=\"SBlHQzIF\"><\/script><br \/><a href=\"https:\/\/www.telam.com.ar\/notas\/202402\/654897-montenegro-mar-del-plata-aniversario.html\">source<\/a><\/p>\n","protected":false},"excerpt":{"rendered":"<p>Guillermo Montenegro intendente de Mar del Plata. foto Diego Izquierdo A los 11 a\u00f1os, festej\u00f3&#8230;<\/p>\n","protected":false},"author":0,"featured_media":193237,"comment_status":"open","ping_status":"open","sticky":false,"template":"","format":"standard","meta":{"footnotes":""},"categories":[7],"tags":[],"class_list":["post-193236","post","type-post","status-publish","format-standard","has-post-thumbnail","hentry","category-sociedad"],"featured_image_urls":{"full":["https:\/\/radiofenix.com.ar\/2023\/wp-content\/uploads\/2024\/02\/wp-header-logo-115.png",1200,675,false],"thumbnail":["https:\/\/radiofenix.com.ar\/2023\/wp-content\/uploads\/2024\/02\/wp-header-logo-115-150x150.png",150,150,true],"medium":["https:\/\/radiofenix.com.ar\/2023\/wp-content\/uploads\/2024\/02\/wp-header-logo-115-300x169.png",300,169,true],"medium_large":["https:\/\/radiofenix.com.ar\/2023\/wp-content\/uploads\/2024\/02\/wp-header-logo-115-768x432.png",640,360,true],"large":["https:\/\/radiofenix.com.ar\/2023\/wp-content\/uploads\/2024\/02\/wp-header-logo-115-1024x576.png",640,360,true],"1536x1536":["https:\/\/radiofenix.com.ar\/2023\/wp-content\/uploads\/2024\/02\/wp-header-logo-115.png",1200,675,false],"2048x2048":["https:\/\/radiofenix.com.ar\/2023\/wp-content\/uploads\/2024\/02\/wp-header-logo-115.png",1200,675,false],"newsium-slider-full":["https:\/\/radiofenix.com.ar\/2023\/wp-content\/uploads\/2024\/02\/wp-header-logo-115.png",1200,675,false],"newsium-featured":["https:\/\/radiofenix.com.ar\/2023\/wp-content\/uploads\/2024\/02\/wp-header-logo-115-1024x576.png",1024,576,true],"newsium-medium":["https:\/\/radiofenix.com.ar\/2023\/wp-content\/uploads\/2024\/02\/wp-header-logo-115-720x475.png",720,475,true]},"author_info":{"info":[""]},"category_info":"<a href=\"https:\/\/radiofenix.com.ar\/2023\/category\/sociedad\/\" rel=\"category tag\">Sociedad<\/a>","tag_info":"Sociedad","comment_count":"0","_links":{"self":[{"href":"https:\/\/radiofenix.com.ar\/2023\/wp-json\/wp\/v2\/posts\/193236","targetHints":{"allow":["GET"]}}],"collection":[{"href":"https:\/\/radiofenix.com.ar\/2023\/wp-json\/wp\/v2\/posts"}],"about":[{"href":"https:\/\/radiofenix.com.ar\/2023\/wp-json\/wp\/v2\/types\/post"}],"replies":[{"embeddable":true,"href":"https:\/\/radiofenix.com.ar\/2023\/wp-json\/wp\/v2\/comments?post=193236"}],"version-history":[{"count":0,"href":"https:\/\/radiofenix.com.ar\/2023\/wp-json\/wp\/v2\/posts\/193236\/revisions"}],"wp:featuredmedia":[{"embeddable":true,"href":"https:\/\/radiofenix.com.ar\/2023\/wp-json\/wp\/v2\/media\/193237"}],"wp:attachment":[{"href":"https:\/\/radiofenix.com.ar\/2023\/wp-json\/wp\/v2\/media?parent=193236"}],"wp:term":[{"taxonomy":"category","embeddable":true,"href":"https:\/\/radiofenix.com.ar\/2023\/wp-json\/wp\/v2\/categories?post=193236"},{"taxonomy":"post_tag","embeddable":true,"href":"https:\/\/radiofenix.com.ar\/2023\/wp-json\/wp\/v2\/tags?post=193236"}],"curies":[{"name":"wp","href":"https:\/\/api.w.org\/{rel}","templated":true}]}}