{"id":193238,"date":"2024-02-11T01:04:58","date_gmt":"2024-02-11T01:04:58","guid":{"rendered":"https:\/\/radiofenix.com.ar\/2023\/barracas-central-buscara-sumar-otro-exito-ante-atletico-tucuman\/"},"modified":"2024-02-11T01:04:58","modified_gmt":"2024-02-11T01:04:58","slug":"barracas-central-buscara-sumar-otro-exito-ante-atletico-tucuman","status":"publish","type":"post","link":"https:\/\/radiofenix.com.ar\/2023\/barracas-central-buscara-sumar-otro-exito-ante-atletico-tucuman\/","title":{"rendered":"Barracas Central buscar\u00e1 sumar otro \u00e9xito ante Atl\u00e9tico Tucum\u00e1n"},"content":{"rendered":"<div>\n<figure class=\"mb-3\"><img decoding=\"async\" src=\"https:\/\/www.telam.com.ar\/thumbs\/bluesteel\/advf\/imagenes\/2023\/09\/65063e8c45c86_1200.jpg\" class=\" lazy \" width=\"100%\" height=\"100%\" alt=\"Foto Diego Aroz\"\/><figcaption> Foto: Diego Ar\u00e1oz. <\/figcaption><\/figure>\n<p><strong>Barracas Central<\/strong>, que viene de conseguir su primera victoria en la Copa de la Liga, recibir\u00e1 este domingo a <strong>Atl\u00e9tico Tucum\u00e1n<\/strong>, que no gan\u00f3 ning\u00fan partido este a\u00f1o, en la continuidad de la cuarta fecha.<\/p>\n<p>El encuentro, v\u00e1lido por la Zona A, se jugar\u00e1 este domingo a partir de las 21 en la cancha de Barracas Central, ser\u00e1 arbitrado por Andr\u00e9s Gariano y televisado por TNT Sports.<\/p>\n<p>Barracas gan\u00f3 su primera partido en la fecha pasada (ante Riestra, 1 a 0), antes hab\u00eda empatado con V\u00e9lez y perdido con River, en resultados l\u00f3gicos.<\/p>\n<p>La \u00fanica duda para recibir a los tucumanos es la presencia de <strong>Maximiliano Zalazar<\/strong>, quien sali\u00f3 lesionado ante Riestra, y si no llega ser\u00e1 reemplazado por el uruguayo Jhonatan Candia.<\/p>\n<blockquote class=\"twitter-tweet\">\n<p lang=\"es\" dir=\"ltr\">Otro domingo junto al Guapo.<br \/>Por la 4ta fecha de la <a href=\"https:\/\/twitter.com\/hashtag\/CopaSurFinanzas?src=hash&amp;ref_src=twsrc%5Etfw\">#CopaSurFinanzas<\/a> Barracas recibe a <a href=\"https:\/\/twitter.com\/atleticotucuman?ref_src=twsrc%5Etfw\">@atleticotucuman<\/a> cerrando la jornada de domingo desde las 21 hs en el Duc\u00f3.<a href=\"https:\/\/twitter.com\/hashtag\/CABC?src=hash&amp;ref_src=twsrc%5Etfw\">#CABC<\/a> <a href=\"https:\/\/twitter.com\/hashtag\/VamosBarracas?src=hash&amp;ref_src=twsrc%5Etfw\">#VamosBarracas<\/a> &#x1f1f5;&#x1f1ea; <a href=\"https:\/\/t.co\/sxTM4j9PxA\">pic.twitter.com\/sxTM4j9PxA<\/a><\/p>\n<p>\u2014 Club Atl\u00e9tico Barracas Central (@barracascentral) <a href=\"https:\/\/twitter.com\/barracascentral\/status\/1755938124520411445?ref_src=twsrc%5Etfw\">February 9, 2024<\/a><\/p><\/blockquote>\n<p> Los tucumanos, por su parte, empat\u00f3 con Central, perdi\u00f3 con Instituto y volvi\u00f3 a igualar con Argentinos, lo que gener\u00f3 preocupaci\u00f3n en la dupla t\u00e9cnica que conforman Sergio G\u00f3mez y Favio Orsi.<\/p>\n<p>Si bien el equipo no est\u00e1 confirmado, es probable que no haya cambios para visitar a Barrecas, mientras que el capit\u00e1n y referente <strong>Joaqu\u00edn Pereyra<\/strong> se mostr\u00f3 optimista pese al mal inicio en el certamen.<\/p>\n<p>\u00abNecesitamos los nueve puntos, tengo mucha fe que vamos a conseguir un buen resultado con Barracas y con River se nos dar\u00e1 bien porque tendremos el apoyo de nuestra gente. Despu\u00e9s ser\u00e1 el momento de pensar en Riestra, como grupo sabemos que no tuvimos un buen arranque y nos planteamos sumar los nueve que vienen para acomodarnos\u00bb, lanz\u00f3 Pereyra.<\/p>\n<p>Es que el \u00abDecano\u00bb luego de Barracas, recibir\u00e1 a River y despu\u00e9s jugar\u00e1 contra Riestra, en los compromisos m\u00e1s cercanos.<\/p>\n<p><iframe loading=\"lazy\" src=\"https:\/\/estdeportes.telam.com.ar\/html\/v3\/minapp\/modules\/futbol\/gamecast\/gamecast.html?channel=deportes.futbol.copalpf.2643400&amp;lang=es_LA&amp;page=gamecast&amp;hidePagesMenu=true\" width=\"100%\" height=\"1150\" scrolling=\"auto\" style=\"width: 1px; min-width: 100%; *width: 100%;\" class=\"\"><\/iframe> <\/p>\n<\/div>\n<p><script async src=\"\/\/platform.twitter.com\/widgets.js\" charset=\"utf-8\"><\/script><script async defer crossorigin=\"anonymous\" src=\"https:\/\/connect.facebook.net\/es_LA\/sdk.js#xfbml=1&#038;version=v12.0\" nonce=\"SBlHQzIF\"><\/script><br \/><a href=\"https:\/\/www.telam.com.ar\/notas\/202402\/654935-barracas-central-atletico-tucuman-copa-liga-futbol.html\">source<\/a><\/p>\n","protected":false},"excerpt":{"rendered":"<p>Foto: Diego Ar\u00e1oz. Barracas Central, que viene de conseguir su primera victoria en la Copa&#8230;<\/p>\n","protected":false},"author":0,"featured_media":193239,"comment_status":"open","ping_status":"open","sticky":false,"template":"","format":"standard","meta":{"footnotes":""},"categories":[3],"tags":[],"class_list":["post-193238","post","type-post","status-publish","format-standard","has-post-thumbnail","hentry","category-deportes"],"featured_image_urls":{"full":["https:\/\/radiofenix.com.ar\/2023\/wp-content\/uploads\/2024\/02\/wp-header-logo-116.png",1200,675,false],"thumbnail":["https:\/\/radiofenix.com.ar\/2023\/wp-content\/uploads\/2024\/02\/wp-header-logo-116-150x150.png",150,150,true],"medium":["https:\/\/radiofenix.com.ar\/2023\/wp-content\/uploads\/2024\/02\/wp-header-logo-116-300x169.png",300,169,true],"medium_large":["https:\/\/radiofenix.com.ar\/2023\/wp-content\/uploads\/2024\/02\/wp-header-logo-116-768x432.png",640,360,true],"large":["https:\/\/radiofenix.com.ar\/2023\/wp-content\/uploads\/2024\/02\/wp-header-logo-116-1024x576.png",640,360,true],"1536x1536":["https:\/\/radiofenix.com.ar\/2023\/wp-content\/uploads\/2024\/02\/wp-header-logo-116.png",1200,675,false],"2048x2048":["https:\/\/radiofenix.com.ar\/2023\/wp-content\/uploads\/2024\/02\/wp-header-logo-116.png",1200,675,false],"newsium-slider-full":["https:\/\/radiofenix.com.ar\/2023\/wp-content\/uploads\/2024\/02\/wp-header-logo-116.png",1200,675,false],"newsium-featured":["https:\/\/radiofenix.com.ar\/2023\/wp-content\/uploads\/2024\/02\/wp-header-logo-116-1024x576.png",1024,576,true],"newsium-medium":["https:\/\/radiofenix.com.ar\/2023\/wp-content\/uploads\/2024\/02\/wp-header-logo-116-720x475.png",720,475,true]},"author_info":{"info":[""]},"category_info":"<a href=\"https:\/\/radiofenix.com.ar\/2023\/category\/deportes\/\" rel=\"category tag\">Deportes<\/a>","tag_info":"Deportes","comment_count":"0","_links":{"self":[{"href":"https:\/\/radiofenix.com.ar\/2023\/wp-json\/wp\/v2\/posts\/193238","targetHints":{"allow":["GET"]}}],"collection":[{"href":"https:\/\/radiofenix.com.ar\/2023\/wp-json\/wp\/v2\/posts"}],"about":[{"href":"https:\/\/radiofenix.com.ar\/2023\/wp-json\/wp\/v2\/types\/post"}],"replies":[{"embeddable":true,"href":"https:\/\/radiofenix.com.ar\/2023\/wp-json\/wp\/v2\/comments?post=193238"}],"version-history":[{"count":0,"href":"https:\/\/radiofenix.com.ar\/2023\/wp-json\/wp\/v2\/posts\/193238\/revisions"}],"wp:featuredmedia":[{"embeddable":true,"href":"https:\/\/radiofenix.com.ar\/2023\/wp-json\/wp\/v2\/media\/193239"}],"wp:attachment":[{"href":"https:\/\/radiofenix.com.ar\/2023\/wp-json\/wp\/v2\/media?parent=193238"}],"wp:term":[{"taxonomy":"category","embeddable":true,"href":"https:\/\/radiofenix.com.ar\/2023\/wp-json\/wp\/v2\/categories?post=193238"},{"taxonomy":"post_tag","embeddable":true,"href":"https:\/\/radiofenix.com.ar\/2023\/wp-json\/wp\/v2\/tags?post=193238"}],"curies":[{"name":"wp","href":"https:\/\/api.w.org\/{rel}","templated":true}]}}