{"id":193270,"date":"2024-02-12T08:57:47","date_gmt":"2024-02-12T08:57:47","guid":{"rendered":"https:\/\/radiofenix.com.ar\/2023\/el-recurso-utilizado-solo-una-vez-al-que-podria-apelar-el-gobierno-por-la-ley-bases\/"},"modified":"2024-02-12T08:57:47","modified_gmt":"2024-02-12T08:57:47","slug":"el-recurso-utilizado-solo-una-vez-al-que-podria-apelar-el-gobierno-por-la-ley-bases","status":"publish","type":"post","link":"https:\/\/radiofenix.com.ar\/2023\/el-recurso-utilizado-solo-una-vez-al-que-podria-apelar-el-gobierno-por-la-ley-bases\/","title":{"rendered":"El recurso utilizado solo una vez, al que podr\u00eda apelar el Gobierno por la ley &quot;Bases&quot;"},"content":{"rendered":"<div>\n<figure class=\"mb-3\"><img decoding=\"async\" src=\"https:\/\/www.telam.com.ar\/thumbs\/bluesteel\/advf\/imagenes\/2023\/11\/6559e8f1b1f28_1200.jpg\" class=\" lazy \" width=\"100%\" height=\"100%\" alt=\"El Gobierno podra impulsar una consulta popular Foto archivo\"\/><figcaption> El Gobierno podr\u00eda impulsar una consulta popular \/ Foto archivo. <\/figcaption><\/figure>\n<p> La propuesta presentada d\u00edas atr\u00e1s en la <strong>C\u00e1mara de Diputados<\/strong> por el legislador del <strong>PRO Gerardo Milman<\/strong> para que la ciudadan\u00eda se pronuncie, por medio de un plebiscito o consulta popular vinculante, sobre la necesidad de poner en pr\u00e1ctica las reformas pol\u00edticas y econ\u00f3micas contempladas en el proyecto original de <strong>ley \u00abBases\u00bb<\/strong> no contar\u00eda con los fundamentos legales necesarios para avanzar, seg\u00fan dijeron distintos especialistas, quienes recordaron el \u00fanico antecedente de su utilizaci\u00f3n en la historia del pa\u00eds hace casi 40 a\u00f1os.<\/p>\n<p>Solo 24 horas despu\u00e9s de que se frustrara, pese a contar con una media sanci\u00f3n en general, el tratamiento legislativo en particular del <strong>proyecto de<\/strong> <strong>ley \u00abBases y puntos de partida para la libertad de los argentinos\u00bb<\/strong>, <strong>Milman<\/strong> present\u00f3 una iniciativa para que la ciudadan\u00eda \u00abse exprese\u00bb por medio de una \u00abconsulta popular vinculante\u00bb acerca de la versi\u00f3n original del proyecto, el 25-pe-2023, enviado por el Ejecutivo Nacional al Congreso a fines del a\u00f1o pasado y que contemplaba m\u00e1s de 600 art\u00edculos de leyes a modificar o dejar sin efecto.<\/p>\n<blockquote class=\"\"><p>\u00abConfiemos y permitamos que la ciudadan\u00eda se exprese, as\u00ed tomaremos el pulso de la voluntad ciudadana y veremos si los legisladores estamos o no a la altura de las circunstancias que la emergencia exige\u00bb<cite class=\"author\">Gerardo Milman, al presentar el pedido<\/cite><\/p><\/blockquote>\n<p><br open=\"\"\/> \u00abConfiemos y permitamos que la ciudadan\u00eda se exprese, as\u00ed tomaremos el pulso de la voluntad ciudadana y veremos si los legisladores estamos o no a la altura de las circunstancias que la emergencia exige\u00bb, consider\u00f3 <strong>Milman<\/strong> al momento de la presentaci\u00f3n del pedido para convocar a plebiscito o consulta popular vinculante, cuyo resultado tiene la fuerza y la validez de una ley que debe ser reglamentada por el Congreso y el Presidente no puede desconocer ni vetar.<\/p>\n<p>Ese mismo d\u00eda, varios funcionarios del Gobierno nacional, entre ellos el vocero, <strong>Manuel Adorni<\/strong>, y el ministro del Interior,<strong> Guillermo Francos<\/strong>, dejaron abierta la posibilidad de que el presidente <strong>Javier Milei <\/strong>recurriera a una \u00abherramienta constitucional\u00bb como la consulta popular para reimpulsar el proyecto de ley cuyo debate se vio frustrado.<\/p>\n<div class=\"video_repositive\"> <a class=\"video_sticky\" href=\"javascript:void();\" onclick=\"removeStuckVideo(true);\"><i class=\"far fa-window-close\"\/><\/a> <\/p>\n<div id=\"SWXO-bt9HfE\" class=\"video_telam\" style=\"background-image:url('https:\/\/img.youtube.com\/vi\/SWXO-bt9HfE\/hqdefault.jpg');background-position: center center;\">\n<div class=\"feature_article_inner\">\n<p><h2 class=\"text-center\">Adorni afirm\u00f3 que el Gobierno \u00abest\u00e1 evaluando\u00bb un plebiscito para avanzar con la ley \u00abBases\u00bb<\/h2>\n<\/p><\/div>\n<p>VER VIDEO <i class=\"fas fa-play\"\/><\/p>\n<\/p><\/div>\n<\/p><\/div>\n<h2 class=\"\">Los fundamentos legales<\/h2>\n<p>Si bien fue eliminada en la iniciativa que obtuvo aprobaci\u00f3n en general de Diputados, el proyecto original de<strong> ley \u00abBases\u00bb<\/strong> establec\u00eda, sin embargo, la implementaci\u00f3n de una reforma pol\u00edtica y electoral que inclu\u00eda, entre otros puntos, modificaciones en el sistema de elecci\u00f3n de los diputados, en el financiamiento de los partidos pol\u00edticos y la derogaci\u00f3n de las PASO.<\/p>\n<p>Estos cambios en materia pol\u00edtica y electoral exigen para su aprobaci\u00f3n, seg\u00fan marca la Constituci\u00f3n, una mayor\u00eda absoluta del total de los miembros de las c\u00e1maras de Diputados -por donde obligatoriamente debe ingresar un proyecto de este tipo- y Senadores.<\/p>\n<p>Justamente, la ley 25.432, que establece las condiciones legales que deben cumplirse para convocar a una consulta popular vinculante, impide que pueda ped\u00edrsele a la ciudadan\u00eda su opini\u00f3n sobre iniciativas \u00abcuyo procedimiento de sanci\u00f3n se encuentre especialmente reglado por la Constituci\u00f3n Nacional (&#8230;) por la exigencia de una mayor\u00eda calificada (absoluta) para su aprobaci\u00f3n\u00bb.<\/p>\n<p><figure class=\"mb-3\"><img decoding=\"async\" src=\"https:\/\/www.telam.com.ar\/thumbs\/bluesteel\/advf\/imagenes\/2023\/12\/6574ef99cdd2d_1200.jpg\" class=\" lazy \" width=\"100%\" height=\"100%\" alt=\"Los especialistas aseguran que dicho mecanismo carece de sustento en este caso Foto 123RF\"\/><figcaption> Los especialistas aseguran que dicho mecanismo carece de sustento en este caso \/ Foto: 123RF <\/figcaption><\/figure>\n<p><br open=\"\"\/> \u00abEl proyecto original contiene una reforma electoral que requiere la aprobaci\u00f3n de una mayor\u00eda absoluta del Congreso, seg\u00fan el art\u00edculo 77 de la Constituci\u00f3n, y los temas con mayor\u00edas absolutas no son susceptibles de una consulta popular\u00bb, dijo a <strong>T\u00e9lam<\/strong> <strong>Mauro Benente<\/strong>, doctor en Derecho por la Universidad de Buenos Aires (UBA) y director del Instituto Interdisciplinario de Estudios Constitucionales de la Universidad Nacional de Jos\u00e9 C. Paz (UNPAZ).<\/p>\n<p>Por se motivo, la convocatoria a una consulta popular vinculante solicitada por el diputado Milman, consider\u00f3<strong> Benente<\/strong>, es inconstitucional.<\/p>\n<p>El abogado indic\u00f3 que el proyecto legislativo debi\u00f3 incluir, adem\u00e1s, \u00abel texto de la pregunta que quiere hac\u00e9rsele\u00bb a la ciudadan\u00eda en la consulta para que responda por s\u00ed o por no, tal es la f\u00f3rmula establecida para este tipo de mecanismos.\u00a0Pareciera que el proyecto fue elaborado de forma atolondrada\u00bb, concluy\u00f3 Benente.<\/p>\n<blockquote class=\"\"><p>\u00abEl proyecto original contiene una reforma electoral que requiere la aprobaci\u00f3n de una mayor\u00eda absoluta del Congreso, seg\u00fan el art\u00edculo 77 de la Constituci\u00f3n, y los temas con mayor\u00edas absolutas no son susceptibles de una consulta popular\u00bb<cite class=\"author\">Mauro Benente, doctor en Derecho <\/cite><\/p><\/blockquote>\n<p><br open=\"\"\/> Por su parte, <strong>Jonatan Baldiviezo<\/strong>, abogado especializado en derechos humanos y fundador del Observatorio del Derecho a la Ciudad (ODC) tambi\u00e9n destac\u00f3, en declaraciones a <strong>T\u00e9lam<\/strong>, que \u00abhay cuestiones que la Constituci\u00f3n no habilita\u00bb en materia de consultas populares y una de ellas es opinar sobre temas que requieren la decisi\u00f3n mayoritaria del Congreso Nacional.<\/p>\n<p>Por ese motivo, <strong>consider\u00f3 que el proyecto presentado por Milman \u00abno deber\u00eda ser aprobado\u00bb por el Congreso.<\/strong><\/p>\n<h2 class=\"\">Las consultas populares<\/h2>\n<p>La reforma constitucional llevada a cabo en 1994 estableci\u00f3 la posibilidad de realizar consultas populares, tanto vinculantes como no vinculantes.<\/p>\n<p>Las primeras s\u00f3lo pueden ser convocadas por la <strong>C\u00e1mara de Diputados<\/strong> y requieren la aprobaci\u00f3n de ambas c\u00e1maras en sesiones especialmente llamadas para debatir la cuesti\u00f3n.<\/p>\n<p>Este debate solo puede llevarse a cabo durante el per\u00edodo de sesiones ordinarias, el que el presidente o presidenta inaugura cada a\u00f1o el d\u00eda 1 de marzo con un discurso ante la<strong> Asamblea Legislativa<\/strong>.<\/p>\n<p>El resultado de una consulta popular vinculante tiene fuerza de ley, pero para eso se debe obtener el voto afirmativo de al menos el 35 por ciento del padr\u00f3n habilitado. Quien se encuentre al frente de la Presidencia debe acatar el resultado surgido de la votaci\u00f3n, que tiene car\u00e1cter obligatoria.<\/p>\n<p>Por otra parte, la Constituci\u00f3n tambi\u00e9n establece que el presidente de la Naci\u00f3n -por medio de un decreto que lleve la firma de todo el gabinete- o el Congreso -a trav\u00e9s de un proyecto de ley que debe ser aprobado por mayor\u00eda simple de ambas c\u00e1maras legislativas- pueden convocar a una consulta popular no vinculante.<\/p>\n<blockquote class=\"\"><p>El resultado de una consulta popular vinculante tiene fuerza de ley, pero para eso se debe obtener el voto afirmativo de al menos el 35 por ciento del padr\u00f3n habilitado.<\/p><\/blockquote>\n<p><br open=\"\"\/> En este caso, la opini\u00f3n de quienes concurran a las urnas -una condici\u00f3n que deja de ser obligatoria- no tiene la misma relevancia que una ley. Por el contrario, tiene un \u00abefecto similar al de una encuesta\u00bb, advirtieron los especialistas, aunque s\u00ed adquiere una relevancia pol\u00edtica para quienes la hayan convocado.<\/p>\n<p>Argentina tiene un \u00fanico antecedente de consulta popular no vinculante y se llev\u00f3 a cabo diez a\u00f1os antes de la \u00faltima reforma constitucional.<\/p>\n<p>El 25 de noviembre de 1984, la ciudadan\u00eda fue convocada por el gobierno del entonces presidente <strong>Ra\u00fal Alfons\u00edn<\/strong> para aceptar o rechazar el laudo papal que instaba al di\u00e1logo diplom\u00e1tico con <strong>Chile<\/strong> para dirimir una disputa soberana sobre el <strong>canal de Beagle<\/strong>, situado al sur de ambas naciones.<\/p>\n<p>El 82% de quienes fueron a las urnas ese d\u00eda opt\u00f3 por el \u00abS\u00ed\u00bb a la negociaci\u00f3n bilateral. Si bien esta opini\u00f3n no era de cumplimiento obligatorio, tuvo un fuerte significado pol\u00edtico: a partir de all\u00ed, y tras la ratificaci\u00f3n por parte del Congreso Nacional a finales de 1984, los gobiernos argentino y chileno, todav\u00eda en manos del dictador <strong>Augusto Pinochet<\/strong>, iniciaron un proceso de di\u00e1logo que comenz\u00f3 a poner fin a las tensiones entre ambas naciones.<\/p>\n<p><\/div>\n<p><script async defer crossorigin=\"anonymous\" src=\"https:\/\/connect.facebook.net\/es_LA\/sdk.js#xfbml=1&#038;version=v12.0\" nonce=\"SBlHQzIF\"><\/script><br \/><a href=\"https:\/\/www.telam.com.ar\/notas\/202402\/654912-el-recurso-utilizado-solo-una-vez-al-que-podria-apelar-el-gobierno-por-ley-bases.html\">source<\/a><\/p>\n","protected":false},"excerpt":{"rendered":"<p>El Gobierno podr\u00eda impulsar una consulta popular \/ Foto archivo. La propuesta presentada d\u00edas atr\u00e1s&#8230;<\/p>\n","protected":false},"author":0,"featured_media":193271,"comment_status":"open","ping_status":"open","sticky":false,"template":"","format":"standard","meta":{"footnotes":""},"categories":[2],"tags":[],"class_list":["post-193270","post","type-post","status-publish","format-standard","has-post-thumbnail","hentry","category-politica"],"featured_image_urls":{"full":["https:\/\/radiofenix.com.ar\/2023\/wp-content\/uploads\/2024\/02\/wp-header-logo-132.png",1200,676,false],"thumbnail":["https:\/\/radiofenix.com.ar\/2023\/wp-content\/uploads\/2024\/02\/wp-header-logo-132-150x150.png",150,150,true],"medium":["https:\/\/radiofenix.com.ar\/2023\/wp-content\/uploads\/2024\/02\/wp-header-logo-132-300x169.png",300,169,true],"medium_large":["https:\/\/radiofenix.com.ar\/2023\/wp-content\/uploads\/2024\/02\/wp-header-logo-132-768x433.png",640,361,true],"large":["https:\/\/radiofenix.com.ar\/2023\/wp-content\/uploads\/2024\/02\/wp-header-logo-132-1024x577.png",640,361,true],"1536x1536":["https:\/\/radiofenix.com.ar\/2023\/wp-content\/uploads\/2024\/02\/wp-header-logo-132.png",1200,676,false],"2048x2048":["https:\/\/radiofenix.com.ar\/2023\/wp-content\/uploads\/2024\/02\/wp-header-logo-132.png",1200,676,false],"newsium-slider-full":["https:\/\/radiofenix.com.ar\/2023\/wp-content\/uploads\/2024\/02\/wp-header-logo-132.png",1200,676,false],"newsium-featured":["https:\/\/radiofenix.com.ar\/2023\/wp-content\/uploads\/2024\/02\/wp-header-logo-132-1024x577.png",1024,577,true],"newsium-medium":["https:\/\/radiofenix.com.ar\/2023\/wp-content\/uploads\/2024\/02\/wp-header-logo-132-720x475.png",720,475,true]},"author_info":{"info":[""]},"category_info":"<a href=\"https:\/\/radiofenix.com.ar\/2023\/category\/politica\/\" rel=\"category tag\">Pol\u00edtica<\/a>","tag_info":"Pol\u00edtica","comment_count":"0","_links":{"self":[{"href":"https:\/\/radiofenix.com.ar\/2023\/wp-json\/wp\/v2\/posts\/193270","targetHints":{"allow":["GET"]}}],"collection":[{"href":"https:\/\/radiofenix.com.ar\/2023\/wp-json\/wp\/v2\/posts"}],"about":[{"href":"https:\/\/radiofenix.com.ar\/2023\/wp-json\/wp\/v2\/types\/post"}],"replies":[{"embeddable":true,"href":"https:\/\/radiofenix.com.ar\/2023\/wp-json\/wp\/v2\/comments?post=193270"}],"version-history":[{"count":0,"href":"https:\/\/radiofenix.com.ar\/2023\/wp-json\/wp\/v2\/posts\/193270\/revisions"}],"wp:featuredmedia":[{"embeddable":true,"href":"https:\/\/radiofenix.com.ar\/2023\/wp-json\/wp\/v2\/media\/193271"}],"wp:attachment":[{"href":"https:\/\/radiofenix.com.ar\/2023\/wp-json\/wp\/v2\/media?parent=193270"}],"wp:term":[{"taxonomy":"category","embeddable":true,"href":"https:\/\/radiofenix.com.ar\/2023\/wp-json\/wp\/v2\/categories?post=193270"},{"taxonomy":"post_tag","embeddable":true,"href":"https:\/\/radiofenix.com.ar\/2023\/wp-json\/wp\/v2\/tags?post=193270"}],"curies":[{"name":"wp","href":"https:\/\/api.w.org\/{rel}","templated":true}]}}