{"id":193304,"date":"2024-02-14T08:57:18","date_gmt":"2024-02-14T08:57:18","guid":{"rendered":"https:\/\/radiofenix.com.ar\/2023\/rusia-pidio-reunir-el-consejo-de-seguridad-de-la-onu-para-recordar-los-acuerdos-de-minsk\/"},"modified":"2024-02-14T08:57:18","modified_gmt":"2024-02-14T08:57:18","slug":"rusia-pidio-reunir-el-consejo-de-seguridad-de-la-onu-para-recordar-los-acuerdos-de-minsk","status":"publish","type":"post","link":"https:\/\/radiofenix.com.ar\/2023\/rusia-pidio-reunir-el-consejo-de-seguridad-de-la-onu-para-recordar-los-acuerdos-de-minsk\/","title":{"rendered":"Rusia pidi\u00f3 reunir el Consejo de Seguridad de la ONU para recordar los Acuerdos de Minsk"},"content":{"rendered":"<div>\n<figure class=\"mb-3\"><img decoding=\"async\" src=\"https:\/\/www.telam.com.ar\/thumbs\/bluesteel\/advf\/imagenes\/2023\/12\/657380b856765_1200.jpg\" class=\" lazy \" width=\"100%\" height=\"100%\" alt=\"Foto archivo\"\/><figcaption> Foto: archivo <\/figcaption><\/figure>\n<p> Rusia solicit\u00f3 una reuni\u00f3n del Consejo de Seguridad de la ONU por el aniversario de la aprobaci\u00f3n de los <a href=\"https:\/\/www.telam.com.ar\/notas\/202202\/583909-agenda-internacional-crisis-rusia-ucrania.html\" target=\"_blank\" rel=\"noopener\">Acuerdos de Minsk<\/a> suscriptos en febrero de 2015 para solucionar pac\u00edficamente el conflicto interno en Ucrania, declar\u00f3 el embajador adjunto de Mosc\u00fa ante el organismo, Dmitri Polianski.<\/p>\n<p><strong>\u00abSolicitamos una reuni\u00f3n del Consejo de Seguridad de la ONU para la ma\u00f1ana del 12 de febrero \u2013el aniversario de la aprobaci\u00f3n de los acuerdos Minsk II\u2013 para recordar a los colegas que el r\u00e9gimen de Kiev y sus patrocinadores perdieron una oportunidad hist\u00f3rica para resolver la crisis interna ucraniana de manera pac\u00edfica\u00bb<\/strong>, public\u00f3 el diplom\u00e1tico en su cuenta de Telegram.<\/p>\n<p>Especific\u00f3 que \u00abdurante el encuentro se abordar\u00e1 c\u00f3mo el Consejo de Seguridad de la ONU no logr\u00f3 realizar una de sus tareas principales de prevenir crisis y conflictos\u00bb, report\u00f3 la agencia de noticias Sputnik.<\/p>\n<blockquote class=\"\"><p>\u00abDurante el encuentro se abordar\u00e1 c\u00f3mo el Consejo de Seguridad de la ONU no logr\u00f3 realizar una de sus tareas principales de prevenir crisis y conflictos\u00bb<\/p><\/blockquote>\n<p> Los <a href=\"https:\/\/www.telam.com.ar\/notas\/201502\/94842-vladimir-putin-minsk-bielorrusia-alto-el-fuego-ucrania-crisis-cumbre-de-minsk.html\" target=\"_blank\" rel=\"noopener\">acuerdos de Minsk<\/a> fueron firmados en septiembre de 2014 y en febrero de 2015 con la mediaci\u00f3n de Alemania, Francia y Rusia, para hallar una soluci\u00f3n pol\u00edtica al conflicto entre Ucrania, por un lado, y la resistencia prorrusa de las provincias de Donetsk y Lugansk, por el otro.<\/p>\n<p>La guerra interna entre el Gobierno central de Ucrania y las autoridades de las dos provincias localizadas en la regi\u00f3n del Donbass, de poblaci\u00f3n mayoritariamente rusoparlante, comenz\u00f3 en abril de 2014 luego de que en febrero de ese a\u00f1o fuera destituido el presidente ucraniano V\u00edktor Yanuk\u00f3vich.<\/p>\n<p>El Acuerdo de Minsk de 2015 establec\u00eda una f\u00f3rmula de paz que seg\u00fan las autoridades de las dos provincias Kiev jam\u00e1s cumpli\u00f3, y en todo ese per\u00edodo las hostilidades arrojaron un balance de 14.400 muertos, seg\u00fan estimaciones del Alto Comisionado de las Naciones Unidas para los Derechos Humanos.<\/p>\n<p>En la pr\u00e1ctica, el conflicto se transform\u00f3 en la primera etapa de la guerra en Ucrania, ya que el 24 de febrero de 2022 Rusia invadi\u00f3 al pa\u00eds vecino con el objetivo de liberar esas provincias.<\/p>\n<p>En diciembre de 2022, <strong>la excanciller de Alemania \u00c1ngela Merkel confes\u00f3 en una entrevista que los Acuerdos de Minsk buscaban en realidad ganar tiempo para armar a Ucrania y prepararla para una guerra.<\/strong> <\/p>\n<\/div>\n<p><script async defer crossorigin=\"anonymous\" src=\"https:\/\/connect.facebook.net\/es_LA\/sdk.js#xfbml=1&#038;version=v12.0\" nonce=\"SBlHQzIF\"><\/script><br \/><a href=\"https:\/\/www.telam.com.ar\/notas\/202402\/655005-rusia-onu.html\">source<\/a><\/p>\n","protected":false},"excerpt":{"rendered":"<p>Foto: archivo Rusia solicit\u00f3 una reuni\u00f3n del Consejo de Seguridad de la ONU por el&#8230;<\/p>\n","protected":false},"author":0,"featured_media":193305,"comment_status":"open","ping_status":"open","sticky":false,"template":"","format":"standard","meta":{"footnotes":""},"categories":[60],"tags":[],"class_list":["post-193304","post","type-post","status-publish","format-standard","has-post-thumbnail","hentry","category-internacional"],"featured_image_urls":{"full":["https:\/\/radiofenix.com.ar\/2023\/wp-content\/uploads\/2024\/02\/wp-header-logo-149.png",1200,675,false],"thumbnail":["https:\/\/radiofenix.com.ar\/2023\/wp-content\/uploads\/2024\/02\/wp-header-logo-149-150x150.png",150,150,true],"medium":["https:\/\/radiofenix.com.ar\/2023\/wp-content\/uploads\/2024\/02\/wp-header-logo-149-300x169.png",300,169,true],"medium_large":["https:\/\/radiofenix.com.ar\/2023\/wp-content\/uploads\/2024\/02\/wp-header-logo-149-768x432.png",640,360,true],"large":["https:\/\/radiofenix.com.ar\/2023\/wp-content\/uploads\/2024\/02\/wp-header-logo-149-1024x576.png",640,360,true],"1536x1536":["https:\/\/radiofenix.com.ar\/2023\/wp-content\/uploads\/2024\/02\/wp-header-logo-149.png",1200,675,false],"2048x2048":["https:\/\/radiofenix.com.ar\/2023\/wp-content\/uploads\/2024\/02\/wp-header-logo-149.png",1200,675,false],"newsium-slider-full":["https:\/\/radiofenix.com.ar\/2023\/wp-content\/uploads\/2024\/02\/wp-header-logo-149.png",1200,675,false],"newsium-featured":["https:\/\/radiofenix.com.ar\/2023\/wp-content\/uploads\/2024\/02\/wp-header-logo-149-1024x576.png",1024,576,true],"newsium-medium":["https:\/\/radiofenix.com.ar\/2023\/wp-content\/uploads\/2024\/02\/wp-header-logo-149-720x475.png",720,475,true]},"author_info":{"info":[""]},"category_info":"<a href=\"https:\/\/radiofenix.com.ar\/2023\/category\/internacional\/\" rel=\"category tag\">Internacional<\/a>","tag_info":"Internacional","comment_count":"0","_links":{"self":[{"href":"https:\/\/radiofenix.com.ar\/2023\/wp-json\/wp\/v2\/posts\/193304","targetHints":{"allow":["GET"]}}],"collection":[{"href":"https:\/\/radiofenix.com.ar\/2023\/wp-json\/wp\/v2\/posts"}],"about":[{"href":"https:\/\/radiofenix.com.ar\/2023\/wp-json\/wp\/v2\/types\/post"}],"replies":[{"embeddable":true,"href":"https:\/\/radiofenix.com.ar\/2023\/wp-json\/wp\/v2\/comments?post=193304"}],"version-history":[{"count":0,"href":"https:\/\/radiofenix.com.ar\/2023\/wp-json\/wp\/v2\/posts\/193304\/revisions"}],"wp:featuredmedia":[{"embeddable":true,"href":"https:\/\/radiofenix.com.ar\/2023\/wp-json\/wp\/v2\/media\/193305"}],"wp:attachment":[{"href":"https:\/\/radiofenix.com.ar\/2023\/wp-json\/wp\/v2\/media?parent=193304"}],"wp:term":[{"taxonomy":"category","embeddable":true,"href":"https:\/\/radiofenix.com.ar\/2023\/wp-json\/wp\/v2\/categories?post=193304"},{"taxonomy":"post_tag","embeddable":true,"href":"https:\/\/radiofenix.com.ar\/2023\/wp-json\/wp\/v2\/tags?post=193304"}],"curies":[{"name":"wp","href":"https:\/\/api.w.org\/{rel}","templated":true}]}}