{"id":193364,"date":"2024-02-18T08:57:31","date_gmt":"2024-02-18T08:57:31","guid":{"rendered":"https:\/\/radiofenix.com.ar\/2023\/asaltaron-a-un-exjuez-y-a-su-esposa-en-su-casa-de-villa-elisa\/"},"modified":"2024-02-18T08:57:31","modified_gmt":"2024-02-18T08:57:31","slug":"asaltaron-a-un-exjuez-y-a-su-esposa-en-su-casa-de-villa-elisa","status":"publish","type":"post","link":"https:\/\/radiofenix.com.ar\/2023\/asaltaron-a-un-exjuez-y-a-su-esposa-en-su-casa-de-villa-elisa\/","title":{"rendered":"Asaltaron a un exjuez y a su esposa en su casa de Villa Elisa"},"content":{"rendered":"<div>\n<figure class=\"mb-3\"><img decoding=\"async\" src=\"https:\/\/www.telam.com.ar\/thumbs\/bluesteel\/advf\/imagenes\/2024\/02\/65ce350c6fd16_1200.jpg\" class=\" lazy \" width=\"100%\" height=\"100%\" alt=\"El exjuez en lo Contencioso Administrativo de La Plata Luis Federico Arias Foto Alejandro Cermele\"\/><figcaption> El exjuez en lo Contencioso Administrativo de La Plata Luis Federico Arias\/ Foto: Alejandro Cermele <\/figcaption><\/figure>\n<p>\u00a0<br \/>El<strong> exjuez en lo Contencioso Administrativo de La Plata Luis Federico Arias, actual secretario de Coordinaci\u00f3n de la Municipalidad<\/strong> local, fue asaltado por delincuentes que lo sorprendieron cuando se hallaba limpiando la pileta de su casa de la localidad platense de Villa Elisa, informaron este jueves fuentes policiales.<\/p>\n<p>El hecho, seg\u00fan revelaron fuentes policiales, ocurri\u00f3 en la casa del exmagistrado en la<strong> calle 415 entre 19 y 20, de Villa Elisa<\/strong>, cuando Arias se encontraba en la pileta junto a su esposa y fue sorprendido por los delincuentes que lo abordaron y lo amenazaron con armas.<\/p>\n<p>Seg\u00fan las fuentes, los<strong> asaltantes los obligaron a ingresar a la casa y los ataron,<\/strong> para luego revisar todos los ambientes y robar distintos objetos de valor, tras lo cual huyeron.<\/p>\n<p>Las v\u00edctimas lograron luego desatarse y alertar a la polic\u00eda, por lo que efectivos de la comisar\u00eda 12a de Villa Elisa concurrieron al lugar.<\/p>\n<p>En el lugar los investigadores levantaron rastros y huellas de los posibles autores del hecho y se analizan c\u00e1maras de seguridad de la zona para intentar identificarlos y detenerlos.<\/p>\n<p>La causa qued\u00f3 en la Unidad Funcional de Instrucci\u00f3n 3 de La Plata, a cargo del fiscal Gonzalo Petit, quien imparti\u00f3 una serie de directivas para lograr atrapar a los ladrones. <\/p>\n<\/div>\n<p><script async defer crossorigin=\"anonymous\" src=\"https:\/\/connect.facebook.net\/es_LA\/sdk.js#xfbml=1&#038;version=v12.0\" nonce=\"SBlHQzIF\"><\/script><br \/><a href=\"https:\/\/www.telam.com.ar\/notas\/202402\/655273-asalto-exjuez-la-plata-esposa-casa-villa-elisa.html\">source<\/a><\/p>\n","protected":false},"excerpt":{"rendered":"<p>El exjuez en lo Contencioso Administrativo de La Plata Luis Federico Arias\/ Foto: Alejandro Cermele&#8230;<\/p>\n","protected":false},"author":0,"featured_media":193365,"comment_status":"open","ping_status":"open","sticky":false,"template":"","format":"standard","meta":{"footnotes":""},"categories":[64],"tags":[],"class_list":["post-193364","post","type-post","status-publish","format-standard","has-post-thumbnail","hentry","category-policiales"],"featured_image_urls":{"full":["https:\/\/radiofenix.com.ar\/2023\/wp-content\/uploads\/2024\/02\/wp-header-logo-179.png",1200,658,false],"thumbnail":["https:\/\/radiofenix.com.ar\/2023\/wp-content\/uploads\/2024\/02\/wp-header-logo-179-150x150.png",150,150,true],"medium":["https:\/\/radiofenix.com.ar\/2023\/wp-content\/uploads\/2024\/02\/wp-header-logo-179-300x165.png",300,165,true],"medium_large":["https:\/\/radiofenix.com.ar\/2023\/wp-content\/uploads\/2024\/02\/wp-header-logo-179-768x421.png",640,351,true],"large":["https:\/\/radiofenix.com.ar\/2023\/wp-content\/uploads\/2024\/02\/wp-header-logo-179-1024x561.png",640,351,true],"1536x1536":["https:\/\/radiofenix.com.ar\/2023\/wp-content\/uploads\/2024\/02\/wp-header-logo-179.png",1200,658,false],"2048x2048":["https:\/\/radiofenix.com.ar\/2023\/wp-content\/uploads\/2024\/02\/wp-header-logo-179.png",1200,658,false],"newsium-slider-full":["https:\/\/radiofenix.com.ar\/2023\/wp-content\/uploads\/2024\/02\/wp-header-logo-179.png",1200,658,false],"newsium-featured":["https:\/\/radiofenix.com.ar\/2023\/wp-content\/uploads\/2024\/02\/wp-header-logo-179-1024x561.png",1024,561,true],"newsium-medium":["https:\/\/radiofenix.com.ar\/2023\/wp-content\/uploads\/2024\/02\/wp-header-logo-179-720x475.png",720,475,true]},"author_info":{"info":[""]},"category_info":"<a href=\"https:\/\/radiofenix.com.ar\/2023\/category\/policiales\/\" rel=\"category tag\">Policiales<\/a>","tag_info":"Policiales","comment_count":"0","_links":{"self":[{"href":"https:\/\/radiofenix.com.ar\/2023\/wp-json\/wp\/v2\/posts\/193364","targetHints":{"allow":["GET"]}}],"collection":[{"href":"https:\/\/radiofenix.com.ar\/2023\/wp-json\/wp\/v2\/posts"}],"about":[{"href":"https:\/\/radiofenix.com.ar\/2023\/wp-json\/wp\/v2\/types\/post"}],"replies":[{"embeddable":true,"href":"https:\/\/radiofenix.com.ar\/2023\/wp-json\/wp\/v2\/comments?post=193364"}],"version-history":[{"count":0,"href":"https:\/\/radiofenix.com.ar\/2023\/wp-json\/wp\/v2\/posts\/193364\/revisions"}],"wp:featuredmedia":[{"embeddable":true,"href":"https:\/\/radiofenix.com.ar\/2023\/wp-json\/wp\/v2\/media\/193365"}],"wp:attachment":[{"href":"https:\/\/radiofenix.com.ar\/2023\/wp-json\/wp\/v2\/media?parent=193364"}],"wp:term":[{"taxonomy":"category","embeddable":true,"href":"https:\/\/radiofenix.com.ar\/2023\/wp-json\/wp\/v2\/categories?post=193364"},{"taxonomy":"post_tag","embeddable":true,"href":"https:\/\/radiofenix.com.ar\/2023\/wp-json\/wp\/v2\/tags?post=193364"}],"curies":[{"name":"wp","href":"https:\/\/api.w.org\/{rel}","templated":true}]}}