{"id":193366,"date":"2024-02-18T08:57:33","date_gmt":"2024-02-18T08:57:33","guid":{"rendered":"https:\/\/radiofenix.com.ar\/2023\/bariloche-detuvieron-a-joven-mapuche-acusado-de-incendio-y-atentado-contra-la-autoridad\/"},"modified":"2024-02-18T08:57:33","modified_gmt":"2024-02-18T08:57:33","slug":"bariloche-detuvieron-a-joven-mapuche-acusado-de-incendio-y-atentado-contra-la-autoridad","status":"publish","type":"post","link":"https:\/\/radiofenix.com.ar\/2023\/bariloche-detuvieron-a-joven-mapuche-acusado-de-incendio-y-atentado-contra-la-autoridad\/","title":{"rendered":"Bariloche: detuvieron a joven mapuche acusado de incendio y atentado contra la autoridad"},"content":{"rendered":"<div>\n<figure class=\"mb-3\"><img decoding=\"async\" src=\"https:\/\/www.telam.com.ar\/thumbs\/bluesteel\/advf\/imagenes\/2024\/02\/65d0dabc1aafc.21.03%20pm_1200.jpg\" class=\" lazy \" width=\"100%\" height=\"100%\" alt=\"Matas Daniel Santana se encontraba prfugo desde 2022 Foto Prensa\"\/><figcaption> Mat\u00edas Daniel Santana, se encontraba pr\u00f3fugo desde 2022 \/ Foto: Prensa. <\/figcaption><\/figure>\n<p> Un miembro de la comunidad mapuche, Mat\u00edas Daniel Santana &#8211;<strong>que se encontraba pr\u00f3fugo desde 2022<\/strong>&#8211; fue detenido este s\u00e1bado en Bariloche, tras ser acusado de intervenir en una causa de incendio y atentado contra la autoridad.<\/p>\n<p>\u00abEl hombre de los binoculares. Cay\u00f3 Mat\u00edas Daniel Santana, uno de los l\u00edderes de las usurpaciones en Villa Mascardi. Estaba pr\u00f3fugo y con pedido de captura desde el a\u00f1o 2022. Excelente trabajo de la PFA que, tras una larga investigaci\u00f3n, lo detuvo en Bariloche. \u00a1El que las hace, las paga!\u00bb, public\u00f3 la ministra de Seguridad, Patricia Bullrich, en su cuenta de la plataforma X.<\/p>\n<blockquote class=\"\"><p>Santana era conocido como el \u00abmapuche de los binoculares\u00bb por su participaci\u00f3n como testigo en el caso de Santiago Maldonado<\/p><\/blockquote>\n<p> Santana <strong>era conocido como el \u00abmapuche de los binoculares\u00bb<\/strong> por su participaci\u00f3n como testigo en el caso de Santiago Maldonado, el joven artesano que muri\u00f3 ahogado en el marco de un operativo de represi\u00f3n de Gendarmer\u00eda nacional el 1 de agosto de 2017.<\/p>\n<p>Miembro de la comunidad Lof Lafken Winkul Mapu, Santana fue testigo en ese juicio y declar\u00f3 haber visto, con binoculares, c\u00f3mo integrantes de la Gendarmer\u00eda se llevaban a Maldonado y lo met\u00edan en un cami\u00f3n.<\/p>\n<p><figure class=\"mb-3\"><img decoding=\"async\" src=\"https:\/\/www.telam.com.ar\/thumbs\/bluesteel\/advf\/imagenes\/2024\/02\/65d0dad184ec7.21.02%20pm_1200.jpg\" class=\" lazy \" width=\"100%\" height=\"100%\" alt=\"Foto Prensa\"\/><figcaption> Foto: Prensa. <\/figcaption><\/figure>\n<p>Seg\u00fan inform\u00f3 la Polic\u00eda Federal en un comunicado, sobre Santana <strong>\u00abpesaba una orden de captura vigente<\/strong> librada por el Juzgado Federal de San Carlos de Bariloche sospechado de ser responsable de incendio, atentado a la autoridad y usurpaci\u00f3n con fecha octubre de 2022&#8243;.<\/p>\n<p>Al momento de la detenci\u00f3n, el joven mapuche se encontraba en un autom\u00f3vil detenido en la v\u00eda p\u00fablica, acompa\u00f1ado de una mujer y dos menores.<\/p>\n<p><figure class=\"mb-3\"><img decoding=\"async\" src=\"https:\/\/www.telam.com.ar\/thumbs\/bluesteel\/advf\/imagenes\/2024\/02\/65d0db05a2e82.21.02%20pm%20%281%29_1200.jpg\" class=\" lazy \" width=\"100%\" height=\"100%\" alt=\"Foto Prensa\"\/><figcaption> Foto: Prensa. <\/figcaption><\/figure>\n<p>\u00abEl personal policial se acerc\u00f3 al mismo requiriendo documentaci\u00f3n verificando su identidad, tras lo cual consultaron con el Sistema Federal de Comunicaciones Policiales, confirmando que sobre el individuo pesaba una orden de detenci\u00f3n solicitada por el Juzgado Federal\u00bb, inform\u00f3 la fuerza.<\/p>\n<p>Tambi\u00e9n manifestaron que \u00abfrente a testigos se procedi\u00f3 a efectivizar la detenci\u00f3n realizada la comunicaci\u00f3n con el doctor Alejandro Iwanow, secretario del Juzgado, quien aval\u00f3 el accionar policial, disponiendo la detenci\u00f3n y traslado a la sede policial\u00bb y orden\u00f3 una \u00abserie de diligencias de rigor legal\u00bb. <\/p>\n<\/div>\n<p><script async defer crossorigin=\"anonymous\" src=\"https:\/\/connect.facebook.net\/es_LA\/sdk.js#xfbml=1&#038;version=v12.0\" nonce=\"SBlHQzIF\"><\/script><br \/><a href=\"https:\/\/www.telam.com.ar\/notas\/202402\/655466-mapuche-incendio-atentado-bariloche.html\">source<\/a><\/p>\n","protected":false},"excerpt":{"rendered":"<p>Mat\u00edas Daniel Santana, se encontraba pr\u00f3fugo desde 2022 \/ Foto: Prensa. Un miembro de la&#8230;<\/p>\n","protected":false},"author":0,"featured_media":193367,"comment_status":"open","ping_status":"open","sticky":false,"template":"","format":"standard","meta":{"footnotes":""},"categories":[2],"tags":[],"class_list":["post-193366","post","type-post","status-publish","format-standard","has-post-thumbnail","hentry","category-politica"],"featured_image_urls":{"full":["https:\/\/radiofenix.com.ar\/2023\/wp-content\/uploads\/2024\/02\/wp-header-logo-180.png",1200,676,false],"thumbnail":["https:\/\/radiofenix.com.ar\/2023\/wp-content\/uploads\/2024\/02\/wp-header-logo-180-150x150.png",150,150,true],"medium":["https:\/\/radiofenix.com.ar\/2023\/wp-content\/uploads\/2024\/02\/wp-header-logo-180-300x169.png",300,169,true],"medium_large":["https:\/\/radiofenix.com.ar\/2023\/wp-content\/uploads\/2024\/02\/wp-header-logo-180-768x433.png",640,361,true],"large":["https:\/\/radiofenix.com.ar\/2023\/wp-content\/uploads\/2024\/02\/wp-header-logo-180-1024x577.png",640,361,true],"1536x1536":["https:\/\/radiofenix.com.ar\/2023\/wp-content\/uploads\/2024\/02\/wp-header-logo-180.png",1200,676,false],"2048x2048":["https:\/\/radiofenix.com.ar\/2023\/wp-content\/uploads\/2024\/02\/wp-header-logo-180.png",1200,676,false],"newsium-slider-full":["https:\/\/radiofenix.com.ar\/2023\/wp-content\/uploads\/2024\/02\/wp-header-logo-180.png",1200,676,false],"newsium-featured":["https:\/\/radiofenix.com.ar\/2023\/wp-content\/uploads\/2024\/02\/wp-header-logo-180-1024x577.png",1024,577,true],"newsium-medium":["https:\/\/radiofenix.com.ar\/2023\/wp-content\/uploads\/2024\/02\/wp-header-logo-180-720x475.png",720,475,true]},"author_info":{"info":[""]},"category_info":"<a href=\"https:\/\/radiofenix.com.ar\/2023\/category\/politica\/\" rel=\"category tag\">Pol\u00edtica<\/a>","tag_info":"Pol\u00edtica","comment_count":"0","_links":{"self":[{"href":"https:\/\/radiofenix.com.ar\/2023\/wp-json\/wp\/v2\/posts\/193366","targetHints":{"allow":["GET"]}}],"collection":[{"href":"https:\/\/radiofenix.com.ar\/2023\/wp-json\/wp\/v2\/posts"}],"about":[{"href":"https:\/\/radiofenix.com.ar\/2023\/wp-json\/wp\/v2\/types\/post"}],"replies":[{"embeddable":true,"href":"https:\/\/radiofenix.com.ar\/2023\/wp-json\/wp\/v2\/comments?post=193366"}],"version-history":[{"count":0,"href":"https:\/\/radiofenix.com.ar\/2023\/wp-json\/wp\/v2\/posts\/193366\/revisions"}],"wp:featuredmedia":[{"embeddable":true,"href":"https:\/\/radiofenix.com.ar\/2023\/wp-json\/wp\/v2\/media\/193367"}],"wp:attachment":[{"href":"https:\/\/radiofenix.com.ar\/2023\/wp-json\/wp\/v2\/media?parent=193366"}],"wp:term":[{"taxonomy":"category","embeddable":true,"href":"https:\/\/radiofenix.com.ar\/2023\/wp-json\/wp\/v2\/categories?post=193366"},{"taxonomy":"post_tag","embeddable":true,"href":"https:\/\/radiofenix.com.ar\/2023\/wp-json\/wp\/v2\/tags?post=193366"}],"curies":[{"name":"wp","href":"https:\/\/api.w.org\/{rel}","templated":true}]}}