{"id":193436,"date":"2024-02-22T08:57:27","date_gmt":"2024-02-22T08:57:27","guid":{"rendered":"https:\/\/radiofenix.com.ar\/2023\/liberaron-al-policia-que-mato-a-un-joven-y-un-adolescente-durante-un-intento-de-robo\/"},"modified":"2024-02-22T08:57:27","modified_gmt":"2024-02-22T08:57:27","slug":"liberaron-al-policia-que-mato-a-un-joven-y-un-adolescente-durante-un-intento-de-robo","status":"publish","type":"post","link":"https:\/\/radiofenix.com.ar\/2023\/liberaron-al-policia-que-mato-a-un-joven-y-un-adolescente-durante-un-intento-de-robo\/","title":{"rendered":"Liberaron al polic\u00eda que mat\u00f3 a un joven y un adolescente durante un intento de robo"},"content":{"rendered":"<div>\n<figure class=\"mb-3\"><img decoding=\"async\" src=\"https:\/\/www.telam.com.ar\/thumbs\/bluesteel\/advf\/imagenes\/2022\/05\/626ea6a2f2e6a_1200.jpg\" class=\" lazy \" width=\"100%\" height=\"100%\" alt=\"Un cabo el sbado pasado mat a balazos a dos jvenes Foto Archivo\"\/><figcaption> Un cabo el s\u00e1bado pasado mat\u00f3 a balazos a dos j\u00f3venes. Foto: Archivo. <\/figcaption><\/figure>\n<p> El cabo de la Polic\u00eda Federal (PFA) que <strong>el s\u00e1bado pasado mat\u00f3 a balazos a un adolescente de 17 a\u00f1os y a un joven de 21 <\/strong>que supuestamente intentaban robarle su auto mientras trabajaba como chofer de una aplicaci\u00f3n de viajes en la localidad bonaerense de Loma Hermosa, fue liberado aunque qued\u00f3 imputado por los homicidios de los presuntos delincuentes.<\/p>\n<p>Fuentes judiciales confirmaron a T\u00e9lam que el efectivo, de 32 a\u00f1os, que tambi\u00e9n trabajaba como conductor de la aplicaci\u00f3n de viajes DiDi, declar\u00f3 en sede judicial ante la titular de la Unidad Funcional de Instrucci\u00f3n (UFI) 7 de San Mart\u00edn, Diana Mayko, a quien le dio su versi\u00f3n de los hechos.<\/p>\n<blockquote class=\"\"><p>El cabo mat\u00f3 a dos de los presuntos ladrones: Thiago Valent\u00edn Yoel Ricartez y Jonathan David D\u00edaz, que recibi\u00f3 un balazo en el brazo, otro en el pecho y un tercero en el cuello<\/p><\/blockquote>\n<p> Durante la indagatoria, el polic\u00eda federal se\u00f1al\u00f3 que el s\u00e1bado por la noche acept\u00f3 tomar un viaje sobre la intersecci\u00f3n de la calle 190 y el pasaje 29 de julio de la mencionada localidad, del lado del partido de San Mart\u00edn.<\/p>\n<p>Sin embargo, cuando se dispon\u00eda a iniciar el traslado de una pasajera, indic\u00f3 que <strong>fue abordado por delincuentes armados que lo amenazaron<\/strong> con robarle el veh\u00edculo, por lo que se resisti\u00f3 utilizando su pistola reglamentaria.<\/p>\n<p>En dicha secuencia, el cabo mat\u00f3 a dos de los presuntos ladrones: Thiago Valent\u00edn Yoel Ricartez (17), herido de un disparo en el pecho; y Jonathan David D\u00edaz (21), que recibi\u00f3 un balazo en el brazo, otro en el pecho y un tercero en el cuello, y quien fue dejado en la puerta del hospital Fleming de San Mart\u00edn, donde falleci\u00f3.<\/p>\n<p>Finalmente, la fiscal Mayko decidi\u00f3 liberar al polic\u00eda, quien <strong>qued\u00f3 imputado por el delito de \u00abdoble homicidio<\/strong>\u00bb mientras se intenta definir si actu\u00f3 en leg\u00edtima defensa o si cometi\u00f3 alg\u00fan tipo de exceso.<\/p>\n<p>Por otra parte, una fuente judicial explic\u00f3 a T\u00e9lam que, m\u00e1s all\u00e1 de lo relatado por el polic\u00eda, se intenta establecer si los j\u00f3venes fallecidos o los c\u00f3mplices que lograron escapar estaban armados al momento del hecho.<\/p>\n<p>Al respecto, un dato clave que aportaron los investigadores radica en que el Renault Kwid d<strong>el efectivo pose\u00eda \u00abm\u00faltiples impactos de bala\u00bb.<\/strong><\/p>\n<p>En ese sentido, otro informante afirm\u00f3 que por el momento no se encontraron testigos ni c\u00e1maras de seguridad que capten los hechos, por lo que los investigadores aguardan pericias, entre ellas la bal\u00edstica, para determinar las circunstancias de lo ocurrido y si en el hecho solo dispar\u00f3 el polic\u00eda o si tambi\u00e9n lo hizo alguien m\u00e1s. <\/p>\n<\/div>\n<p><script async defer crossorigin=\"anonymous\" src=\"https:\/\/connect.facebook.net\/es_LA\/sdk.js#xfbml=1&#038;version=v12.0\" nonce=\"SBlHQzIF\"><\/script><br \/><a href=\"https:\/\/www.telam.com.ar\/notas\/202402\/655688-policia-homicidio-loma-hermosa.html\">source<\/a><\/p>\n","protected":false},"excerpt":{"rendered":"<p>Un cabo el s\u00e1bado pasado mat\u00f3 a balazos a dos j\u00f3venes. Foto: Archivo. El cabo&#8230;<\/p>\n","protected":false},"author":0,"featured_media":193437,"comment_status":"open","ping_status":"open","sticky":false,"template":"","format":"standard","meta":{"footnotes":""},"categories":[64],"tags":[],"class_list":["post-193436","post","type-post","status-publish","format-standard","has-post-thumbnail","hentry","category-policiales"],"featured_image_urls":{"full":["https:\/\/radiofenix.com.ar\/2023\/wp-content\/uploads\/2024\/02\/wp-header-logo-213.png",1000,563,false],"thumbnail":["https:\/\/radiofenix.com.ar\/2023\/wp-content\/uploads\/2024\/02\/wp-header-logo-213-150x150.png",150,150,true],"medium":["https:\/\/radiofenix.com.ar\/2023\/wp-content\/uploads\/2024\/02\/wp-header-logo-213-300x169.png",300,169,true],"medium_large":["https:\/\/radiofenix.com.ar\/2023\/wp-content\/uploads\/2024\/02\/wp-header-logo-213-768x432.png",640,360,true],"large":["https:\/\/radiofenix.com.ar\/2023\/wp-content\/uploads\/2024\/02\/wp-header-logo-213.png",640,360,false],"1536x1536":["https:\/\/radiofenix.com.ar\/2023\/wp-content\/uploads\/2024\/02\/wp-header-logo-213.png",1000,563,false],"2048x2048":["https:\/\/radiofenix.com.ar\/2023\/wp-content\/uploads\/2024\/02\/wp-header-logo-213.png",1000,563,false],"newsium-slider-full":["https:\/\/radiofenix.com.ar\/2023\/wp-content\/uploads\/2024\/02\/wp-header-logo-213.png",1000,563,false],"newsium-featured":["https:\/\/radiofenix.com.ar\/2023\/wp-content\/uploads\/2024\/02\/wp-header-logo-213.png",1000,563,false],"newsium-medium":["https:\/\/radiofenix.com.ar\/2023\/wp-content\/uploads\/2024\/02\/wp-header-logo-213-720x475.png",720,475,true]},"author_info":{"info":[""]},"category_info":"<a href=\"https:\/\/radiofenix.com.ar\/2023\/category\/policiales\/\" rel=\"category tag\">Policiales<\/a>","tag_info":"Policiales","comment_count":"0","_links":{"self":[{"href":"https:\/\/radiofenix.com.ar\/2023\/wp-json\/wp\/v2\/posts\/193436","targetHints":{"allow":["GET"]}}],"collection":[{"href":"https:\/\/radiofenix.com.ar\/2023\/wp-json\/wp\/v2\/posts"}],"about":[{"href":"https:\/\/radiofenix.com.ar\/2023\/wp-json\/wp\/v2\/types\/post"}],"replies":[{"embeddable":true,"href":"https:\/\/radiofenix.com.ar\/2023\/wp-json\/wp\/v2\/comments?post=193436"}],"version-history":[{"count":0,"href":"https:\/\/radiofenix.com.ar\/2023\/wp-json\/wp\/v2\/posts\/193436\/revisions"}],"wp:featuredmedia":[{"embeddable":true,"href":"https:\/\/radiofenix.com.ar\/2023\/wp-json\/wp\/v2\/media\/193437"}],"wp:attachment":[{"href":"https:\/\/radiofenix.com.ar\/2023\/wp-json\/wp\/v2\/media?parent=193436"}],"wp:term":[{"taxonomy":"category","embeddable":true,"href":"https:\/\/radiofenix.com.ar\/2023\/wp-json\/wp\/v2\/categories?post=193436"},{"taxonomy":"post_tag","embeddable":true,"href":"https:\/\/radiofenix.com.ar\/2023\/wp-json\/wp\/v2\/tags?post=193436"}],"curies":[{"name":"wp","href":"https:\/\/api.w.org\/{rel}","templated":true}]}}