{"id":193452,"date":"2024-02-23T08:57:28","date_gmt":"2024-02-23T08:57:28","guid":{"rendered":"https:\/\/radiofenix.com.ar\/2023\/peleo-con-la-novia-amenazo-con-suicidarse-le-apunto-a-un-policia-y-termino-muerto\/"},"modified":"2024-02-23T08:57:28","modified_gmt":"2024-02-23T08:57:28","slug":"peleo-con-la-novia-amenazo-con-suicidarse-le-apunto-a-un-policia-y-termino-muerto","status":"publish","type":"post","link":"https:\/\/radiofenix.com.ar\/2023\/peleo-con-la-novia-amenazo-con-suicidarse-le-apunto-a-un-policia-y-termino-muerto\/","title":{"rendered":"Pele\u00f3 con la novia, amenaz\u00f3 con suicidarse, le apunt\u00f3 a un polic\u00eda y termin\u00f3 muerto"},"content":{"rendered":"<div>\n<figure class=\"mb-3\"><img decoding=\"async\" src=\"https:\/\/www.telam.com.ar\/thumbs\/bluesteel\/advf\/imagenes\/2023\/07\/64b9597a18282_1200.gif\" class=\" lazy \" width=\"100%\" height=\"100%\" alt=\"Segn la versin policial el joven de 18 aos al notar la presencia de los agentes apunt su arma contra uno de los efectivos\"\/><figcaption> Seg\u00fan la versi\u00f3n policial, el joven de 18 a\u00f1os, al notar la presencia de los agentes, apunt\u00f3 su arma contra uno de los efectivos. <\/figcaption><\/figure>\n<p> Un polic\u00eda bonaerense mat\u00f3 este martes de un disparo en el pecho a un joven de 18 a\u00f1os luego de que \u00e9ste le apuntara con el arma de fuego con la que ya se hab\u00eda pegado un tiro en un pie y amenazaba con suicidarse, tras una pelea con su novia, sobre la <strong>autopista Panamericana, a la altura del partido bonaerense de Vicente L\u00f3pez<\/strong>, informaron fuentes policiales y judiciales.<\/p>\n<p>El <strong>episodio ocurri\u00f3 alrededor de las 2 de esta madrugada<\/strong> sobre el cruce de la mencionada autov\u00eda y la calle Ugarte, en la localidad de Munro, en el norte del conurbano bonaerense, cuando personal policial recibi\u00f3 un llamado al 911 que alertaba sobre una persona que iba a pie empu\u00f1ando un arma de fuego con supuestas intenciones de quitarse la vida.<\/p>\n<p>Voceros policiales y judiciales indicaron a T\u00e9lam se trataba de un joven de 18 a\u00f1os identificado como Ezequiel Caetano Coronel, quien cruzaba por la autopista de un lado al otro amenazando con suicidarse con un <strong>rev\u00f3lver calibre 38<\/strong>, tras haber mantenido una discusi\u00f3n con su novia, de 17 a\u00f1os, que quer\u00eda finalizar su relaci\u00f3n con \u00e9l.<\/p>\n<p>\u00abSi vos me dej\u00e1s, yo me mato\u00bb, fue una de las frases que Ezequiel le dijo a su pareja durante la pelea, en la cual el joven se autodispar\u00f3 en su pie derecho.<\/p>\n<p>Luego de eso, Coronel comenz\u00f3 a dispararle a los autos que circulaban por la autopista, aunque ninguna persona result\u00f3 herida.<\/p>\n<p>Fuentes de la investigaci\u00f3n aseguraron que <strong>Coronel se encontraba acompa\u00f1ado por varios familiares que intentaban convencerlo que desista de su accionar<\/strong> cuando un m\u00f3vil de la Estaci\u00f3n de Polic\u00eda Departamental de Seguridad (EPDS) de Vicente L\u00f3pez se present\u00f3 en el lugar.<\/p>\n<h2 class=\"\">Testimonio policial<\/h2>\n<p>Seg\u00fan la versi\u00f3n policial, el joven de 18 a\u00f1os, al notar la presencia de los agentes, apunt\u00f3 su arma, un rev\u00f3lver calibre 38 cromado, pero algo oxidado, contra <strong>uno de los efectivos, que se desempe\u00f1a como sargento en la Unidad de Polic\u00eda de Prevenci\u00f3n Local (UPPL) de Vicente L\u00f3pez.<\/strong><\/p>\n<p>En esas circunstancias, el sargento le dio la voz de alto, pero se escuch\u00f3 una detonaci\u00f3n y el polic\u00eda dispar\u00f3 con su pistola reglamentaria contra Coronel, quien recibi\u00f3 un balazo en la parte izquierda de su pecho cayendo herido sobre el asfalto.<\/p>\n<p>A continuaci\u00f3n, el joven debi\u00f3 ser trasladado de urgencia al hospital municipal Bernardo Houssay, emplazado a unas 30 cuadras del lugar del hecho.<\/p>\n<p>En aquel centro de salud, el joven convaleciente fue intervenido quir\u00fargicamente, aunque finalmente falleci\u00f3 producto de la herida de bala que padeci\u00f3.<\/p>\n<p>Por otra parte, fuentes judiciales precisaron que <strong>Ezequiel no registraba antecedentes penales, viv\u00eda en Jos\u00e9 C. Paz y trabajaba en una hamburgueser\u00eda.<\/strong><\/p>\n<p>\u00abEl joven ten\u00eda un problema de adicciones. \u00c9l manten\u00eda una relaci\u00f3n muy t\u00f3xica con su pareja. Todo hace presumir que tambi\u00e9n quer\u00eda ultimar a la novia con el arma que llevaba consigo\u00bb, detall\u00f3 un investigador con acceso al expediente.<\/p>\n<p>A partir de lo sucedido y al estar involucrado personal de la Polic\u00eda bonaerense, se design\u00f3 a Gendarmer\u00eda Nacional (GNA) para las pericias correspondientes.<\/p>\n<p>Los peritos <strong>secuestraron el rev\u00f3lver 38 <\/strong>que se encontraba en posesi\u00f3n del fallecido, junto a cuatro vainas servidas pertenecientes al arma de fuego que portaba.<\/p>\n<p>Adem\u00e1s,<strong> se incaut\u00f3 la pistola Bersa Thunder 9 mil\u00edmetros reglamentaria del sargento y la vaina del disparo que efectu\u00f3 contra Coronel.<\/strong><\/p>\n<p>Las fuentes policiales confirmaron que la operaci\u00f3n de autopsia del joven se realizar\u00e1 en la morgue judicial de Lomas de Zamora<\/p>\n<p>El fiscal Gast\u00f3n Larramendi, titular de la Unidad Funcional de Instrucci\u00f3n (UFI) de Vicente L\u00f3pez Oeste, se hizo presente en la escena del hecho y no tom\u00f3 temperamento alguno para con el polic\u00eda al considerar por el momento que actu\u00f3 en leg\u00edtima defensa.<\/p>\n<p>Finalmente, el representante del Ministerio P\u00fablico Fiscal orden\u00f3 una serie de pericias para determinar con mayor precisi\u00f3n las circunstancias de lo ocurrido.<\/p>\n<ul style=\"background:#80b6f3; border-radius:5px; padding: 20px; font-size:16px; color:#000000;\">\n<li style=\"margin-bottom:5px; font-weight: bold;\">\n<h3>SALUD MENTAL<\/h3>\n<\/li>\n<li style=\"margin-bottom:5px; \">\n<h4>L\u00ednea telef\u00f3nica nacional: <a href=\"tel:08009990091\">0800-999-0091<\/a><\/h4>\n<\/li>\n<li style=\"margin-bottom:5px; \"><strong>El suicidio se puede prevenir. Hablar NO incrementa el riesgo.<\/strong><\/li>\n<li style=\"margin-bottom:10px; \">Atenci\u00f3n, informaci\u00f3n y acompa\u00f1amiento las 24hs.<\/li>\n<\/ul>\n<\/div>\n<p><script async defer crossorigin=\"anonymous\" src=\"https:\/\/connect.facebook.net\/es_LA\/sdk.js#xfbml=1&#038;version=v12.0\" nonce=\"SBlHQzIF\"><\/script><br \/><a href=\"https:\/\/www.telam.com.ar\/notas\/202402\/655665-policia-panamericana-muerte-suicidio.html\">source<\/a><\/p>\n","protected":false},"excerpt":{"rendered":"<p>Seg\u00fan la versi\u00f3n policial, el joven de 18 a\u00f1os, al notar la presencia de los&#8230;<\/p>\n","protected":false},"author":0,"featured_media":193453,"comment_status":"open","ping_status":"open","sticky":false,"template":"","format":"standard","meta":{"footnotes":""},"categories":[64],"tags":[],"class_list":["post-193452","post","type-post","status-publish","format-standard","has-post-thumbnail","hentry","category-policiales"],"featured_image_urls":{"full":["https:\/\/radiofenix.com.ar\/2023\/wp-content\/uploads\/2024\/02\/wp-header-logo-221.png",1200,675,false],"thumbnail":["https:\/\/radiofenix.com.ar\/2023\/wp-content\/uploads\/2024\/02\/wp-header-logo-221-150x150.png",150,150,true],"medium":["https:\/\/radiofenix.com.ar\/2023\/wp-content\/uploads\/2024\/02\/wp-header-logo-221-300x169.png",300,169,true],"medium_large":["https:\/\/radiofenix.com.ar\/2023\/wp-content\/uploads\/2024\/02\/wp-header-logo-221-768x432.png",640,360,true],"large":["https:\/\/radiofenix.com.ar\/2023\/wp-content\/uploads\/2024\/02\/wp-header-logo-221-1024x576.png",640,360,true],"1536x1536":["https:\/\/radiofenix.com.ar\/2023\/wp-content\/uploads\/2024\/02\/wp-header-logo-221.png",1200,675,false],"2048x2048":["https:\/\/radiofenix.com.ar\/2023\/wp-content\/uploads\/2024\/02\/wp-header-logo-221.png",1200,675,false],"newsium-slider-full":["https:\/\/radiofenix.com.ar\/2023\/wp-content\/uploads\/2024\/02\/wp-header-logo-221.png",1200,675,false],"newsium-featured":["https:\/\/radiofenix.com.ar\/2023\/wp-content\/uploads\/2024\/02\/wp-header-logo-221-1024x576.png",1024,576,true],"newsium-medium":["https:\/\/radiofenix.com.ar\/2023\/wp-content\/uploads\/2024\/02\/wp-header-logo-221-720x475.png",720,475,true]},"author_info":{"info":[""]},"category_info":"<a href=\"https:\/\/radiofenix.com.ar\/2023\/category\/policiales\/\" rel=\"category tag\">Policiales<\/a>","tag_info":"Policiales","comment_count":"0","_links":{"self":[{"href":"https:\/\/radiofenix.com.ar\/2023\/wp-json\/wp\/v2\/posts\/193452","targetHints":{"allow":["GET"]}}],"collection":[{"href":"https:\/\/radiofenix.com.ar\/2023\/wp-json\/wp\/v2\/posts"}],"about":[{"href":"https:\/\/radiofenix.com.ar\/2023\/wp-json\/wp\/v2\/types\/post"}],"replies":[{"embeddable":true,"href":"https:\/\/radiofenix.com.ar\/2023\/wp-json\/wp\/v2\/comments?post=193452"}],"version-history":[{"count":0,"href":"https:\/\/radiofenix.com.ar\/2023\/wp-json\/wp\/v2\/posts\/193452\/revisions"}],"wp:featuredmedia":[{"embeddable":true,"href":"https:\/\/radiofenix.com.ar\/2023\/wp-json\/wp\/v2\/media\/193453"}],"wp:attachment":[{"href":"https:\/\/radiofenix.com.ar\/2023\/wp-json\/wp\/v2\/media?parent=193452"}],"wp:term":[{"taxonomy":"category","embeddable":true,"href":"https:\/\/radiofenix.com.ar\/2023\/wp-json\/wp\/v2\/categories?post=193452"},{"taxonomy":"post_tag","embeddable":true,"href":"https:\/\/radiofenix.com.ar\/2023\/wp-json\/wp\/v2\/tags?post=193452"}],"curies":[{"name":"wp","href":"https:\/\/api.w.org\/{rel}","templated":true}]}}