{"id":193465,"date":"2024-02-25T08:57:37","date_gmt":"2024-02-25T08:57:37","guid":{"rendered":"https:\/\/radiofenix.com.ar\/2023\/voraz-incendio-en-un-edificio-en-valencia-ya-son-diez-los-muertos\/"},"modified":"2024-02-25T08:57:37","modified_gmt":"2024-02-25T08:57:37","slug":"voraz-incendio-en-un-edificio-en-valencia-ya-son-diez-los-muertos","status":"publish","type":"post","link":"https:\/\/radiofenix.com.ar\/2023\/voraz-incendio-en-un-edificio-en-valencia-ya-son-diez-los-muertos\/","title":{"rendered":"Voraz incendio en un edificio en Valencia: ya son diez los muertos"},"content":{"rendered":"<div>\n<figure class=\"mb-3\"><img decoding=\"async\" src=\"https:\/\/www.telam.com.ar\/thumbs\/bluesteel\/advf\/imagenes\/2024\/02\/65d89405c1f07_1200.jpg\" class=\" lazy \" width=\"100%\" height=\"100%\" alt=\"Foto AFP\"\/><figcaption> Foto: AFP. <\/figcaption><\/figure>\n<p> Las muertes confirmadas en el incendio de dos edificios en el barrio valenciano de Campanar asciende a diez, seg\u00fan inform\u00f3 la delegada del Gobierno en la Comunitat Valenciana, Pilar Bernab\u00e9 al tiempo que la titular del Juzgado de Instrucci\u00f3n n\u00famero 10 lleva adelante la<strong> investigaci\u00f3n para conocer las causas y circunstancias del episodio.<\/strong><\/p>\n<p>\u00abPodemos confirmar que, en una primera inspecci\u00f3n, la polic\u00eda cient\u00edfica ha determinado <strong>10 cuerpos, 10 v\u00edctimas mortales<\/strong>\u00ab, declar\u00f3 a la prensa Bernab\u00e9.<\/p>\n<p>La comisi\u00f3n judicial, compuesta por la magistrada, el letrado de la Administraci\u00f3n de Justicia de su juzgado y cuatro equipos forenses <strong>se desplazaron al lugar del suceso para proceder al levantamiento de los restos mortales de cinco posibles v\u00edctimas<\/strong>, ordenar que se les realicen las correspondientes autopsias y se practiquen las diligencias necesarias para su identificaci\u00f3n.<\/p>\n<p>En tanto, la alcaldesa de Valencia, Mar\u00eda Jos\u00e9 Catal\u00e1, dijo que hay <strong>\u00abentre 9 y 15 personas que no est\u00e1n localizadas\u00bb<\/strong>, seg\u00fan datos de la polic\u00eda local y de residentes del edificio.<\/p>\n<p>Por su parte, <strong>los bomberos a\u00fan no han podido acceder al edificio del barrio de El Campanar<\/strong>, donde el incendio se declar\u00f3 el jueves a las 17.30 horas (13.30 de Argentina) en el cuarto piso, antes de extenderse a una velocidad espectacular.<\/p>\n<p>\u00abNo se puede indicar de momento cuando se va a poder entrar dentro de la estructura\u00bb, as\u00ed que de momento<strong> \u00abel objetivo es continuar enfriando\u00bb, dijo Jorge Su\u00e1rez Torres.<\/strong><\/p>\n<p>\u00abAhora hay mismo tambi\u00e9n hay riesgo, hasta que no se enfr\u00ede la estructura, no se puede arriesgar a entrar\u00bb por peligro a que \u00abcolapse alg\u00fan elemento que produzca mas da\u00f1os personales, dijo este viernes a la radio p\u00fablica RNE, Luis Sendra, decano del colegio de arquitectos de Valencia.<\/p>\n<p><figure class=\"mb-3\"><img decoding=\"async\" src=\"https:\/\/www.telam.com.ar\/thumbs\/bluesteel\/advf\/imagenes\/2024\/02\/65d7a2a4330fc.02.2024%20foto%20afp_1200.jpg\" class=\" lazy \" width=\"100%\" height=\"100%\" alt=\"Foto AFP\"\/><figcaption> Foto: AFP. <\/figcaption><\/figure>\n<p>Asimismo, el presidente regional de Valencia, Carlos Maz\u00f3n, dijo este viernes a periodistas que <strong>quince personas fueron atendidas con lesiones de diversa consideraci\u00f3n<\/strong>, entre ellas siete bomberos.<\/p>\n<p><strong>Seis de estas 15 personas siguen hospitalizadas pero sus vidas no corren peligro<\/strong>, afirm\u00f3.<\/p>\n<p>Las llamas engulleron casi por completo el edificio muy r\u00e1pidamente, dejando impresionantes im\u00e1genes del edificio, de dos bloques pegados y 138 apartamentos, construido hace poco m\u00e1s de una d\u00e9cada, completamente en llamas.<\/p>\n<p>En declaraciones a la televisi\u00f3n regional valenciana A Punt, la vicepresidenta del Colegio de Ingenieros T\u00e9cnicos Industriales de Valencia, Esther Puchades,<strong> atribuy\u00f3 la voracidad del incendio a un revestimiento de poliuretano en la fachada<\/strong>, un material muy inflamable.<\/p>\n<p>Hace algunos a\u00f1os, en junio de 2017, unas 72 personas murieron en el incendio del edificio Grenfell de Londres, debido a un revestimiento similar.<\/p>\n<p><figure class=\"mb-3\"><img decoding=\"async\" src=\"https:\/\/www.telam.com.ar\/thumbs\/bluesteel\/advf\/imagenes\/2024\/02\/65d7a2a44f811_1200.jpg\" class=\" lazy \" width=\"100%\" height=\"100%\" alt=\"Foto AFP\"\/><figcaption> Foto: AFP. <\/figcaption><\/figure>\n<p>\u00abConsternado ante el terrible incendio en un edificio de Valencia\u00bb, escribi\u00f3 el presidente del gobierno espa\u00f1ol, Pedro S\u00e1nchez, en X.<\/p>\n<p>S\u00e1nchez dijo que habl\u00f3 con las autoridades locales para \u00abconocer de primera mano la situaci\u00f3n y ofrecer toda la ayuda que sea necesaria\u00bb.<\/p>\n<p>\u00abQuiero trasladar mi solidaridad a todas las personas afectadas\u00bb, a\u00f1adi\u00f3.<\/p>\n<blockquote class=\"twitter-tweet\">\n<p lang=\"es\" dir=\"ltr\">Consternado ante el terrible incendio en un edificio de Valencia.<\/p>\n<p>Acabo de hablar con el presidente <a href=\"https:\/\/twitter.com\/carlos_mazon_?ref_src=twsrc%5Etfw\">@carlos_mazon_<\/a> y la alcaldesa <a href=\"https:\/\/twitter.com\/mjosecatala?ref_src=twsrc%5Etfw\">@mjosecatala<\/a> para conocer de primera mano la situaci\u00f3n y ofrecer toda la ayuda que sea necesaria.<\/p>\n<p>Quiero trasladar mi solidaridad a todas las\u2026<\/p>\n<p>\u2014 Pedro S\u00e1nchez (@sanchezcastejon) <a href=\"https:\/\/twitter.com\/sanchezcastejon\/status\/1760735802030485533?ref_src=twsrc%5Etfw\">February 22, 2024<\/a><\/p><\/blockquote>\n<p> El fuerte viento que afect\u00f3 a Valencia, con rachas de entre 50 y 60 km\/h en el momento del incendio, seg\u00fan la agencia meteorol\u00f3gica espa\u00f1ola (Aemet), dificultaba mucho las tareas de extinci\u00f3n.<\/p>\n<p>Una mujer propietaria de una florer\u00eda ubicada cerca del edificio incendiado dijo a la televisi\u00f3n p\u00fablica TVE que se produjeron <strong>escenas de \u00abcaos\u00bb, con \u00abtr\u00e1fico, polic\u00eda, el humo\u00bb.<\/strong><\/p>\n<p>Otro vecino explic\u00f3 que la construcci\u00f3n ardi\u00f3 a una velocidad incre\u00edble: \u00abEra como si el edificio fuera de corcho\u00bb, describi\u00f3.<\/p>\n<p><figure class=\"mb-3\"><img decoding=\"async\" src=\"https:\/\/www.telam.com.ar\/thumbs\/bluesteel\/advf\/imagenes\/2024\/02\/65d7ec7aa2526_1200.jpg\" class=\" lazy \" width=\"100%\" height=\"100%\" alt=\"Foto AFP\"\/><figcaption> Foto: AFP. <\/figcaption><\/figure>\n<p><\/p>\n<\/div>\n<p><script async src=\"\/\/platform.twitter.com\/widgets.js\" charset=\"utf-8\"><\/script><script async defer crossorigin=\"anonymous\" src=\"https:\/\/connect.facebook.net\/es_LA\/sdk.js#xfbml=1&#038;version=v12.0\" nonce=\"SBlHQzIF\"><\/script><br \/><a href=\"https:\/\/www.telam.com.ar\/notas\/202402\/656012-incendio-valencia.html\">source<\/a><\/p>\n","protected":false},"excerpt":{"rendered":"<p>Foto: AFP. Las muertes confirmadas en el incendio de dos edificios en el barrio valenciano&#8230;<\/p>\n","protected":false},"author":0,"featured_media":193466,"comment_status":"open","ping_status":"open","sticky":false,"template":"","format":"standard","meta":{"footnotes":""},"categories":[60],"tags":[],"class_list":["post-193465","post","type-post","status-publish","format-standard","has-post-thumbnail","hentry","category-internacional"],"featured_image_urls":{"full":["https:\/\/radiofenix.com.ar\/2023\/wp-content\/uploads\/2024\/02\/wp-header-logo-227.png",1200,675,false],"thumbnail":["https:\/\/radiofenix.com.ar\/2023\/wp-content\/uploads\/2024\/02\/wp-header-logo-227-150x150.png",150,150,true],"medium":["https:\/\/radiofenix.com.ar\/2023\/wp-content\/uploads\/2024\/02\/wp-header-logo-227-300x169.png",300,169,true],"medium_large":["https:\/\/radiofenix.com.ar\/2023\/wp-content\/uploads\/2024\/02\/wp-header-logo-227-768x432.png",640,360,true],"large":["https:\/\/radiofenix.com.ar\/2023\/wp-content\/uploads\/2024\/02\/wp-header-logo-227-1024x576.png",640,360,true],"1536x1536":["https:\/\/radiofenix.com.ar\/2023\/wp-content\/uploads\/2024\/02\/wp-header-logo-227.png",1200,675,false],"2048x2048":["https:\/\/radiofenix.com.ar\/2023\/wp-content\/uploads\/2024\/02\/wp-header-logo-227.png",1200,675,false],"newsium-slider-full":["https:\/\/radiofenix.com.ar\/2023\/wp-content\/uploads\/2024\/02\/wp-header-logo-227.png",1200,675,false],"newsium-featured":["https:\/\/radiofenix.com.ar\/2023\/wp-content\/uploads\/2024\/02\/wp-header-logo-227-1024x576.png",1024,576,true],"newsium-medium":["https:\/\/radiofenix.com.ar\/2023\/wp-content\/uploads\/2024\/02\/wp-header-logo-227-720x475.png",720,475,true]},"author_info":{"info":[""]},"category_info":"<a href=\"https:\/\/radiofenix.com.ar\/2023\/category\/internacional\/\" rel=\"category tag\">Internacional<\/a>","tag_info":"Internacional","comment_count":"0","_links":{"self":[{"href":"https:\/\/radiofenix.com.ar\/2023\/wp-json\/wp\/v2\/posts\/193465","targetHints":{"allow":["GET"]}}],"collection":[{"href":"https:\/\/radiofenix.com.ar\/2023\/wp-json\/wp\/v2\/posts"}],"about":[{"href":"https:\/\/radiofenix.com.ar\/2023\/wp-json\/wp\/v2\/types\/post"}],"replies":[{"embeddable":true,"href":"https:\/\/radiofenix.com.ar\/2023\/wp-json\/wp\/v2\/comments?post=193465"}],"version-history":[{"count":0,"href":"https:\/\/radiofenix.com.ar\/2023\/wp-json\/wp\/v2\/posts\/193465\/revisions"}],"wp:featuredmedia":[{"embeddable":true,"href":"https:\/\/radiofenix.com.ar\/2023\/wp-json\/wp\/v2\/media\/193466"}],"wp:attachment":[{"href":"https:\/\/radiofenix.com.ar\/2023\/wp-json\/wp\/v2\/media?parent=193465"}],"wp:term":[{"taxonomy":"category","embeddable":true,"href":"https:\/\/radiofenix.com.ar\/2023\/wp-json\/wp\/v2\/categories?post=193465"},{"taxonomy":"post_tag","embeddable":true,"href":"https:\/\/radiofenix.com.ar\/2023\/wp-json\/wp\/v2\/tags?post=193465"}],"curies":[{"name":"wp","href":"https:\/\/api.w.org\/{rel}","templated":true}]}}