{"id":193467,"date":"2024-02-25T08:57:40","date_gmt":"2024-02-25T08:57:40","guid":{"rendered":"https:\/\/radiofenix.com.ar\/2023\/piden-la-captura-internacional-de-los-profugos-por-el-crimen-del-funcionario-de-la-matanza\/"},"modified":"2024-02-25T08:57:40","modified_gmt":"2024-02-25T08:57:40","slug":"piden-la-captura-internacional-de-los-profugos-por-el-crimen-del-funcionario-de-la-matanza","status":"publish","type":"post","link":"https:\/\/radiofenix.com.ar\/2023\/piden-la-captura-internacional-de-los-profugos-por-el-crimen-del-funcionario-de-la-matanza\/","title":{"rendered":"Piden la captura internacional de los pr\u00f3fugos por el crimen del funcionario de La Matanza"},"content":{"rendered":"<div>\n<figure class=\"mb-3\"><img decoding=\"async\" src=\"https:\/\/www.telam.com.ar\/thumbs\/bluesteel\/advf\/imagenes\/2024\/02\/65d60e3033459_1200.jpg\" class=\" lazy \" width=\"100%\" height=\"100%\" alt=\"El empresario asesinado Foto Archivo Tlam\"\/><figcaption> El empresario asesinado. \/ Foto: Archivo T\u00e9lam. <\/figcaption><\/figure>\n<p><strong>Dos adolescentes<\/strong> de 17 a\u00f1os <strong>son los sospechosos buscados como presuntos autores del crimen del subdirector<\/strong> de la Secretar\u00eda<strong> de Protecci\u00f3n Ciudadana de La Matanza asesinado<\/strong> de al menos un balazo el martes pasado en un asalto cometido a metros de su casa en la localidad bonaerense de San Justo, y tras una serie de allanamientos donde no pudieron ser localizados, la Justicia ya dict\u00f3 su captura nacional e internacional, informaron este viernes fuentes judiciales.<\/p>\n<p>Los informantes explicaron a T\u00e9lam que al tratarse de menores de edad, el expediente por el homicidio de Roberto Eduardo Mac Donald (62) pas\u00f3 a la Fiscal\u00eda Penal Juvenil 1 de La Matanza, a cargo del fiscal Juan Pablo Volpicina.<\/p>\n<p>A pedido del fiscal, el titular del Juzgado de Responsabilidad Penal Juvenil 2 de La Matanza, Ra\u00fal Elhart, ya dict\u00f3 para ambos sospechosos -sus identidades se resguardan por tratarse de menores de edad-, su captura nacional e internacional.<\/p>\n<p>El fiscal Volpicina en persona estuvo este jueves al frente de varios allanamientos vinculados a la causa en la zona de Isidro Casanova y Rafael Castillo, que resultaron negativos en la b\u00fasqueda de los adolescentes imputados.<\/p>\n<p>Las fuentes adelantaron que este viernes habr\u00e1 nuevos procedimientos en otros domicilios y objetivos de La Matanza, con el fin de encontrarlos.<\/p>\n<p>A horas de cometido el hecho, un jefe policial ya hab\u00eda informado a T\u00e9lam que los autores estaban \u00abidentificados \u00aby que en los primeros allanamientos se pudo recuperar la moto empleada en el hecho.<\/p>\n<p>El crimen de Mac Donald (62), retirado de la Prefectura Naval Argentina, fue el martes pasado a las 21.18, en la esquina de las calles Mendoza y Chile de San Justo, cuando el funcionario llegaba con su camioneta Volkswagen Amarok negra al garaje vecinal donde la estacionaba, a 50 metros de su propia vivienda.<\/p>\n<p>Toda<strong> la escena qued\u00f3 grabada por una c\u00e1mara de seguridad que se convirti\u00f3 en una pieza clave de la investigaci\u00f3n<\/strong>.<\/p>\n<p>En el video -al que accedi\u00f3 T\u00e9lam-, se observa que diez segundos despu\u00e9s de subir de trompa a la vereda, el funcionario municipal abre la puerta y baja del veh\u00edculo y que, unos instantes m\u00e1s tarde, aparece en escena una moto Honda XRE 300 negra, con dos ocupantes, que frena detr\u00e1s de la camioneta.<\/p>\n<p>Si bien parte de la acci\u00f3n ocurre detr\u00e1s de unos \u00e1rboles y del veh\u00edculo, se visualiza que el acompa\u00f1ante de la moto desciende y se dirige hacia donde Mac Donald estaba abriendo el port\u00f3n del garaje y, seg\u00fan los voceros judiciales, comenz\u00f3 a disparar cuando el funcionario al parecer quiso resistirse al robo con un arma propia.<\/p>\n<p>En ese marco, Mac Donald recibi\u00f3 un disparo en la zona dorsal que luego le caus\u00f3 la muerte, cuando era atendido en el Hospital de Agudos Diego Paroissien de Isidro Casanova.<\/p>\n<p>Las fuentes indicaron que el delincuente se acerc\u00f3 para tomar el arma del prefecto retirado y con ella volvi\u00f3 a abordar la moto y escap\u00f3 a toda velocidad con su c\u00f3mplice, en un secuencia homicida que, entre la llegada de la v\u00edctima y la fuga de los asesinos, dur\u00f3 s\u00f3lo 52 segundos.<\/p>\n<p>Varios vecinos se acercaron al escuchar los disparos y ayudaron a cargar al hombre en la caja de una camioneta perteneciente a la Unidad T\u00e1ctica de Operaciones Inmediatas (UTOI) de la polic\u00eda, que lo llev\u00f3 al hospital sin esperar que llegue una ambulancia.<\/p>\n<p>Mac Donald lleg\u00f3 consciente y hablando al hospital, pero luego fue ingresado al quir\u00f3fano y all\u00ed falleci\u00f3 por la gravedad de sus heridas.<\/p>\n<p>En el caso, primero intervino la fiscal de turno, Andrea Palin, de la Unidad Funcional de Instrucci\u00f3n (UFI) 9 de La Matanza, pero al fallecer la v\u00edctima, las actuaciones fueron giradas a su colega Carlos Arribas, de la UFI Tem\u00e1tica de Homicidios del mismo departamento judicial, aunque ahora, al tratarse imputados menores, pas\u00f3 al fiscal Voloicina.<\/p>\n<p>Voceros del municipio explicaron que el cargo que ten\u00eda Mac Donald como subdirector de la Secretar\u00eda de Protecci\u00f3n Ciudadana, era la coordinaci\u00f3n de los corredores escolares, entre otras tareas que lleva adelante la Guardia Urbana.<\/p>\n<p>Tambi\u00e9n esa unidad se ocupa de dar apoyo en cat\u00e1strofes clim\u00e1ticas, inundaciones, tornados, cortes de cables de tendido el\u00e9ctrico y ca\u00eddas de \u00e1rboles y carteles.<\/p>\n<p>Mac Donald en marzo cumpl\u00eda 10 a\u00f1os como empleado en la municipalidad, y siempre actu\u00f3 como jefe de la mencionada Guardia Urbana, pero en 2019 fue nombrado como subdirector. <\/p>\n<\/div>\n<p><script async defer crossorigin=\"anonymous\" src=\"https:\/\/connect.facebook.net\/es_LA\/sdk.js#xfbml=1&#038;version=v12.0\" nonce=\"SBlHQzIF\"><\/script><br \/><a href=\"https:\/\/www.telam.com.ar\/notas\/202402\/656070-crimen-la-matanza-funcionario-joven-profugo-fiscalia-penal.html\">source<\/a><\/p>\n","protected":false},"excerpt":{"rendered":"<p>El empresario asesinado. \/ Foto: Archivo T\u00e9lam. Dos adolescentes de 17 a\u00f1os son los sospechosos&#8230;<\/p>\n","protected":false},"author":0,"featured_media":193468,"comment_status":"open","ping_status":"open","sticky":false,"template":"","format":"standard","meta":{"footnotes":""},"categories":[64],"tags":[],"class_list":["post-193467","post","type-post","status-publish","format-standard","has-post-thumbnail","hentry","category-policiales"],"featured_image_urls":{"full":["https:\/\/radiofenix.com.ar\/2023\/wp-content\/uploads\/2024\/02\/wp-header-logo-228.png",1200,675,false],"thumbnail":["https:\/\/radiofenix.com.ar\/2023\/wp-content\/uploads\/2024\/02\/wp-header-logo-228-150x150.png",150,150,true],"medium":["https:\/\/radiofenix.com.ar\/2023\/wp-content\/uploads\/2024\/02\/wp-header-logo-228-300x169.png",300,169,true],"medium_large":["https:\/\/radiofenix.com.ar\/2023\/wp-content\/uploads\/2024\/02\/wp-header-logo-228-768x432.png",640,360,true],"large":["https:\/\/radiofenix.com.ar\/2023\/wp-content\/uploads\/2024\/02\/wp-header-logo-228-1024x576.png",640,360,true],"1536x1536":["https:\/\/radiofenix.com.ar\/2023\/wp-content\/uploads\/2024\/02\/wp-header-logo-228.png",1200,675,false],"2048x2048":["https:\/\/radiofenix.com.ar\/2023\/wp-content\/uploads\/2024\/02\/wp-header-logo-228.png",1200,675,false],"newsium-slider-full":["https:\/\/radiofenix.com.ar\/2023\/wp-content\/uploads\/2024\/02\/wp-header-logo-228.png",1200,675,false],"newsium-featured":["https:\/\/radiofenix.com.ar\/2023\/wp-content\/uploads\/2024\/02\/wp-header-logo-228-1024x576.png",1024,576,true],"newsium-medium":["https:\/\/radiofenix.com.ar\/2023\/wp-content\/uploads\/2024\/02\/wp-header-logo-228-720x475.png",720,475,true]},"author_info":{"info":[""]},"category_info":"<a href=\"https:\/\/radiofenix.com.ar\/2023\/category\/policiales\/\" rel=\"category tag\">Policiales<\/a>","tag_info":"Policiales","comment_count":"0","_links":{"self":[{"href":"https:\/\/radiofenix.com.ar\/2023\/wp-json\/wp\/v2\/posts\/193467","targetHints":{"allow":["GET"]}}],"collection":[{"href":"https:\/\/radiofenix.com.ar\/2023\/wp-json\/wp\/v2\/posts"}],"about":[{"href":"https:\/\/radiofenix.com.ar\/2023\/wp-json\/wp\/v2\/types\/post"}],"replies":[{"embeddable":true,"href":"https:\/\/radiofenix.com.ar\/2023\/wp-json\/wp\/v2\/comments?post=193467"}],"version-history":[{"count":0,"href":"https:\/\/radiofenix.com.ar\/2023\/wp-json\/wp\/v2\/posts\/193467\/revisions"}],"wp:featuredmedia":[{"embeddable":true,"href":"https:\/\/radiofenix.com.ar\/2023\/wp-json\/wp\/v2\/media\/193468"}],"wp:attachment":[{"href":"https:\/\/radiofenix.com.ar\/2023\/wp-json\/wp\/v2\/media?parent=193467"}],"wp:term":[{"taxonomy":"category","embeddable":true,"href":"https:\/\/radiofenix.com.ar\/2023\/wp-json\/wp\/v2\/categories?post=193467"},{"taxonomy":"post_tag","embeddable":true,"href":"https:\/\/radiofenix.com.ar\/2023\/wp-json\/wp\/v2\/tags?post=193467"}],"curies":[{"name":"wp","href":"https:\/\/api.w.org\/{rel}","templated":true}]}}